{"id":3015,"date":"2025-09-15T18:46:43","date_gmt":"2025-09-15T15:46:43","guid":{"rendered":"https:\/\/avukatimtv.com\/?p=3015"},"modified":"2025-09-15T18:46:43","modified_gmt":"2025-09-15T15:46:43","slug":"unlu-sef-ayni-gunde-uc-banka-soydu","status":"publish","type":"post","link":"https:\/\/avukatimtv.com\/index.php\/2025\/09\/15\/unlu-sef-ayni-gunde-uc-banka-soydu\/","title":{"rendered":"\u00dcnl\u00fc \u015fef ayn\u0131 g\u00fcnde \u00fc\u00e7 banka soydu"},"content":{"rendered":"<h2 id=\"spot\" class=\"mt10 haber_ozet\">Bir zamanlar ABD&#8217;nin en g\u00f6zde \u0130talyan \u015feflerinden biri olan Valentino Luchin, ayn\u0131 g\u00fcn i\u00e7inde \u00fc\u00e7 farkl\u0131 banka \u015fubesini soymaya \u00e7al\u0131\u015ft\u0131\u011f\u0131 gerek\u00e7esiyle tutukland\u0131.<\/h2>\n<div class=\"news-detail-container\">\n<div class=\"left-block\">\n<div class=\"wrapper detay-v3_3 haber_metni\">\n<p>ABD&#8217;nin tan\u0131nm\u0131\u015f \u0130talyan mutfa\u011f\u0131 \u015feflerinden\u00a0Valentino\u00a0Luchin, 10\u00a0Eyl\u00fcl\u00a0\u00c7ar\u015famba g\u00fcn\u00fc \u015fehir merkezinde \u00fc\u00e7 banka \u015fubesini ayn\u0131 g\u00fcn i\u00e7inde soymakla su\u00e7lanarak tutukland\u0131.<\/p>\n<h3>\u0130FLASTAN SU\u00c7A: D\u00dc\u015e\u00dc\u015e\u00dcN BA\u015eLANGICI<\/h3>\n<p>\u0130talya&#8217;dan 1993 y\u0131l\u0131nda ABD&#8217;ye g\u00f6\u00e7 eden Luchin,\u00a0San Francisco&#8217;nun k\u00f6kl\u00fc restoranlar\u0131ndan Rose Pistola&#8217;da ba\u015flad\u0131\u011f\u0131 kariyerinde h\u0131zla y\u00fckseldi. Ard\u0131ndan e\u015fiyle birlikte kendi restoran\u0131 Ottavio&#8217;yu a\u00e7t\u0131. Ancak restoran 2016 y\u0131l\u0131nda kapand\u0131 ve \u00e7ift, 2015&#8217;te mali sorunlar nedeniyle iflas ba\u015fvurusunda bulundu. Bu d\u00f6nem, \u015fefin hayat\u0131nda k\u0131r\u0131lma noktas\u0131 oldu.<\/p>\n<\/div>\n<p><img decoding=\"async\" src=\"https:\/\/foto.sondakika.com\/haber\/2025\/09\/15\/unlu-sef-ayni-gunde-uc-banka-birden-soydu-19050965_8865_m.jpg\" alt=\"\u00dcnl\u00fc \u015fef ayn\u0131 g\u00fcnde \u00fc\u00e7 banka birden soydu\" \/><\/p>\n<h3>\u0130LK SOYGUNUNU 2018&#8217;DE YAPTI<\/h3>\n<p>Luchin&#8217;in adli siciline ilk kez 2018 y\u0131l\u0131nda, Orinda&#8217;da bir banka soygunu nedeniyle i\u015flem yap\u0131ld\u0131. Sahte silah, eldiven ve g\u00fcne\u015f g\u00f6zl\u00fc\u011f\u00fcyle girdi\u011fi bankadan 18 bin dolar alarak ka\u00e7an Luchin, k\u0131sa s\u00fcre sonra yakaland\u0131. O d\u00f6nem, hapishaneden verdi\u011fi bir r\u00f6portajda, plan\u0131n\u0131n yanl\u0131\u015f oldu\u011funu kabul etmi\u015f, ger\u00e7ek silah kullanmad\u0131\u011f\u0131n\u0131 vurgulam\u0131\u015f ve ma\u011fdur banka \u00e7al\u0131\u015fan\u0131na \u00f6z\u00fcr mektubu yazd\u0131\u011f\u0131n\u0131 belirtmi\u015fti.<\/p>\n<h3>AYNI G\u00dcNDE \u00dc\u00c7 BANKA SOYDU<\/h3>\n<p>Aradan ge\u00e7en 7 y\u0131l\u0131n ard\u0131ndan Luchin, bu kez \u00e7ok daha cesur bir su\u00e7la g\u00fcndeme geldi. San Francisco Emniyeti&#8217;ne g\u00f6re, 10 Eyl\u00fcl \u00c7ar\u015famba g\u00fcn\u00fc, Central District b\u00f6lgesindeki \u00fc\u00e7 ayr\u0131 banka \u015fubesine arka arkaya girerek soygun giri\u015fiminde bulundu. Her birinde \u00e7al\u0131\u015fanlara el yaz\u0131s\u0131yla yaz\u0131lm\u0131\u015f notlar vererek para talep etti. En az bir banka \u00e7al\u0131\u015fan\u0131, tehdit alg\u0131layarak paray\u0131 teslim etti.<\/p>\n<\/div>\n<p><img decoding=\"async\" src=\"https:\/\/foto.sondakika.com\/haber\/2025\/09\/15\/unlu-sef-ayni-gunde-uc-banka-soydu-19050965_1013_m.jpg\" alt=\"\u00dcnl\u00fc \u015fef ayn\u0131 g\u00fcnde \u00fc\u00e7 banka soydu\" \/><\/p>\n<\/div>\n<h3>KISA S\u00dcREDE YAKAYI ELE VERD\u0130<\/h3>\n<p>Polis, b\u00f6lgede ya\u015fayan g\u00f6rg\u00fc tan\u0131klar\u0131n\u0131n ifadeleri sayesinde Luchin&#8217;i k\u0131sa s\u00fcrede yakalad\u0131. \u015eu anda San Francisco County Hapishanesi&#8217;nde tutuklu bulunan \u015fef, birden fazla soygun ve soygun giri\u015fimiyle su\u00e7lan\u0131yor.<\/p>\n<h3>&#8220;MUTSUZLUK VE \u00c7ARES\u0130ZL\u0130K, \u0130NSANI ASLA YAPMAM DED\u0130\u011e\u0130 \u015eEYLERE S\u00dcR\u00dcKLEYEB\u0130L\u0130YOR&#8221;<\/h3>\n<p>2018&#8217;deki soygunun ard\u0131ndan verdi\u011fi r\u00f6portajda, &#8220;Mutsuzluk ve \u00e7aresizlik, insan\u0131 asla yapmam dedi\u011fi \u015feylere s\u00fcr\u00fckleyebiliyor.&#8221; diyen Luchin&#8217;in yeniden su\u00e7 i\u015flemesi, ge\u00e7mi\u015fteki pi\u015fmanl\u0131k s\u00f6zlerinin bo\u015fa \u00e7\u0131km\u0131\u015f olabilece\u011fi yorumlar\u0131na neden oldu. Bir d\u00f6nemin prestijli mutfaklar\u0131nda iz b\u0131rakan \u015fefin, bu kez y\u0131llar s\u00fcren bor\u00e7lar ve hayal k\u0131r\u0131kl\u0131klar\u0131 aras\u0131nda daha karanl\u0131k bir yol se\u00e7ti\u011fi g\u00f6r\u00fcl\u00fcyor.<\/p>\n<div class=\"news-detail-container\">\n<div class=\"left-block\">\n<div class=\"wrapper detay-v3_3 haber_metni\">\n<p>&nbsp;<\/p>\n<\/div>\n<\/div>\n<\/div>\n","protected":false},"excerpt":{"rendered":"<p>Bir zamanlar ABD&#8217;nin en g\u00f6zde \u0130talyan \u015feflerinden biri olan Valentino Luchin, ayn\u0131 g\u00fcn i\u00e7inde \u00fc\u00e7 farkl\u0131 banka \u015fubesini soymaya \u00e7al\u0131\u015ft\u0131\u011f\u0131 gerek\u00e7esiyle tutukland\u0131. ABD&#8217;nin tan\u0131nm\u0131\u015f \u0130talyan mutfa\u011f\u0131 \u015feflerinden\u00a0Valentino\u00a0Luchin, 10\u00a0Eyl\u00fcl\u00a0\u00c7ar\u015famba g\u00fcn\u00fc \u015fehir merkezinde \u00fc\u00e7 banka \u015fubesini ayn\u0131 g\u00fcn i\u00e7inde soymakla su\u00e7lanarak tutukland\u0131. \u0130FLASTAN SU\u00c7A: D\u00dc\u015e\u00dc\u015e\u00dcN BA\u015eLANGICI \u0130talya&#8217;dan 1993 y\u0131l\u0131nda ABD&#8217;ye g\u00f6\u00e7 eden Luchin,\u00a0San Francisco&#8217;nun k\u00f6kl\u00fc restoranlar\u0131ndan Rose [&hellip;]<\/p>\n","protected":false},"author":1,"featured_media":3016,"comment_status":"closed","ping_status":"closed","sticky":false,"template":"","format":"standard","meta":{"footnotes":""},"categories":[7,39],"tags":[148,507,22,526,528,527],"class_list":["post-3015","post","type-post","status-publish","format-standard","has-post-thumbnail","hentry","category-gundem","category-haber","tag-hukuk","tag-banka","tag-dunya","tag-gastronomi","tag-italya","tag-valentino"],"_links":{"self":[{"href":"https:\/\/avukatimtv.com\/index.php\/wp-json\/wp\/v2\/posts\/3015","targetHints":{"allow":["GET"]}}],"collection":[{"href":"https:\/\/avukatimtv.com\/index.php\/wp-json\/wp\/v2\/posts"}],"about":[{"href":"https:\/\/avukatimtv.com\/index.php\/wp-json\/wp\/v2\/types\/post"}],"author":[{"embeddable":true,"href":"https:\/\/avukatimtv.com\/index.php\/wp-json\/wp\/v2\/users\/1"}],"replies":[{"embeddable":true,"href":"https:\/\/avukatimtv.com\/index.php\/wp-json\/wp\/v2\/comments?post=3015"}],"version-history":[{"count":1,"href":"https:\/\/avukatimtv.com\/index.php\/wp-json\/wp\/v2\/posts\/3015\/revisions"}],"predecessor-version":[{"id":3017,"href":"https:\/\/avukatimtv.com\/index.php\/wp-json\/wp\/v2\/posts\/3015\/revisions\/3017"}],"wp:featuredmedia":[{"embeddable":true,"href":"https:\/\/avukatimtv.com\/index.php\/wp-json\/wp\/v2\/media\/3016"}],"wp:attachment":[{"href":"https:\/\/avukatimtv.com\/index.php\/wp-json\/wp\/v2\/media?parent=3015"}],"wp:term":[{"taxonomy":"category","embeddable":true,"href":"https:\/\/avukatimtv.com\/index.php\/wp-json\/wp\/v2\/categories?post=3015"},{"taxonomy":"post_tag","embeddable":true,"href":"https:\/\/avukatimtv.com\/index.php\/wp-json\/wp\/v2\/tags?post=3015"}],"curies":[{"name":"wp","href":"https:\/\/api.w.org\/{rel}","templated":true}]}}