{"id":3019,"date":"2025-09-17T19:57:44","date_gmt":"2025-09-17T16:57:44","guid":{"rendered":"https:\/\/avukatimtv.com\/?p=3019"},"modified":"2025-09-17T19:57:44","modified_gmt":"2025-09-17T16:57:44","slug":"cerkezkoyde-ogul-babayi-vurdu","status":"publish","type":"post","link":"https:\/\/avukatimtv.com\/index.php\/2025\/09\/17\/cerkezkoyde-ogul-babayi-vurdu\/","title":{"rendered":"\u00c7erkezk\u00f6y&#8217;de O\u011ful, Babay\u0131 Vurdu"},"content":{"rendered":"<h2 id=\"spot\" class=\"mt10 haber_ozet\">\u00c7erkezk\u00f6y&#8217;de, babas\u0131 Sinan G\u00fcndo\u011fdu&#8217;yu o\u011flu Yusuf, \u015fiddet iddialar\u0131 sonras\u0131 vurdu ve tutukland\u0131.<\/h2>\n<div class=\"news-detail-container\">\n<div class=\"left-block\">\n<div class=\"wrapper detay-v3_3 haber_metni\">\n<p>Tekirda\u011f\u00a0\u00c7erkezk\u00f6y&#8217;de barakada silahla vurulmu\u015f halde bulunan adam\u0131n o\u011flu taraf\u0131ndan silahla vurularak \u00f6ld\u00fcr\u00fcld\u00fc\u011f\u00fc ortaya \u00e7\u0131kt\u0131.<\/p>\n<p>Olay, \u00c7erkezk\u00f6y il\u00e7esi\u00a0K\u0131z\u0131lp\u0131nar\u00a0Nam\u0131k Kemal Mahallesi&#8217;nde \u00f6nceki ak\u015fam meydana geldi.\u00a0Sarbak\u00a0Metal\u00a0Anadolu Lisesi&#8217;nin kar\u015f\u0131s\u0131ndaki bo\u015f arazideki barakada kalan\u00a0Sinan G\u00fcndo\u011fdu\u00a0(44), silah sesini duyan \u00e7evredeki vatanda\u015flarca kanlar i\u00e7inde bulundu. \u0130hbar \u00fczerine olay yerine sa\u011fl\u0131k ve jandarma ekipleri sevk edildi. \u00c7erkezk\u00f6y Devlet Hastanesi&#8217;ne kald\u0131r\u0131lan G\u00fcndo\u011fdu, t\u00fcm m\u00fcdahalelere ra\u011fmen kurtar\u0131lamad\u0131.<\/p>\n<p>Jandarma\u00a0Su\u00e7\u00a0Ara\u015ft\u0131rma Timi (JASAT) ve \u0130l\u00e7e Jandarma Komutanl\u0131\u011f\u0131 ekipleri, olay yerinde silaha rastlamazken detayl\u0131 ara\u015ft\u0131rma ba\u015flatt\u0131. Yap\u0131lan incelemelerde Sinan G\u00fcndo\u011fdu&#8217;nun o\u011flu Yusuf G\u00fcndo\u011fdu taraf\u0131ndan \u00f6ld\u00fcrd\u00fc\u011f\u00fc belirlendi. Cinayette kullan\u0131lan silah bo\u015f bir arazide bulunurken, cinayet gecesi hastaneye gelerek g\u00f6zya\u015flar\u0131na bo\u011fulan Yusuf G\u00fcndo\u011fdu k\u0131sa s\u00fcrede g\u00f6zalt\u0131na al\u0131nd\u0131.<\/p>\n<p>Anne, karde\u015f ve yenge de ifadeleri al\u0131nmak \u00fczere karakola g\u00f6t\u00fcr\u00fcld\u00fc. Jandarmadaki sorgular\u0131n\u0131n ard\u0131ndan adliyeye sevk edilen \u015f\u00fcphelilerden Yusuf G\u00fcndo\u011fdu \u00e7\u0131kar\u0131ld\u0131\u011f\u0131 mahkemece tutuklanarak cezaevine g\u00f6nderildi. Di\u011fer \u00fc\u00e7 ki\u015fi ise savc\u0131l\u0131k sorgular\u0131n\u0131n ard\u0131ndan serbest b\u0131rak\u0131ld\u0131.<\/p>\n<p>Yusuf G\u00fcndo\u011fdu&#8217;nun ifadesinde, iki ay \u00f6nce askerden geldi\u011fini, babas\u0131n\u0131n annesine s\u00fcrekli \u015fiddet uygulad\u0131\u011f\u0131n\u0131 ve olay g\u00fcn\u00fc de annesine \u015fiddet uygulad\u0131\u011f\u0131 gerek\u00e7esiyle \u00e7\u0131kan tart\u0131\u015fmada sinirlerine hakim olamayarak ate\u015f etti\u011fini s\u00f6yledi\u011fi \u00f6\u011frenildi. &#8211; TEK\u0130RDA\u011e<\/p>\n<\/div>\n<\/div>\n<\/div>\n","protected":false},"excerpt":{"rendered":"<p>\u00c7erkezk\u00f6y&#8217;de, babas\u0131 Sinan G\u00fcndo\u011fdu&#8217;yu o\u011flu Yusuf, \u015fiddet iddialar\u0131 sonras\u0131 vurdu ve tutukland\u0131. Tekirda\u011f\u00a0\u00c7erkezk\u00f6y&#8217;de barakada silahla vurulmu\u015f halde bulunan adam\u0131n o\u011flu taraf\u0131ndan silahla vurularak \u00f6ld\u00fcr\u00fcld\u00fc\u011f\u00fc ortaya \u00e7\u0131kt\u0131. Olay, \u00c7erkezk\u00f6y il\u00e7esi\u00a0K\u0131z\u0131lp\u0131nar\u00a0Nam\u0131k Kemal Mahallesi&#8217;nde \u00f6nceki ak\u015fam meydana geldi.\u00a0Sarbak\u00a0Metal\u00a0Anadolu Lisesi&#8217;nin kar\u015f\u0131s\u0131ndaki bo\u015f arazideki barakada kalan\u00a0Sinan G\u00fcndo\u011fdu\u00a0(44), silah sesini duyan \u00e7evredeki vatanda\u015flarca kanlar i\u00e7inde bulundu. \u0130hbar \u00fczerine olay yerine sa\u011fl\u0131k [&hellip;]<\/p>\n","protected":false},"author":1,"featured_media":3020,"comment_status":"closed","ping_status":"closed","sticky":false,"template":"","format":"standard","meta":{"footnotes":""},"categories":[7,39],"tags":[60,148,71,530,498,332,529,331],"class_list":["post-3019","post","type-post","status-publish","format-standard","has-post-thumbnail","hentry","category-gundem","category-haber","tag-cinayet","tag-hukuk","tag-suc","tag-cerkezkoy","tag-gundogdu","tag-politika","tag-sinan-gundogdu","tag-yerel-haberler"],"_links":{"self":[{"href":"https:\/\/avukatimtv.com\/index.php\/wp-json\/wp\/v2\/posts\/3019","targetHints":{"allow":["GET"]}}],"collection":[{"href":"https:\/\/avukatimtv.com\/index.php\/wp-json\/wp\/v2\/posts"}],"about":[{"href":"https:\/\/avukatimtv.com\/index.php\/wp-json\/wp\/v2\/types\/post"}],"author":[{"embeddable":true,"href":"https:\/\/avukatimtv.com\/index.php\/wp-json\/wp\/v2\/users\/1"}],"replies":[{"embeddable":true,"href":"https:\/\/avukatimtv.com\/index.php\/wp-json\/wp\/v2\/comments?post=3019"}],"version-history":[{"count":1,"href":"https:\/\/avukatimtv.com\/index.php\/wp-json\/wp\/v2\/posts\/3019\/revisions"}],"predecessor-version":[{"id":3021,"href":"https:\/\/avukatimtv.com\/index.php\/wp-json\/wp\/v2\/posts\/3019\/revisions\/3021"}],"wp:featuredmedia":[{"embeddable":true,"href":"https:\/\/avukatimtv.com\/index.php\/wp-json\/wp\/v2\/media\/3020"}],"wp:attachment":[{"href":"https:\/\/avukatimtv.com\/index.php\/wp-json\/wp\/v2\/media?parent=3019"}],"wp:term":[{"taxonomy":"category","embeddable":true,"href":"https:\/\/avukatimtv.com\/index.php\/wp-json\/wp\/v2\/categories?post=3019"},{"taxonomy":"post_tag","embeddable":true,"href":"https:\/\/avukatimtv.com\/index.php\/wp-json\/wp\/v2\/tags?post=3019"}],"curies":[{"name":"wp","href":"https:\/\/api.w.org\/{rel}","templated":true}]}}