{"id":3022,"date":"2025-09-17T20:10:31","date_gmt":"2025-09-17T17:10:31","guid":{"rendered":"https:\/\/avukatimtv.com\/?p=3022"},"modified":"2025-09-17T20:10:31","modified_gmt":"2025-09-17T17:10:31","slug":"jandarma-uzman-cavus-emre-bozkurt-cinayeti","status":"publish","type":"post","link":"https:\/\/avukatimtv.com\/index.php\/2025\/09\/17\/jandarma-uzman-cavus-emre-bozkurt-cinayeti\/","title":{"rendered":"Jandarma Uzman \u00c7avu\u015f Emre Bozkurt Cinayeti"},"content":{"rendered":"<h2 id=\"spot\" class=\"mt10 haber_ozet\">Emre Bozkurt&#8217;un babas\u0131, husumet iddialar\u0131n\u0131 reddetti. Sald\u0131rgan intihar etti. Cenaze t\u00f6reni d\u00fczenlendi.<\/h2>\n<div class=\"news-detail-container\">\n<div class=\"left-block\">\n<div class=\"wrapper detay-v3_3 haber_metni\">\n<p>Ankara&#8217;da bacana\u011f\u0131 taraf\u0131ndan u\u011frad\u0131\u011f\u0131 silahl\u0131 sald\u0131r\u0131da hayat\u0131n\u0131 kaybeden\u00a0Jandarma\u00a0Uzman \u00c7avu\u015f Emre\u00a0Bozkurt&#8217;un babas\u0131\u00a0Ahmet Bozkurt, o\u011flu ile sald\u0131rgan aras\u0131nda husumet oldu\u011fu iddialar\u0131n\u0131n ger\u00e7e\u011fi yans\u0131tmad\u0131\u011f\u0131n\u0131 s\u00f6yledi. Sivil hayat\u0131nda internet yay\u0131nc\u0131l\u0131\u011f\u0131 i\u015fiyle de u\u011fra\u015fan Bozkurt, d\u00fczenlenen resmi cenaze t\u00f6reniyle son yolcu\u011funa u\u011furland\u0131.<\/p>\n<p>Ankara&#8217;n\u0131n Sincan il\u00e7esinde d\u00fcn sabah meydana gelen olayda U\u011fur Balkoca, husumetli oldu\u011fu ileri s\u00fcr\u00fclen bacana\u011f\u0131 Emre Bozkurt&#8217;a (39) pusu kurarak arac\u0131n\u0131n i\u00e7inden tabancayla ate\u015f etti. Ba\u015f\u0131ndan vurulan Jandarma Uzman \u00c7avu\u015f Bozkurt olay yerinde hayat\u0131n\u0131 kaybederken, sald\u0131rgan Balkoca ise cinayet mahallinin 1 kilometre ilerisinde ayn\u0131 tabancayla arac\u0131n\u0131n i\u00e7inde intihar etti. Cenazesi ailesi taraf\u0131ndan Adli T\u0131p Kurumundan teslim al\u0131nan Bozkurt i\u00e7in Sincan&#8217;da yer alan \u00c7im\u015fit Mezarl\u0131\u011f\u0131 camisinde resmi cenaze t\u00f6reni d\u00fczenlendi. Sivil hayat\u0131nda internet yay\u0131nc\u0131l\u0131\u011f\u0131 i\u015fiyle de u\u011fra\u015fan Bozkurt&#8217;un cenazesi, \u00f6\u011fle namaz\u0131n\u0131 m\u00fcteakip k\u0131l\u0131nan cenaze namaz\u0131n ard\u0131ndan g\u00f6zya\u015flar\u0131 aras\u0131nda topra\u011fa verildi. Bozkurt&#8217;un evli ve iki k\u0131z \u00e7ocu\u011fu babas\u0131 oldu\u011fu \u00f6\u011frenildi.<\/p>\n<p>Olayla ilgili konu\u015fan baba Ahmet Bozkurt, o\u011flu ile sald\u0131rgan aras\u0131nda husumet oldu\u011fu iddialar\u0131n\u0131n ger\u00e7e\u011fi yans\u0131tmad\u0131\u011f\u0131n\u0131 s\u00f6yledi. Sald\u0131rgan\u0131n ruhsal problemleri oldu\u011funu ileri s\u00fcren baba Bozkurt, ya\u015fad\u0131klar\u0131 durumun \u015fokunu \u00fczerlerinden atamad\u0131klar\u0131n\u0131 dile getirdi.<\/p>\n<p>&#8220;Bacana\u011f\u0131yla neredeyse hi\u00e7 g\u00f6r\u00fc\u015fmezdi&#8221;<\/p>\n<p>Ortaya at\u0131lan iddialar\u0131n ger\u00e7ek d\u0131\u015f\u0131 oldu\u011funu belirten baba Bozkurt, &#8220;O\u011flum sabah servise binmek i\u00e7in evden \u00e7\u0131kt\u0131\u011f\u0131 s\u0131rada bacana\u011f\u0131 pusu kurmu\u015f, ate\u015f ettikten sonra da ka\u00e7m\u0131\u015f. Biraz ileride de intihar etmi\u015f. T\u00fcm bildiklerimiz bu kadar. Husumet oldu\u011funa dair duyumlar tamamen haber kirlili\u011finden kaynaklan\u0131yor. Sald\u0131rgan evleneli zaten 10 sene olmam\u0131\u015f. Herkes \u015fok i\u00e7inde. Aralar\u0131nda kavga veya husumet yoktu. O\u011flum 12 senedir \u015fehir d\u0131\u015f\u0131nda g\u00f6revdeydi. Ge\u00e7en sene Ankara&#8217;ya tayini \u00e7\u0131km\u0131\u015ft\u0131. Bacana\u011f\u0131yla neredeyse hi\u00e7 g\u00f6r\u00fc\u015fmezdi. Sald\u0131rgan\u0131 ben de tan\u0131m\u0131yorum. Psikolojik rahats\u0131zl\u0131\u011f\u0131n\u0131n oldu\u011funu tahmin ediyorum. Sa\u011fl\u0131kl\u0131 birisinin kendi ya\u015fam\u0131na son verece\u011fini d\u00fc\u015f\u00fcnm\u00fcyorum&#8221; dedi.<\/p>\n<p>&#8220;Herkesin yard\u0131m\u0131na ko\u015fan ne\u015feli biriydi&#8221;<\/p>\n<p>Evlad\u0131n\u0131n kavgac\u0131 biri olmad\u0131\u011f\u0131na de\u011finen Bozkurt, &#8220;O\u011flumla arkada\u015f gibiydik. P\u0131rlanta gibi bir ki\u015finin b\u00f6yle bir cinayete kurban gitmesini anlayam\u0131yoruz. O\u011flum herkesin yard\u0131m\u0131na ko\u015fan ne\u015feli biriydi. Asker olmas\u0131na ra\u011fmen sivil hayat\u0131nda bir kez bile silahla d\u0131\u015far\u0131ya \u00e7\u0131kmam\u0131\u015ft\u0131r. K\u00fc\u00e7\u00fck bir ekibi vard\u0131. \u0130nternetten yay\u0131n yapard\u0131.\u00a0T\u00fcrkiye&#8217;den sevenleri hep burada, ziyaretimize geldiler. Ortaya \u00e7\u0131kan iddialar bizi \u00fczd\u00fc. Ya\u015fanmam\u0131\u015f \u015feylerin ya\u015fanm\u0131\u015f gibi yay\u0131ld\u0131\u011f\u0131n\u0131 duyuyoruz. Hepimizin i\u00e7i yan\u0131yor. Ate\u015f d\u00fc\u015ft\u00fc\u011f\u00fc yeri yak\u0131yor. Can\u0131m\u0131zdan can gitti. S\u00f6z\u00fcn bitti\u011fi yerdeyiz&#8221; ifadelerini kulland\u0131. &#8211; ANKARA<\/p>\n<\/div>\n<\/div>\n<\/div>\n","protected":false},"excerpt":{"rendered":"<p>Emre Bozkurt&#8217;un babas\u0131, husumet iddialar\u0131n\u0131 reddetti. Sald\u0131rgan intihar etti. Cenaze t\u00f6reni d\u00fczenlendi. Ankara&#8217;da bacana\u011f\u0131 taraf\u0131ndan u\u011frad\u0131\u011f\u0131 silahl\u0131 sald\u0131r\u0131da hayat\u0131n\u0131 kaybeden\u00a0Jandarma\u00a0Uzman \u00c7avu\u015f Emre\u00a0Bozkurt&#8217;un babas\u0131\u00a0Ahmet Bozkurt, o\u011flu ile sald\u0131rgan aras\u0131nda husumet oldu\u011fu iddialar\u0131n\u0131n ger\u00e7e\u011fi yans\u0131tmad\u0131\u011f\u0131n\u0131 s\u00f6yledi. Sivil hayat\u0131nda internet yay\u0131nc\u0131l\u0131\u011f\u0131 i\u015fiyle de u\u011fra\u015fan Bozkurt, d\u00fczenlenen resmi cenaze t\u00f6reniyle son yolcu\u011funa u\u011furland\u0131. Ankara&#8217;n\u0131n Sincan il\u00e7esinde d\u00fcn sabah meydana [&hellip;]<\/p>\n","protected":false},"author":1,"featured_media":3023,"comment_status":"closed","ping_status":"closed","sticky":false,"template":"","format":"standard","meta":{"footnotes":""},"categories":[7,39],"tags":[261,267,60,175,135,71,531,332,532],"class_list":["post-3022","post","type-post","status-publish","format-standard","has-post-thumbnail","hentry","category-gundem","category-haber","tag-ankara","tag-baba","tag-cinayet","tag-guvenlik","tag-jandarma","tag-suc","tag-bozkurt","tag-politika","tag-yerel"],"_links":{"self":[{"href":"https:\/\/avukatimtv.com\/index.php\/wp-json\/wp\/v2\/posts\/3022","targetHints":{"allow":["GET"]}}],"collection":[{"href":"https:\/\/avukatimtv.com\/index.php\/wp-json\/wp\/v2\/posts"}],"about":[{"href":"https:\/\/avukatimtv.com\/index.php\/wp-json\/wp\/v2\/types\/post"}],"author":[{"embeddable":true,"href":"https:\/\/avukatimtv.com\/index.php\/wp-json\/wp\/v2\/users\/1"}],"replies":[{"embeddable":true,"href":"https:\/\/avukatimtv.com\/index.php\/wp-json\/wp\/v2\/comments?post=3022"}],"version-history":[{"count":1,"href":"https:\/\/avukatimtv.com\/index.php\/wp-json\/wp\/v2\/posts\/3022\/revisions"}],"predecessor-version":[{"id":3024,"href":"https:\/\/avukatimtv.com\/index.php\/wp-json\/wp\/v2\/posts\/3022\/revisions\/3024"}],"wp:featuredmedia":[{"embeddable":true,"href":"https:\/\/avukatimtv.com\/index.php\/wp-json\/wp\/v2\/media\/3023"}],"wp:attachment":[{"href":"https:\/\/avukatimtv.com\/index.php\/wp-json\/wp\/v2\/media?parent=3022"}],"wp:term":[{"taxonomy":"category","embeddable":true,"href":"https:\/\/avukatimtv.com\/index.php\/wp-json\/wp\/v2\/categories?post=3022"},{"taxonomy":"post_tag","embeddable":true,"href":"https:\/\/avukatimtv.com\/index.php\/wp-json\/wp\/v2\/tags?post=3022"}],"curies":[{"name":"wp","href":"https:\/\/api.w.org\/{rel}","templated":true}]}}