{"id":3026,"date":"2025-09-20T19:04:13","date_gmt":"2025-09-20T16:04:13","guid":{"rendered":"https:\/\/avukatimtv.com\/?p=3026"},"modified":"2025-09-20T19:04:13","modified_gmt":"2025-09-20T16:04:13","slug":"kirsehirde-cifte-cinayet-zanli-tutuklandi","status":"publish","type":"post","link":"https:\/\/avukatimtv.com\/index.php\/2025\/09\/20\/kirsehirde-cifte-cinayet-zanli-tutuklandi\/","title":{"rendered":"K\u0131r\u015fehir&#8217;de \u00c7ifte Cinayet: Zanl\u0131 Tutukland\u0131"},"content":{"rendered":"<h2 id=\"spot\" class=\"mt10 haber_ozet\">Ak\u00e7akent&#8217;te kar\u0131 kocay\u0131 vuran zanl\u0131 H.D. tutuklanarak cezaevine g\u00f6nderildi.<\/h2>\n<div class=\"news-detail-container\">\n<div class=\"left-block\">\n<div class=\"wrapper detay-v3_3 haber_metni\">\n<p>KIR\u015eEH\u0130R (\u0130HA) \u2013\u00a0K\u0131r\u015fehir&#8217;in\u00a0Ak\u00e7akent\u00a0il\u00e7esinde kar\u0131 kocay\u0131 silahla vurarak \u00f6ld\u00fcren zanl\u0131, \u00e7\u0131kar\u0131ld\u0131\u011f\u0131 mahkemece tutukland\u0131.<\/p>\n<p>Olay, Ak\u00e7akent il\u00e7esine ba\u011fl\u0131 Yayla\u00f6z\u00fc k\u00f6y\u00fcnde meydana geldi. Edinilen bilgiye g\u00f6re, Refik Kayg\u0131s\u0131z (63) ve e\u015fi Emine Kayg\u0131s\u0131z (62), evlerinde silahla vurulmu\u015f halde \u00f6l\u00fc bulundu.\u00a0Jandarma\u00a0ekiplerinin yapt\u0131\u011f\u0131 inceleme sonucu olay\u0131n \u015f\u00fcphelisi olarak belirlenen H.D.,\u00a0K\u0131r\u0131kkale&#8217;de yakalanarak g\u00f6zalt\u0131na al\u0131nd\u0131.<\/p>\n<p>K\u0131r\u015fehir \u0130l Jandarma Komutanl\u0131\u011f\u0131&#8217;nda i\u015flemleri tamamlanan H.D., adliyeye sevk edildi. Zanl\u0131,\u00a0Yerk\u00f6y\u00a0Adliyesi&#8217;nde \u00e7\u0131kar\u0131ld\u0131\u011f\u0131 sulh ceza hakimli\u011fince tutuklanarak cezaevine g\u00f6nderildi. &#8211; KIR\u015eEH\u0130R<\/p>\n<\/div>\n<\/div>\n<\/div>\n","protected":false},"excerpt":{"rendered":"<p>Ak\u00e7akent&#8217;te kar\u0131 kocay\u0131 vuran zanl\u0131 H.D. tutuklanarak cezaevine g\u00f6nderildi. KIR\u015eEH\u0130R (\u0130HA) \u2013\u00a0K\u0131r\u015fehir&#8217;in\u00a0Ak\u00e7akent\u00a0il\u00e7esinde kar\u0131 kocay\u0131 silahla vurarak \u00f6ld\u00fcren zanl\u0131, \u00e7\u0131kar\u0131ld\u0131\u011f\u0131 mahkemece tutukland\u0131. Olay, Ak\u00e7akent il\u00e7esine ba\u011fl\u0131 Yayla\u00f6z\u00fc k\u00f6y\u00fcnde meydana geldi. Edinilen bilgiye g\u00f6re, Refik Kayg\u0131s\u0131z (63) ve e\u015fi Emine Kayg\u0131s\u0131z (62), evlerinde silahla vurulmu\u015f halde \u00f6l\u00fc bulundu.\u00a0Jandarma\u00a0ekiplerinin yapt\u0131\u011f\u0131 inceleme sonucu olay\u0131n \u015f\u00fcphelisi olarak belirlenen H.D.,\u00a0K\u0131r\u0131kkale&#8217;de yakalanarak [&hellip;]<\/p>\n","protected":false},"author":1,"featured_media":3027,"comment_status":"closed","ping_status":"closed","sticky":false,"template":"","format":"standard","meta":{"footnotes":""},"categories":[7,39],"tags":[60,175,148,71,533,332,331],"class_list":["post-3026","post","type-post","status-publish","format-standard","has-post-thumbnail","hentry","category-gundem","category-haber","tag-cinayet","tag-guvenlik","tag-hukuk","tag-suc","tag-akcakent","tag-politika","tag-yerel-haberler"],"_links":{"self":[{"href":"https:\/\/avukatimtv.com\/index.php\/wp-json\/wp\/v2\/posts\/3026","targetHints":{"allow":["GET"]}}],"collection":[{"href":"https:\/\/avukatimtv.com\/index.php\/wp-json\/wp\/v2\/posts"}],"about":[{"href":"https:\/\/avukatimtv.com\/index.php\/wp-json\/wp\/v2\/types\/post"}],"author":[{"embeddable":true,"href":"https:\/\/avukatimtv.com\/index.php\/wp-json\/wp\/v2\/users\/1"}],"replies":[{"embeddable":true,"href":"https:\/\/avukatimtv.com\/index.php\/wp-json\/wp\/v2\/comments?post=3026"}],"version-history":[{"count":1,"href":"https:\/\/avukatimtv.com\/index.php\/wp-json\/wp\/v2\/posts\/3026\/revisions"}],"predecessor-version":[{"id":3028,"href":"https:\/\/avukatimtv.com\/index.php\/wp-json\/wp\/v2\/posts\/3026\/revisions\/3028"}],"wp:featuredmedia":[{"embeddable":true,"href":"https:\/\/avukatimtv.com\/index.php\/wp-json\/wp\/v2\/media\/3027"}],"wp:attachment":[{"href":"https:\/\/avukatimtv.com\/index.php\/wp-json\/wp\/v2\/media?parent=3026"}],"wp:term":[{"taxonomy":"category","embeddable":true,"href":"https:\/\/avukatimtv.com\/index.php\/wp-json\/wp\/v2\/categories?post=3026"},{"taxonomy":"post_tag","embeddable":true,"href":"https:\/\/avukatimtv.com\/index.php\/wp-json\/wp\/v2\/tags?post=3026"}],"curies":[{"name":"wp","href":"https:\/\/api.w.org\/{rel}","templated":true}]}}