{"id":3029,"date":"2025-09-20T19:09:11","date_gmt":"2025-09-20T16:09:11","guid":{"rendered":"https:\/\/avukatimtv.com\/?p=3029"},"modified":"2025-09-20T19:09:11","modified_gmt":"2025-09-20T16:09:11","slug":"komsusunu-7-kursunla-katleden-zanlinin-ifadesi-kan-dondurdu","status":"publish","type":"post","link":"https:\/\/avukatimtv.com\/index.php\/2025\/09\/20\/komsusunu-7-kursunla-katleden-zanlinin-ifadesi-kan-dondurdu\/","title":{"rendered":"Kom\u015fusunu 7 kur\u015funla katleden zanl\u0131n\u0131n ifadesi kan dondurdu"},"content":{"rendered":"<h2 id=\"spot\" class=\"mt10 haber_ozet\">Adana&#8217;da park yeri meselesinden tart\u0131\u015ft\u0131\u011f\u0131 kom\u015fusunu 7 kur\u015funla \u00f6ld\u00fcr\u00fcp 17 ya\u015f\u0131ndaki k\u0131z\u0131n\u0131 yaralayan Dalyan \u00c7opur&#8217;un ifadesi ortaya \u00e7\u0131kt\u0131. \u00c7opur, &#8220;Otomobilini s\u00fcrekli evimin \u00f6n\u00fcne park ediyordu. Ayr\u0131ca y\u00fcksek sesli konu\u015fuyorlard\u0131. Yine uyar\u0131nca kavga \u00e7\u0131kt\u0131. Ben de tabancayla vurdum&#8221; dedi.<\/h2>\n<div class=\"news-detail-container\">\n<div class=\"left-block\">\n<div class=\"wrapper detay-v3_3 haber_metni\">\n<p>Adana&#8217;n\u0131n\u00a0Y\u00fcre\u011fir\u00a0il\u00e7esine ba\u011fl\u0131\u00a019 May\u0131s\u00a0Mahallesinde d\u00fcn saat 21.00 s\u0131ralar\u0131nda vah\u015fet ya\u015fand\u0131.\u00a0Hakan Akg\u00fcn\u00a0(39), iddiaya g\u00f6re kom\u015fusu\u00a0Dalyan\u00a0\u00c7opur&#8217;un (35) evinin \u00f6n\u00fcne otomobilini park etti. \u00c7opur ile arac\u0131n\u0131 \u00e7ekmesi i\u00e7in uyar\u0131da bulundu\u011fu Akg\u00fcn aras\u0131nda \u00f6nce, ard\u0131ndan da kavga \u00e7\u0131kt\u0131.<\/p>\n<\/div>\n<p><img decoding=\"async\" src=\"https:\/\/foto.sondakika.com\/haber\/2025\/09\/19\/komsusunu-7-kursunla-katleden-zanlinin-ifadesi-19065873_8626_m.jpg\" alt=\"\u00d6ld\u00fcr\u00fclen Hakan Akg\u00fcn\" \/><\/p>\n<\/div>\n<h3>KOM\u015eUSUYLA KIZINA KUR\u015eUN YA\u011eDIRIP KA\u00c7TI<\/h3>\n<p>Kavgada \u00c7opur, belindeki tabancay\u0131 \u00e7\u0131kar\u0131p, Akg\u00fcn&#8217;e ate\u015f etti. Ba\u015f, kar\u0131n ve g\u00f6\u011fs\u00fcne 7 mermi isabet eden Akg\u00fcn, yere y\u0131\u011f\u0131ld\u0131. Silahtan \u00e7\u0131kan kur\u015funlardan biri de Akg\u00fcn&#8217;\u00fcn k\u0131z\u0131 A.A&#8217;n\u0131n (17) aya\u011f\u0131na isabet etti. \u015e\u00fcpheli, ard\u0131ndan olay yerinden ka\u00e7t\u0131.<\/p>\n<h3>HASTANEDE YA\u015eAMINI Y\u0130T\u0130RD\u0130<\/h3>\n<p>\u00c7evredekilerin ihbar\u0131yla b\u00f6lgeye sa\u011fl\u0131k ve polis ekipleri sevk edildi. \u0130lk m\u00fcdahalesinin ard\u0131ndan ambulansla Adana \u015eehir\u00a0E\u011fitim ve Ara\u015ft\u0131rma Hastanesi&#8217;ne g\u00f6t\u00fcr\u00fclen Akg\u00fcn, doktorlar\u0131n t\u00fcm \u00e7abas\u0131na ra\u011fmen kurtar\u0131lamad\u0131. Y\u00fcre\u011fir\u00a0Devlet Hastanesi&#8217;ne kald\u0131r\u0131lan k\u0131z\u0131 Azra Akg\u00fcn ise tedavisinin ard\u0131ndan taburcu edildi.<\/p>\n<\/div>\n<p><img decoding=\"async\" src=\"https:\/\/foto.sondakika.com\/haber\/2025\/09\/19\/komsusunu-7-kursunla-katleden-zanlinin-ifadesi-19065873_3485_m.jpg\" alt=\"Kom\u015fusunu 7 kur\u015funla katleden zanl\u0131n\u0131n ifadesi kan dondurdu\" \/><\/p>\n<p>&nbsp;<\/p>\n<h3>\u0130FADES\u0130 KAN DONDURDU<\/h3>\n<p>Cinayet\u00a0B\u00fcro Amirli\u011fi ekipleri, \u015f\u00fcpheliyi olaydan hemen sonra yak\u0131n bir sokakta yakalad\u0131. Emniyete g\u00f6t\u00fcr\u00fclen Dalyan \u00c7opur, ifadesinde, &#8220;Otomobilini, daha \u00f6nce de uyarmama ra\u011fmen s\u00fcrekli evimin \u00f6n\u00fcne park ediyordu. Yine park etti. Ayr\u0131ca y\u00fcksek sesli konu\u015fuyorlard\u0131. Yine uyar\u0131nca kavga \u00e7\u0131kt\u0131, ben de tabancayla vurdum&#8221; dedi. \u0130\u015flemleri tamamlanan \u00c7opur, adliyeye sevk edildi.<\/p>\n","protected":false},"excerpt":{"rendered":"<p>Adana&#8217;da park yeri meselesinden tart\u0131\u015ft\u0131\u011f\u0131 kom\u015fusunu 7 kur\u015funla \u00f6ld\u00fcr\u00fcp 17 ya\u015f\u0131ndaki k\u0131z\u0131n\u0131 yaralayan Dalyan \u00c7opur&#8217;un ifadesi ortaya \u00e7\u0131kt\u0131. \u00c7opur, &#8220;Otomobilini s\u00fcrekli evimin \u00f6n\u00fcne park ediyordu. Ayr\u0131ca y\u00fcksek sesli konu\u015fuyorlard\u0131. Yine uyar\u0131nca kavga \u00e7\u0131kt\u0131. Ben de tabancayla vurdum&#8221; dedi. Adana&#8217;n\u0131n\u00a0Y\u00fcre\u011fir\u00a0il\u00e7esine ba\u011fl\u0131\u00a019 May\u0131s\u00a0Mahallesinde d\u00fcn saat 21.00 s\u0131ralar\u0131nda vah\u015fet ya\u015fand\u0131.\u00a0Hakan Akg\u00fcn\u00a0(39), iddiaya g\u00f6re kom\u015fusu\u00a0Dalyan\u00a0\u00c7opur&#8217;un (35) evinin \u00f6n\u00fcne otomobilini [&hellip;]<\/p>\n","protected":false},"author":1,"featured_media":3030,"comment_status":"closed","ping_status":"closed","sticky":false,"template":"","format":"standard","meta":{"footnotes":""},"categories":[7,39],"tags":[128,60,83,147,71,535,334,534],"class_list":["post-3029","post","type-post","status-publish","format-standard","has-post-thumbnail","hentry","category-gundem","category-haber","tag-adana","tag-cinayet","tag-kavga","tag-mahkeme","tag-suc","tag-dalyan","tag-guncel","tag-hakan-akgun"],"_links":{"self":[{"href":"https:\/\/avukatimtv.com\/index.php\/wp-json\/wp\/v2\/posts\/3029","targetHints":{"allow":["GET"]}}],"collection":[{"href":"https:\/\/avukatimtv.com\/index.php\/wp-json\/wp\/v2\/posts"}],"about":[{"href":"https:\/\/avukatimtv.com\/index.php\/wp-json\/wp\/v2\/types\/post"}],"author":[{"embeddable":true,"href":"https:\/\/avukatimtv.com\/index.php\/wp-json\/wp\/v2\/users\/1"}],"replies":[{"embeddable":true,"href":"https:\/\/avukatimtv.com\/index.php\/wp-json\/wp\/v2\/comments?post=3029"}],"version-history":[{"count":1,"href":"https:\/\/avukatimtv.com\/index.php\/wp-json\/wp\/v2\/posts\/3029\/revisions"}],"predecessor-version":[{"id":3031,"href":"https:\/\/avukatimtv.com\/index.php\/wp-json\/wp\/v2\/posts\/3029\/revisions\/3031"}],"wp:featuredmedia":[{"embeddable":true,"href":"https:\/\/avukatimtv.com\/index.php\/wp-json\/wp\/v2\/media\/3030"}],"wp:attachment":[{"href":"https:\/\/avukatimtv.com\/index.php\/wp-json\/wp\/v2\/media?parent=3029"}],"wp:term":[{"taxonomy":"category","embeddable":true,"href":"https:\/\/avukatimtv.com\/index.php\/wp-json\/wp\/v2\/categories?post=3029"},{"taxonomy":"post_tag","embeddable":true,"href":"https:\/\/avukatimtv.com\/index.php\/wp-json\/wp\/v2\/tags?post=3029"}],"curies":[{"name":"wp","href":"https:\/\/api.w.org\/{rel}","templated":true}]}}