{"id":3032,"date":"2025-09-20T19:13:23","date_gmt":"2025-09-20T16:13:23","guid":{"rendered":"https:\/\/avukatimtv.com\/?p=3032"},"modified":"2025-09-20T19:13:23","modified_gmt":"2025-09-20T16:13:23","slug":"torunundan-dehset-babaannesi-darp-edilerek-olduruldu","status":"publish","type":"post","link":"https:\/\/avukatimtv.com\/index.php\/2025\/09\/20\/torunundan-dehset-babaannesi-darp-edilerek-olduruldu\/","title":{"rendered":"Torunundan Deh\u015fet: Babaannesi Darp Edilerek \u00d6ld\u00fcr\u00fcld\u00fc"},"content":{"rendered":"<h2 id=\"spot\" class=\"mt10 haber_ozet\">Denizli&#8217;de, torun Osman K\u0131z\u0131lhan&#8217;\u0131n 93 ya\u015f\u0131ndaki babaannesini darbedip \u00f6ld\u00fcrd\u00fc\u011f\u00fc ortaya \u00e7\u0131kt\u0131.<\/h2>\n<div class=\"news-detail-container\">\n<div class=\"left-block\">\n<div class=\"wrapper detay-v3_3 haber_metni\">\n<p>&nbsp;<\/p>\n<p>&nbsp;<\/p>\n<p>DEN\u0130ZL\u0130&#8217;nin\u00a0Ac\u0131payam\u00a0il\u00e7esinde darp sonucu \u00f6ld\u00fc\u011f\u00fc belirlenen Han\u0131m Ay\u015fe K\u0131z\u0131lhan&#8217;\u0131n (93), ihbarda bulunan torunu Osman K\u0131z\u0131lhan (40) taraf\u0131ndan \u00f6ld\u00fcr\u00fcld\u00fc\u011f\u00fc ortaya \u00e7\u0131kt\u0131. Babaannesini darbedip ba\u015f\u0131na t\u00fcple vurdu\u011funu itiraf eden torun, tutukland\u0131.<\/p>\n<p>Olay, d\u00fcn saat 01.00 s\u0131ralar\u0131nda k\u0131rsal Karah\u00f6y\u00fckav\u015far\u0131 Mahallesi&#8217;nde meydana geldi. Osman K\u0131z\u0131lhan, 112 Acil \u00c7a\u011fr\u0131 Merkezi&#8217;ni aray\u0131p, evine gitti\u011fi babaannesi Han\u0131m Ay\u015fe K\u0131z\u0131lhan&#8217;\u0131 yerde yaral\u0131 ve bayg\u0131n buldu\u011funu s\u00f6yleyerek ambulans istedi. \u0130hbarla adrese sa\u011fl\u0131k ve jandarma ekipleri sevk edildi. Sa\u011fl\u0131k ekibi K\u0131z\u0131lhan&#8217;\u0131n hayat\u0131n\u0131 kaybetti\u011fini belirledi. Soru\u015fturma kapsam\u0131nda K\u0131z\u0131lhan&#8217;\u0131n darp sonucu \u00f6ld\u00fc\u011f\u00fc belirlendi.<\/p>\n<p>A\u015eIRI DERECE ALKOLL\u00dcYM\u00dc\u015e<\/p>\n<p>\u0130l\u00a0Jandarma\u00a0Komutanl\u0131\u011f\u0131&#8217;n\u0131n Jandarma\u00a0Su\u00e7\u00a0Ara\u015ft\u0131rma Timi (JASAT), olay\u0131 ayd\u0131nlatmak i\u00e7in \u00e7al\u0131\u015fma ba\u015flatt\u0131. JASAT ekibi, ihbar\u0131 yapan torunu Osman K\u0131z\u0131lhan&#8217;\u0131 g\u00f6zalt\u0131na ald\u0131. A\u015f\u0131r\u0131 derecede alkoll\u00fc oldu\u011fu belirlenen Osman K\u0131z\u0131lhan&#8217;\u0131n \u00f6nce cinayeti kabul etmedi\u011fi, daha sonraki sorgusunda; babaannesini i\u00e7ki i\u00e7mesine kar\u0131\u015ft\u0131\u011f\u0131 i\u00e7in darbedip, ba\u015f\u0131na t\u00fcple vurarak \u00f6ld\u00fcrd\u00fc\u011f\u00fcn\u00fc itiraf etti. Jandarmadaki i\u015flemlerinin ard\u0131ndan adliyeye sevk edilen K\u0131z\u0131lhan, \u00e7\u0131kar\u0131ld\u0131\u011f\u0131 mahkemece tutukland\u0131.<\/p>\n<\/div>\n<\/div>\n<\/div>\n","protected":false},"excerpt":{"rendered":"<p>Denizli&#8217;de, torun Osman K\u0131z\u0131lhan&#8217;\u0131n 93 ya\u015f\u0131ndaki babaannesini darbedip \u00f6ld\u00fcrd\u00fc\u011f\u00fc ortaya \u00e7\u0131kt\u0131. &nbsp; &nbsp; DEN\u0130ZL\u0130&#8217;nin\u00a0Ac\u0131payam\u00a0il\u00e7esinde darp sonucu \u00f6ld\u00fc\u011f\u00fc belirlenen Han\u0131m Ay\u015fe K\u0131z\u0131lhan&#8217;\u0131n (93), ihbarda bulunan torunu Osman K\u0131z\u0131lhan (40) taraf\u0131ndan \u00f6ld\u00fcr\u00fcld\u00fc\u011f\u00fc ortaya \u00e7\u0131kt\u0131. Babaannesini darbedip ba\u015f\u0131na t\u00fcple vurdu\u011funu itiraf eden torun, tutukland\u0131. Olay, d\u00fcn saat 01.00 s\u0131ralar\u0131nda k\u0131rsal Karah\u00f6y\u00fckav\u015far\u0131 Mahallesi&#8217;nde meydana geldi. Osman K\u0131z\u0131lhan, 112 Acil [&hellip;]<\/p>\n","protected":false},"author":1,"featured_media":3033,"comment_status":"closed","ping_status":"closed","sticky":false,"template":"","format":"standard","meta":{"footnotes":""},"categories":[7,39],"tags":[60,71,536,368,348,334,332],"class_list":["post-3032","post","type-post","status-publish","format-standard","has-post-thumbnail","hentry","category-gundem","category-haber","tag-cinayet","tag-suc","tag-acipayam","tag-aile-ici-siddet","tag-denizli","tag-guncel","tag-politika"],"_links":{"self":[{"href":"https:\/\/avukatimtv.com\/index.php\/wp-json\/wp\/v2\/posts\/3032","targetHints":{"allow":["GET"]}}],"collection":[{"href":"https:\/\/avukatimtv.com\/index.php\/wp-json\/wp\/v2\/posts"}],"about":[{"href":"https:\/\/avukatimtv.com\/index.php\/wp-json\/wp\/v2\/types\/post"}],"author":[{"embeddable":true,"href":"https:\/\/avukatimtv.com\/index.php\/wp-json\/wp\/v2\/users\/1"}],"replies":[{"embeddable":true,"href":"https:\/\/avukatimtv.com\/index.php\/wp-json\/wp\/v2\/comments?post=3032"}],"version-history":[{"count":1,"href":"https:\/\/avukatimtv.com\/index.php\/wp-json\/wp\/v2\/posts\/3032\/revisions"}],"predecessor-version":[{"id":3034,"href":"https:\/\/avukatimtv.com\/index.php\/wp-json\/wp\/v2\/posts\/3032\/revisions\/3034"}],"wp:featuredmedia":[{"embeddable":true,"href":"https:\/\/avukatimtv.com\/index.php\/wp-json\/wp\/v2\/media\/3033"}],"wp:attachment":[{"href":"https:\/\/avukatimtv.com\/index.php\/wp-json\/wp\/v2\/media?parent=3032"}],"wp:term":[{"taxonomy":"category","embeddable":true,"href":"https:\/\/avukatimtv.com\/index.php\/wp-json\/wp\/v2\/categories?post=3032"},{"taxonomy":"post_tag","embeddable":true,"href":"https:\/\/avukatimtv.com\/index.php\/wp-json\/wp\/v2\/tags?post=3032"}],"curies":[{"name":"wp","href":"https:\/\/api.w.org\/{rel}","templated":true}]}}