{"id":3035,"date":"2025-09-20T19:18:09","date_gmt":"2025-09-20T16:18:09","guid":{"rendered":"https:\/\/avukatimtv.com\/?p=3035"},"modified":"2025-09-20T19:18:09","modified_gmt":"2025-09-20T16:18:09","slug":"kiz-meselesi-kanli-bitti","status":"publish","type":"post","link":"https:\/\/avukatimtv.com\/index.php\/2025\/09\/20\/kiz-meselesi-kanli-bitti\/","title":{"rendered":"K\u0131z Meselesi Kanl\u0131 Bitti"},"content":{"rendered":"<h2 id=\"spot\" class=\"mt10 haber_ozet\">Kocaeli&#8217;de tabancayla vurulan Toprak Yi\u011fitdo\u011fan hayat\u0131n\u0131 kaybederken, 2 \u015f\u00fcpheli tutukland\u0131.<\/h2>\n<div class=\"news-detail-container\">\n<div class=\"left-block\">\n<div class=\"wrapper detay-v3_3 haber_metni\">\n<p>Kocaeli&#8217;de, k\u0131z meselesi nedeniyle Toprak Yi\u011fitdo\u011fan&#8217;\u0131n tabancayla vurularak \u00f6ld\u00fcr\u00fcld\u00fc\u011f\u00fc olayla ilgili g\u00f6zalt\u0131na al\u0131nan 3 \u015f\u00fcpheliden 2&#8217;si tutukland\u0131, 1 ki\u015fi ise adli kontrol \u015fart\u0131yla serbest b\u0131rak\u0131ld\u0131.<\/p>\n<p>Kocaeli&#8217;nin\u00a0Gebze\u00a0il\u00e7esi K\u00f6\u015fkl\u00fc\u00a0\u00c7e\u015fme\u00a0Mahallesi Yeni Ba\u011fdat Caddesi \u00fczerinde bulunan bir akaryak\u0131t istasyonunun market b\u00f6l\u00fcm\u00fcnde Yi\u011fit Topal (18), k\u0131z meselesi nedeniyle aralar\u0131nda husumet bulunan Toprak Yi\u011fitdo\u011fan&#8217;\u0131n (19) \u00e7al\u0131\u015ft\u0131\u011f\u0131 akaryak\u0131t istasyonundaki markete geldi.<\/p>\n<h3>KIZ MESELES\u0130NDE KAN AKTI<\/h3>\n<p>Taraflar aras\u0131nda ya\u015fanan tart\u0131\u015fman\u0131n kavgaya d\u00f6n\u00fc\u015fmesi \u00fczerine Yi\u011fit Topal&#8217;a tabancayla ate\u015f a\u00e7t\u0131. A\u011f\u0131r yaralanan Yi\u011fitdo\u011fan, kald\u0131r\u0131ld\u0131\u011f\u0131 hastanede hayat\u0131n\u0131 kaybetti.<\/p>\n<h3>2 K\u0130\u015e\u0130 TUTUKLANDI<\/h3>\n<p>Soru\u015fturma ba\u015flatan polis, olay\u0131 ger\u00e7ekle\u015ftiren Yi\u011fit Topal ve kavgaya dahil oldu\u011fu de\u011ferlendirilen A.M. ile \u015e.S.&#8217;yi g\u00f6zalt\u0131na ald\u0131. 3 \u015f\u00fcpheli,\u00a0Asayi\u015f\u00a0\u015eube M\u00fcd\u00fcrl\u00fc\u011f\u00fcndeki i\u015flemlerinin ard\u0131ndan bug\u00fcn\u00a0Gebze Adliyesi&#8217;ne sevk edildi. \u015e.S., \u00e7\u0131kar\u0131ld\u0131\u011f\u0131 mahkemece yurt d\u0131\u015f\u0131 \u00e7\u0131k\u0131\u015f yasa\u011f\u0131 ve adli kontrol \u015fart\u0131yla serbest b\u0131rak\u0131l\u0131rken, Yi\u011fit Topal ve A.M. tutuklanarak cezaevine g\u00f6nderildi.<\/p>\n<\/div>\n<\/div>\n<\/div>\n","protected":false},"excerpt":{"rendered":"<p>Kocaeli&#8217;de tabancayla vurulan Toprak Yi\u011fitdo\u011fan hayat\u0131n\u0131 kaybederken, 2 \u015f\u00fcpheli tutukland\u0131. Kocaeli&#8217;de, k\u0131z meselesi nedeniyle Toprak Yi\u011fitdo\u011fan&#8217;\u0131n tabancayla vurularak \u00f6ld\u00fcr\u00fcld\u00fc\u011f\u00fc olayla ilgili g\u00f6zalt\u0131na al\u0131nan 3 \u015f\u00fcpheliden 2&#8217;si tutukland\u0131, 1 ki\u015fi ise adli kontrol \u015fart\u0131yla serbest b\u0131rak\u0131ld\u0131. Kocaeli&#8217;nin\u00a0Gebze\u00a0il\u00e7esi K\u00f6\u015fkl\u00fc\u00a0\u00c7e\u015fme\u00a0Mahallesi Yeni Ba\u011fdat Caddesi \u00fczerinde bulunan bir akaryak\u0131t istasyonunun market b\u00f6l\u00fcm\u00fcnde Yi\u011fit Topal (18), k\u0131z meselesi nedeniyle aralar\u0131nda husumet [&hellip;]<\/p>\n","protected":false},"author":1,"featured_media":3036,"comment_status":"closed","ping_status":"closed","sticky":false,"template":"","format":"standard","meta":{"footnotes":""},"categories":[7,39],"tags":[143,537],"class_list":["post-3035","post","type-post","status-publish","format-standard","has-post-thumbnail","hentry","category-gundem","category-haber","tag-kocaeli","tag-gebze"],"_links":{"self":[{"href":"https:\/\/avukatimtv.com\/index.php\/wp-json\/wp\/v2\/posts\/3035","targetHints":{"allow":["GET"]}}],"collection":[{"href":"https:\/\/avukatimtv.com\/index.php\/wp-json\/wp\/v2\/posts"}],"about":[{"href":"https:\/\/avukatimtv.com\/index.php\/wp-json\/wp\/v2\/types\/post"}],"author":[{"embeddable":true,"href":"https:\/\/avukatimtv.com\/index.php\/wp-json\/wp\/v2\/users\/1"}],"replies":[{"embeddable":true,"href":"https:\/\/avukatimtv.com\/index.php\/wp-json\/wp\/v2\/comments?post=3035"}],"version-history":[{"count":1,"href":"https:\/\/avukatimtv.com\/index.php\/wp-json\/wp\/v2\/posts\/3035\/revisions"}],"predecessor-version":[{"id":3037,"href":"https:\/\/avukatimtv.com\/index.php\/wp-json\/wp\/v2\/posts\/3035\/revisions\/3037"}],"wp:featuredmedia":[{"embeddable":true,"href":"https:\/\/avukatimtv.com\/index.php\/wp-json\/wp\/v2\/media\/3036"}],"wp:attachment":[{"href":"https:\/\/avukatimtv.com\/index.php\/wp-json\/wp\/v2\/media?parent=3035"}],"wp:term":[{"taxonomy":"category","embeddable":true,"href":"https:\/\/avukatimtv.com\/index.php\/wp-json\/wp\/v2\/categories?post=3035"},{"taxonomy":"post_tag","embeddable":true,"href":"https:\/\/avukatimtv.com\/index.php\/wp-json\/wp\/v2\/tags?post=3035"}],"curies":[{"name":"wp","href":"https:\/\/api.w.org\/{rel}","templated":true}]}}