{"id":3038,"date":"2025-09-20T20:06:29","date_gmt":"2025-09-20T17:06:29","guid":{"rendered":"https:\/\/avukatimtv.com\/?p=3038"},"modified":"2025-09-20T20:06:29","modified_gmt":"2025-09-20T17:06:29","slug":"inegolde-kaza-4-yarali","status":"publish","type":"post","link":"https:\/\/avukatimtv.com\/index.php\/2025\/09\/20\/inegolde-kaza-4-yarali\/","title":{"rendered":"\u0130neg\u00f6l&#8217;de Kaza: 4 Yaral\u0131"},"content":{"rendered":"<h2 id=\"spot\" class=\"mt10 haber_ozet\">Bursa&#8217;n\u0131n \u0130neg\u00f6l il\u00e7esinde hafif ticari arac\u0131n otomobile \u00e7arpmas\u0131 sonucu 4 ki\u015fi yaraland\u0131.<\/h2>\n<div class=\"news-detail-container\">\n<div class=\"left-block\">\n<div class=\"wrapper detay-v3_3 haber_metni\">BURSA&#8217;n\u0131n\u00a0\u0130neg\u00f6l\u00a0il\u00e7esinde hafif ticari arac\u0131n otomobile arkadan \u00e7arpt\u0131\u011f\u0131 kazada 4 ki\u015fi yaraland\u0131.&nbsp;<\/p>\n<p>Kaza, saat 14.00 s\u0131ralar\u0131nda \u0130neg\u00f6l il\u00e7esine ba\u011fl\u0131 Ertu\u011frulgazi Mahallesi&#8217;nde meydana geldi.\u00a0Akp\u0131nar\u00a0Caddesi&#8217;nde seyir halinde olan Mehmet \u00c7. (51) y\u00f6netimindeki 16 BHZ 537 plakal\u0131 hafif ticari ara\u00e7, Akhmad K.&#8217;nin (60) kulland\u0131\u011f\u0131 16 BTR 732 plakal\u0131 otomobile arkadan \u00e7arpt\u0131. Kaza sonucu s\u00fcr\u00fcc\u00fcler ile otomobilde bulunan Shatarat K. (60) ile Eldar M.(31) yaraland\u0131. Yaral\u0131lar, ambulanslarla \u0130neg\u00f6l Devlet Hastanesi&#8217;ne kald\u0131r\u0131ld\u0131. Yaral\u0131lar\u0131n hayati tehlikesinin bulunmad\u0131\u011f\u0131 \u00f6\u011frenildi. Kaza ile ilgili soru\u015fturma ba\u015flat\u0131ld\u0131.<\/p>\n<\/div>\n<\/div>\n<\/div>\n","protected":false},"excerpt":{"rendered":"<p>Bursa&#8217;n\u0131n \u0130neg\u00f6l il\u00e7esinde hafif ticari arac\u0131n otomobile \u00e7arpmas\u0131 sonucu 4 ki\u015fi yaraland\u0131. BURSA&#8217;n\u0131n\u00a0\u0130neg\u00f6l\u00a0il\u00e7esinde hafif ticari arac\u0131n otomobile arkadan \u00e7arpt\u0131\u011f\u0131 kazada 4 ki\u015fi yaraland\u0131.&nbsp; Kaza, saat 14.00 s\u0131ralar\u0131nda \u0130neg\u00f6l il\u00e7esine ba\u011fl\u0131 Ertu\u011frulgazi Mahallesi&#8217;nde meydana geldi.\u00a0Akp\u0131nar\u00a0Caddesi&#8217;nde seyir halinde olan Mehmet \u00c7. (51) y\u00f6netimindeki 16 BHZ 537 plakal\u0131 hafif ticari ara\u00e7, Akhmad K.&#8217;nin (60) kulland\u0131\u011f\u0131 16 BTR 732 [&hellip;]<\/p>\n","protected":false},"author":1,"featured_media":3039,"comment_status":"closed","ping_status":"closed","sticky":false,"template":"","format":"standard","meta":{"footnotes":""},"categories":[7,39],"tags":[80,406,311,216,334,33,331],"class_list":["post-3038","post","type-post","status-publish","format-standard","has-post-thumbnail","hentry","category-gundem","category-haber","tag-bursa","tag-inegol","tag-kaza","tag-trafik","tag-guncel","tag-yasam","tag-yerel-haberler"],"_links":{"self":[{"href":"https:\/\/avukatimtv.com\/index.php\/wp-json\/wp\/v2\/posts\/3038","targetHints":{"allow":["GET"]}}],"collection":[{"href":"https:\/\/avukatimtv.com\/index.php\/wp-json\/wp\/v2\/posts"}],"about":[{"href":"https:\/\/avukatimtv.com\/index.php\/wp-json\/wp\/v2\/types\/post"}],"author":[{"embeddable":true,"href":"https:\/\/avukatimtv.com\/index.php\/wp-json\/wp\/v2\/users\/1"}],"replies":[{"embeddable":true,"href":"https:\/\/avukatimtv.com\/index.php\/wp-json\/wp\/v2\/comments?post=3038"}],"version-history":[{"count":1,"href":"https:\/\/avukatimtv.com\/index.php\/wp-json\/wp\/v2\/posts\/3038\/revisions"}],"predecessor-version":[{"id":3040,"href":"https:\/\/avukatimtv.com\/index.php\/wp-json\/wp\/v2\/posts\/3038\/revisions\/3040"}],"wp:featuredmedia":[{"embeddable":true,"href":"https:\/\/avukatimtv.com\/index.php\/wp-json\/wp\/v2\/media\/3039"}],"wp:attachment":[{"href":"https:\/\/avukatimtv.com\/index.php\/wp-json\/wp\/v2\/media?parent=3038"}],"wp:term":[{"taxonomy":"category","embeddable":true,"href":"https:\/\/avukatimtv.com\/index.php\/wp-json\/wp\/v2\/categories?post=3038"},{"taxonomy":"post_tag","embeddable":true,"href":"https:\/\/avukatimtv.com\/index.php\/wp-json\/wp\/v2\/tags?post=3038"}],"curies":[{"name":"wp","href":"https:\/\/api.w.org\/{rel}","templated":true}]}}