{"id":3042,"date":"2025-09-23T19:21:42","date_gmt":"2025-09-23T16:21:42","guid":{"rendered":"https:\/\/avukatimtv.com\/?p=3042"},"modified":"2025-09-23T19:21:42","modified_gmt":"2025-09-23T16:21:42","slug":"bodrumda-cifte-cinayet-itirafi","status":"publish","type":"post","link":"https:\/\/avukatimtv.com\/index.php\/2025\/09\/23\/bodrumda-cifte-cinayet-itirafi\/","title":{"rendered":"Bodrum&#8217;da \u00c7ifte Cinayet \u0130tiraf\u0131"},"content":{"rendered":"<h2 id=\"spot\" class=\"mt10 haber_ozet\">Cinayet san\u0131\u011f\u0131 Arda Ramazan K., mahkemede cinayeti itiraf ederek Suriyeli Mamo&#8217;yu su\u00e7lad\u0131.<\/h2>\n<div class=\"news-detail-container\">\n<div class=\"left-block\">\n<div class=\"wrapper detay-v3_3 haber_metni\">\n<p>&nbsp;<\/p>\n<p>&nbsp;<\/p>\n<p>MU\u011eLA&#8217;n\u0131n\u00a0Bodrum\u00a0il\u00e7esinde Ayhan Seyat (26) ile\u00a0Ferit Y\u0131ld\u0131z&#8217;\u0131n (22) \u00f6ld\u00fcr\u00fclmesi ile ilgili davada tutuklu yarg\u0131lanan san\u0131klardan Arda Ramazan K., \u00f6nceki ifadelerini de\u011fi\u015ftirip, cinayeti itiraf etti. Arda Ramazan K., &#8220;Birini ben, di\u011ferini Suriyeli Mamo vurdu&#8221; dedi.<\/p>\n<p>Olay, 16 A\u011fustos 2024 tarihinde saat 01.30 s\u0131ralar\u0131nda Kumbah\u00e7e Mahallesi 2439 Sokak&#8217;ta meydana geldi. 4 ki\u015fi, otomobille\u00a0\u0130stanbul&#8217;da ya\u015fad\u0131\u011f\u0131 belirtilen Ayhan Seyat ile Ferit Y\u0131ld\u0131z&#8217;\u0131n bulundu\u011fu eve geldi. \u0130\u00e7eri giren bu ki\u015filer Seyat ve Y\u0131ld\u0131z&#8217;\u0131 tabancayla vurup ka\u00e7t\u0131. Silah sesini duyan mahallelinin ihbar\u0131 \u00fczerine adrese sa\u011fl\u0131k ve polis ekibi sevk edildi. Ekipler, 2 ki\u015fiden birini koltukta otururken, di\u011ferinin y\u00fcz\u00fc sehpaya d\u00f6n\u00fck kanlar i\u00e7inde buldu. Sa\u011fl\u0131k ekipleri, yapt\u0131klar\u0131 kontrolde v\u00fccutlar\u0131n\u0131n \u00e7e\u015fitli yerlerine \u00e7ok say\u0131da mermi isabet eden Ayhan Seyat ile Ferit Y\u0131ld\u0131z&#8217;\u0131n ya\u015fam\u0131n\u0131 yitirdi\u011fini tespit etti. Ferit Y\u0131ld\u0131z memleketi\u00a0Mardin&#8217;de, Ayhan Seyat memleketi\u00a0Bitlis&#8217;te topra\u011fa verildi.<\/p>\n<p>POL\u0130S \u00d6ZEL EK\u0130P KURDU<\/p>\n<p>Olay\u0131n ard\u0131ndan ba\u015flat\u0131lan soru\u015fturma kapsam\u0131nda\u00a0Bodrum \u0130l\u00e7e Emniyet M\u00fcd\u00fcrl\u00fc\u011f\u00fc\u00a0ekipleri, \u00f6zel ekip kurdu. Ekipler, b\u00f6lgedeki 40&#8217;a yak\u0131n g\u00fcvenlik kameras\u0131 kay\u0131tlar\u0131n\u0131 incelemeye ald\u0131. Teknik ve fiziki \u00e7al\u0131\u015fmalar\u0131n ard\u0131ndan \u0130stanbul,\u00a0Kocaeli,\u00a0\u0130zmir\u00a0ve\u00a0Mu\u011fla&#8217;da Caner A., Erhan \u015e., Muhammed A.,\u00a0Muhammed Burak\u00a0B., Arda Ramazan K., Ali K., Do\u011fan S., Naim Y., Ersan A., Adem T., Hasan T., Vedat Y., Hayrettin D. ve Ezgi Y. g\u00f6zalt\u0131na al\u0131nd\u0131. 14 \u015f\u00fcpheli, \u00e7\u0131kar\u0131ld\u0131\u011f\u0131 mahkemece &#8216;Tasarlayarak \u00f6ld\u00fcrme&#8217; su\u00e7undan tutukland\u0131. Firarda olan olay\u0131n azmettiricisi oldu\u011fu ileri s\u00fcr\u00fclen E\u015fref T. ile Suriye uyruklu Muhammed Mamo&#8217;nun yakalanmas\u0131 i\u00e7in de \u00e7al\u0131\u015fma ba\u015flat\u0131ld\u0131.<\/p>\n<p>55 SAYFALIK \u0130DD\u0130ANAME HAZIRLANDI<\/p>\n<p>Soru\u015fturman\u0131n ard\u0131ndan firarda olan E\u015fref T. ve Suriye uyruklu Muhammed Mamo&#8217;nun da aralar\u0131nda bulundu\u011fu toplam 16 ki\u015fi hakk\u0131nda Bodrum\u00a0Cumhuriyet Ba\u015fsavc\u0131l\u0131\u011f\u0131\u00a0taraf\u0131ndan 55 sayfal\u0131k iddianame haz\u0131rland\u0131. \u0130ddianamede; 14&#8217;\u00fc tutuklu, 2&#8217;si firari san\u0131klar i\u00e7in &#8216;Tasarlayarak \u00f6ld\u00fcrme&#8217; su\u00e7undan 2 kez a\u011f\u0131rla\u015ft\u0131r\u0131lm\u0131\u015f m\u00fcebbet hapis cezas\u0131 istendi.<\/p>\n<p>OLAYDA \u0130K\u0130 AYRI S\u0130LAH KULLANILMI\u015e<\/p>\n<p>Olay\u0131n ard\u0131ndan yap\u0131lan\u00a0Adli T\u0131p\u00a0incelemesinde; Ayhan Seyat&#8217;\u0131n v\u00fccuduna isabet eden 14 mermiden 4&#8217;\u00fcn\u00fcn, Ferit Y\u0131ld\u0131z&#8217;a isabet eden 20 mermiden ise 6&#8217;s\u0131n\u0131n \u00f6ld\u00fcr\u00fcc\u00fc nitelikte oldu\u011fu belirtildi. Sald\u0131r\u0131da 2 ayr\u0131 silahtan, uzaktan at\u0131\u015flar yap\u0131ld\u0131\u011f\u0131 da ortaya \u00e7\u0131kt\u0131. \u0130ddianamede; E\u015fref T.&#8217;nin Bodrum&#8217;da \u00e7evresindekilere kendini &#8216;Peter Suslov&#8217; ismiyle tan\u0131tt\u0131\u011f\u0131 ve olay\u0131n ard\u0131ndan yurt d\u0131\u015f\u0131na ka\u00e7t\u0131\u011f\u0131 belirtildi.<\/p>\n<p>&#8216;F\u0130RAR\u0130 SANIK, OLAYIN AZMETT\u0130R\u0130C\u0130S\u0130 VE PLANLAYICISI&#8217;<\/p>\n<p>\u0130ddianamede; firari san\u0131k E\u015fref T.&#8217;nin olay\u0131n azmettiricisi ve planlay\u0131c\u0131s\u0131 oldu\u011fu anlat\u0131ld\u0131. E\u015fref T.&#8217;nin, \u00f6ld\u00fcr\u00fclen Ayhan Seyat ile Ferit Y\u0131ld\u0131z&#8217;\u0131 di\u011fer \u015f\u00fcpheliler Naim Y. ve Ersan A.&#8217;n\u0131n arac\u0131l\u0131\u011f\u0131yla ula\u015f\u0131p, Bodrum&#8217;a getirdi\u011fi ve yak\u0131n davrand\u0131\u011f\u0131, Bodrum&#8217;a ba\u015fka bir ama\u00e7 i\u00e7in getirdi\u011fini s\u00f6yleyip g\u00fcvenlerini kazand\u0131\u011f\u0131, bu ki\u015fileri ev ortam\u0131na yerle\u015ftirip, g\u00f6r\u00fc\u015fmelerini engelleyip telefonlar\u0131n\u0131 kapatt\u0131rd\u0131\u011f\u0131, uyu\u015fturucu ve alkol temin etti\u011fi, ev i\u00e7erisinde bulunmalar\u0131ndan faydalanarak \u00f6ld\u00fcr\u00fclmeleri konusunda planlar yapt\u0131\u011f\u0131na da iddianamede yer verildi.<\/p>\n<p>SINIR DI\u015eI ED\u0130L\u0130NCE YAKALANMI\u015eLAR<\/p>\n<p>\u0130ddianamede; \u015f\u00fcpheli Arda Ramazan K.&#8217;n\u0131n olay\u0131n ortak faili oldu\u011fu ve E\u015fref T.&#8217;nin azmettirmesiyle \u00e7ifte cinayeti i\u015fledi\u011fi vurguland\u0131. Arda Ramazan K.&#8217;n\u0131n \u00f6ld\u00fcr\u00fclen Seyat ile Y\u0131ld\u0131z&#8217;a bizzat ate\u015f etti\u011fi de iddianamede yer ald\u0131. Arda Ramazan K.&#8217;n\u0131n olay\u0131n ard\u0131ndan di\u011fer \u015f\u00fcpheliler E\u015fref T., Caner A. ve Muhammed Mamo ile yurt d\u0131\u015f\u0131na ka\u00e7t\u0131\u011f\u0131 ancak s\u0131n\u0131r d\u0131\u015f\u0131 edilince yakaland\u0131\u011f\u0131 kaydedildi. Arda Ramazan K.&#8217;n\u0131n, &#8220;E\u015fref T. beni yurt d\u0131\u015f\u0131na ka\u00e7\u0131rmad\u0131. Kendi imkanlar\u0131m ile yurt d\u0131\u015f\u0131na ka\u00e7t\u0131m. E\u015fref T.&#8217;den bu ama\u00e7 ile maddi menfaat sa\u011flamad\u0131m. Olay nedeniyle bir \u015fey yapmad\u0131\u011f\u0131m i\u00e7in pi\u015fmanl\u0131k duymuyorum. Delilleri saklam\u0131yorum, bildiklerimi anlat\u0131yorum. Seyat ve Y\u0131ld\u0131z&#8217;\u0131, biz evden ayr\u0131ld\u0131ktan sonra kim \u00f6ld\u00fcrd\u00fc, bilmiyorum. \u00dczerime at\u0131l\u0131 su\u00e7lamay\u0131 kabul etmiyorum. \u0130ki ki\u015fiyi ben \u00f6ld\u00fcrmedim. Bu ama\u00e7la para almad\u0131m. Kimse beni azmettirmedi. Bu \u015fah\u0131slar\u0131 \u00f6ld\u00fcrd\u00fc\u011f\u00fcm i\u00e7in de yurt d\u0131\u015f\u0131na ka\u00e7mad\u0131m. Olay nedeniyle kimseden korkmuyorum, tehdit edilmedim, bildiklerimi anlatt\u0131m&#8221; \u015feklindeki ifadesi de iddianameye girdi.<\/p>\n<p>\u0130FADES\u0130N\u0130 DE\u011e\u0130\u015eT\u0130RD\u0130<\/p>\n<p>Bodrum 2&#8217;nci A\u011f\u0131r Ceza Mahkemesi&#8217;nde bug\u00fcn ikinci duru\u015fma g\u00f6r\u00fcld\u00fc. \u0130ddianamedekinin aksine cinayeti i\u015flemedi\u011fini belirten Arda Ramazan K., daha \u00f6nceki ifadelerini de\u011fi\u015ftirdi. Arda Ramazan K. mahkemedeki ifadesinde, E\u015fref T.&#8217;nin kendisini uyu\u015fturucu i\u00e7meye \u00e7a\u011f\u0131rd\u0131\u011f\u0131n\u0131 belirtip, &#8220;Att\u0131\u011f\u0131 konuma gitti\u011fimde; \u00f6len 2 ki\u015fi ile birlikte E\u015fref T. ve Suriyeli Mamo vard\u0131. E\u015fref, daha sonra telefon gelince ayr\u0131ld\u0131. Uyu\u015fturucu kullanmalar\u0131ndan sonra aralar\u0131nda tart\u0131\u015fma \u00e7\u0131kt\u0131. \u00d6len ki\u015filerden biri ile Suriyeli Mamo tart\u0131\u015fmaya ba\u015flad\u0131. Daha sonra k\u00fcf\u00fcrle\u015fmeler oldu; ben de o s\u0131ra E\u015fref&#8217;i arad\u0131m, tart\u0131\u015fmalar devam etti. \u00d6len ki\u015filerden biri, \u00f6lm\u00fc\u015f babama k\u00fcfretti, bize ba\u011f\u0131rmaya ba\u015flad\u0131lar. Ellerini bellerine att\u0131lar, bir cisim g\u00f6rd\u00fck. Suriyeli Mamo ile \u00fczerlerine atlad\u0131k. Silah oldu\u011funu anlad\u0131k. Silahlar\u0131 ald\u0131k, birka\u00e7 el ate\u015f ettik. Sonra midem buland\u0131, evden \u00e7\u0131kt\u0131m. O s\u0131rada Suriyeli Mamo pe\u015f pe\u015fe ate\u015f etmeye ba\u015flad\u0131. Birini ben, di\u011ferini Suriyeli Mamo vurdu. Daha sonra E\u015fref&#8217;in yan\u0131na gittik. &#8216;E\u015fref, beni b\u0131rak teslim olmak istiyorum&#8217; dedim. Bana, &#8216;Hayat\u0131m\u0131 m\u0131 karartacaks\u0131n, ba\u015f\u0131m\u0131 m\u0131 yakacaks\u0131n?&#8217; deyip, vurdu. Ard\u0131ndan bizi yasa d\u0131\u015f\u0131 yollardan yurt d\u0131\u015f\u0131na \u00e7\u0131kard\u0131. Pi\u015fman\u0131m. Korktu\u011fum i\u00e7in do\u011fruyu s\u00f6yleyemedim, savc\u0131l\u0131k ifadem sa\u00e7ma oldu. \u0130lk defa ba\u015f\u0131ma b\u00f6yle bir olay geliyor. T\u00fcrk adaletinden g\u00fc\u00e7l\u00fc bir \u015fey yoktur; onu anlad\u0131m&#8221; dedi.<\/p>\n<p>DURU\u015eMA ERTELEND\u0130<\/p>\n<p>Di\u011fer san\u0131klar Ali K., Caner A., Do\u011fan S., Erhan \u015e., Adem T., Ezgi Y., Hasan Y., Vedat Y., Hayrettin D., Muhammed A., Ersan A., Muhammed B., Naim Y. ise olayla ilgilerinin olmad\u0131klar\u0131n\u0131 belirterek, tahliyelerini ve beraatlerini talep etti. Ard\u0131ndan tan\u0131klar da dinlendi. Savunmalar\u0131n ard\u0131ndan mahkeme heyeti, san\u0131klar\u0131n tutukluluk hallerinin devam\u0131na karar verip, duru\u015fmay\u0131\u00a010 Kas\u0131m&#8217;a erteledi.<\/p>\n<\/div>\n<\/div>\n<\/div>\n","protected":false},"excerpt":{"rendered":"<p>Cinayet san\u0131\u011f\u0131 Arda Ramazan K., mahkemede cinayeti itiraf ederek Suriyeli Mamo&#8217;yu su\u00e7lad\u0131. &nbsp; &nbsp; MU\u011eLA&#8217;n\u0131n\u00a0Bodrum\u00a0il\u00e7esinde Ayhan Seyat (26) ile\u00a0Ferit Y\u0131ld\u0131z&#8217;\u0131n (22) \u00f6ld\u00fcr\u00fclmesi ile ilgili davada tutuklu yarg\u0131lanan san\u0131klardan Arda Ramazan K., \u00f6nceki ifadelerini de\u011fi\u015ftirip, cinayeti itiraf etti. Arda Ramazan K., &#8220;Birini ben, di\u011ferini Suriyeli Mamo vurdu&#8221; dedi. Olay, 16 A\u011fustos 2024 tarihinde saat 01.30 s\u0131ralar\u0131nda [&hellip;]<\/p>\n","protected":false},"author":1,"featured_media":3043,"comment_status":"closed","ping_status":"closed","sticky":false,"template":"","format":"standard","meta":{"footnotes":""},"categories":[7,39],"tags":[60,147,118,71,312,539,538,334],"class_list":["post-3042","post","type-post","status-publish","format-standard","has-post-thumbnail","hentry","category-gundem","category-haber","tag-cinayet","tag-mahkeme","tag-mugla","tag-suc","tag-suriye","tag-bodrum","tag-ferit-yildiz","tag-guncel"],"_links":{"self":[{"href":"https:\/\/avukatimtv.com\/index.php\/wp-json\/wp\/v2\/posts\/3042","targetHints":{"allow":["GET"]}}],"collection":[{"href":"https:\/\/avukatimtv.com\/index.php\/wp-json\/wp\/v2\/posts"}],"about":[{"href":"https:\/\/avukatimtv.com\/index.php\/wp-json\/wp\/v2\/types\/post"}],"author":[{"embeddable":true,"href":"https:\/\/avukatimtv.com\/index.php\/wp-json\/wp\/v2\/users\/1"}],"replies":[{"embeddable":true,"href":"https:\/\/avukatimtv.com\/index.php\/wp-json\/wp\/v2\/comments?post=3042"}],"version-history":[{"count":1,"href":"https:\/\/avukatimtv.com\/index.php\/wp-json\/wp\/v2\/posts\/3042\/revisions"}],"predecessor-version":[{"id":3044,"href":"https:\/\/avukatimtv.com\/index.php\/wp-json\/wp\/v2\/posts\/3042\/revisions\/3044"}],"wp:featuredmedia":[{"embeddable":true,"href":"https:\/\/avukatimtv.com\/index.php\/wp-json\/wp\/v2\/media\/3043"}],"wp:attachment":[{"href":"https:\/\/avukatimtv.com\/index.php\/wp-json\/wp\/v2\/media?parent=3042"}],"wp:term":[{"taxonomy":"category","embeddable":true,"href":"https:\/\/avukatimtv.com\/index.php\/wp-json\/wp\/v2\/categories?post=3042"},{"taxonomy":"post_tag","embeddable":true,"href":"https:\/\/avukatimtv.com\/index.php\/wp-json\/wp\/v2\/tags?post=3042"}],"curies":[{"name":"wp","href":"https:\/\/api.w.org\/{rel}","templated":true}]}}