{"id":3045,"date":"2025-09-23T19:27:10","date_gmt":"2025-09-23T16:27:10","guid":{"rendered":"https:\/\/avukatimtv.com\/?p=3045"},"modified":"2025-09-23T19:27:10","modified_gmt":"2025-09-23T16:27:10","slug":"gaziantepte-ziraat-teknigi-cinayeti","status":"publish","type":"post","link":"https:\/\/avukatimtv.com\/index.php\/2025\/09\/23\/gaziantepte-ziraat-teknigi-cinayeti\/","title":{"rendered":"Gaziantep&#8217;te Ziraat Tekni\u011fi Cinayeti"},"content":{"rendered":"<h2 id=\"spot\" class=\"mt10 haber_ozet\">Ahmet Unurlu, arac\u0131nda kalbinden b\u0131\u00e7aklanarak \u00f6l\u00fc bulundu. Jandarma soru\u015fturma ba\u015flatt\u0131.<\/h2>\n<div class=\"news-detail-container\">\n<div class=\"left-block\">\n<div class=\"wrapper detay-v3_3 haber_metni\">\n<p>Gaziantep\u00a0Tar\u0131m\u00a0ve Orman \u0130l M\u00fcd\u00fcrl\u00fc\u011f\u00fc&#8217;\u00fcnde ziraat teknikeri olarak g\u00f6rev yapan Ahmet Unurlu (58), da\u011fl\u0131k alandaki arac\u0131nda kalbinden b\u0131\u00e7aklanm\u0131\u015f \u015fekilde \u00f6l\u00fc bulundu.<\/p>\n<p>Olay, sabah saatlerinde\u00a0O\u011fuzeli\u00a0il\u00e7esi k\u0131rsal\u00a0\u00c7ayba\u015f\u0131\u00a0Mahallesi&#8217;nde meydana geldi. \u0130ddiaya g\u00f6re, da\u011fl\u0131k alanda park halindeki bir arac\u0131n i\u00e7inde bir \u015fahs\u0131 hareketsiz \u015fekilde g\u00f6ren vatanda\u015flar durumu 112 acil \u00e7a\u011fr\u0131 merkezine bildirdi. \u0130hbar \u00fczerine olay yerine \u00e7ok say\u0131da jandarma ve sa\u011fl\u0131k ekibi sevk edildi. Olay yerine gelen sa\u011fl\u0131k ekiplerinin kontrollerinde ara\u00e7 i\u00e7erisinde kalbinden b\u0131\u00e7aklanm\u0131\u015f halde bulunan \u015fahs\u0131n hayat\u0131n\u0131 kaybetti\u011fi belirlendi.<\/p>\n<p>\u00d6len ki\u015finin Tar\u0131m ve Orman \u0130l M\u00fcd\u00fcrl\u00fc\u011f\u00fc personeli oldu\u011fu belirlendi<\/p>\n<p>Jandarma\u00a0ekiplerinin soru\u015fturmas\u0131 neticesinde hayat\u0131n\u0131 kaybeden \u015fahs\u0131n, Gaziantep Tar\u0131m ve Orman \u0130l M\u00fcd\u00fcrl\u00fc\u011f\u00fc O\u011fuzeli\u00a0\u0130l\u00e7e Tar\u0131m M\u00fcd\u00fcrl\u00fc\u011f\u00fc&#8217;nde ziraat teknikeri olarak \u00e7al\u0131\u015fan Ahmet Unurlu oldu\u011fu tespit edildi. Unurlu&#8217;nun cenazesi, olay yerinde tamamlanan i\u015flemlerin ard\u0131ndan Gaziantep Adli T\u0131p Kurumu Morguna kald\u0131r\u0131ld\u0131.<\/p>\n<p>Olayla ilgili cinayet \u015f\u00fcphesiyle soru\u015fturma ba\u015flat\u0131ld\u0131. &#8211; GAZ\u0130ANTEP<\/p>\n<\/div>\n<\/div>\n<\/div>\n","protected":false},"excerpt":{"rendered":"<p>Ahmet Unurlu, arac\u0131nda kalbinden b\u0131\u00e7aklanarak \u00f6l\u00fc bulundu. Jandarma soru\u015fturma ba\u015flatt\u0131. Gaziantep\u00a0Tar\u0131m\u00a0ve Orman \u0130l M\u00fcd\u00fcrl\u00fc\u011f\u00fc&#8217;\u00fcnde ziraat teknikeri olarak g\u00f6rev yapan Ahmet Unurlu (58), da\u011fl\u0131k alandaki arac\u0131nda kalbinden b\u0131\u00e7aklanm\u0131\u015f \u015fekilde \u00f6l\u00fc bulundu. Olay, sabah saatlerinde\u00a0O\u011fuzeli\u00a0il\u00e7esi k\u0131rsal\u00a0\u00c7ayba\u015f\u0131\u00a0Mahallesi&#8217;nde meydana geldi. \u0130ddiaya g\u00f6re, da\u011fl\u0131k alanda park halindeki bir arac\u0131n i\u00e7inde bir \u015fahs\u0131 hareketsiz \u015fekilde g\u00f6ren vatanda\u015flar durumu 112 acil \u00e7a\u011fr\u0131 [&hellip;]<\/p>\n","protected":false},"author":1,"featured_media":3046,"comment_status":"closed","ping_status":"closed","sticky":false,"template":"","format":"standard","meta":{"footnotes":""},"categories":[7,39],"tags":[60,243,333,332,331],"class_list":["post-3045","post","type-post","status-publish","format-standard","has-post-thumbnail","hentry","category-gundem","category-haber","tag-cinayet","tag-gaziantep","tag-olaylar","tag-politika","tag-yerel-haberler"],"_links":{"self":[{"href":"https:\/\/avukatimtv.com\/index.php\/wp-json\/wp\/v2\/posts\/3045","targetHints":{"allow":["GET"]}}],"collection":[{"href":"https:\/\/avukatimtv.com\/index.php\/wp-json\/wp\/v2\/posts"}],"about":[{"href":"https:\/\/avukatimtv.com\/index.php\/wp-json\/wp\/v2\/types\/post"}],"author":[{"embeddable":true,"href":"https:\/\/avukatimtv.com\/index.php\/wp-json\/wp\/v2\/users\/1"}],"replies":[{"embeddable":true,"href":"https:\/\/avukatimtv.com\/index.php\/wp-json\/wp\/v2\/comments?post=3045"}],"version-history":[{"count":1,"href":"https:\/\/avukatimtv.com\/index.php\/wp-json\/wp\/v2\/posts\/3045\/revisions"}],"predecessor-version":[{"id":3047,"href":"https:\/\/avukatimtv.com\/index.php\/wp-json\/wp\/v2\/posts\/3045\/revisions\/3047"}],"wp:featuredmedia":[{"embeddable":true,"href":"https:\/\/avukatimtv.com\/index.php\/wp-json\/wp\/v2\/media\/3046"}],"wp:attachment":[{"href":"https:\/\/avukatimtv.com\/index.php\/wp-json\/wp\/v2\/media?parent=3045"}],"wp:term":[{"taxonomy":"category","embeddable":true,"href":"https:\/\/avukatimtv.com\/index.php\/wp-json\/wp\/v2\/categories?post=3045"},{"taxonomy":"post_tag","embeddable":true,"href":"https:\/\/avukatimtv.com\/index.php\/wp-json\/wp\/v2\/tags?post=3045"}],"curies":[{"name":"wp","href":"https:\/\/api.w.org\/{rel}","templated":true}]}}