{"id":3048,"date":"2025-09-23T19:33:55","date_gmt":"2025-09-23T16:33:55","guid":{"rendered":"https:\/\/avukatimtv.com\/?p=3048"},"modified":"2025-09-23T19:33:55","modified_gmt":"2025-09-23T16:33:55","slug":"cakiciya-yakinligiyla-bilinen-is-insanini-olduren-kisi-orgut-lideri-cikti","status":"publish","type":"post","link":"https:\/\/avukatimtv.com\/index.php\/2025\/09\/23\/cakiciya-yakinligiyla-bilinen-is-insanini-olduren-kisi-orgut-lideri-cikti\/","title":{"rendered":"\u00c7ak\u0131c\u0131&#8217;ya yak\u0131nl\u0131\u011f\u0131yla bilinen i\u015f insan\u0131n\u0131 \u00f6ld\u00fcren ki\u015fi \u00f6rg\u00fct lideri \u00e7\u0131kt\u0131"},"content":{"rendered":"<h2 id=\"spot\" class=\"mt10 haber_ozet\">\u0130stanbul&#8217;da Alaattin \u00c7ak\u0131c\u0131&#8217;ya yak\u0131nl\u0131\u011f\u0131yla bilinen ve kozmetik \u00fcr\u00fcnler satan firman\u0131n sahibi Kemal \u00c7a\u011flar Temel&#8217;in \u00f6ld\u00fcr\u00fcld\u00fc\u011f\u00fc sald\u0131r\u0131da teti\u011fi Kazanlar su\u00e7 \u00f6rg\u00fct\u00fc lideri Serkan Kazan&#8217;\u0131n \u00e7ekti\u011fi belirlendi. Olaya ili\u015fkin haz\u0131rlanan iddianamede, 18 ya\u015f\u0131ndan k\u00fc\u00e7\u00fck d\u00f6rt ki\u015fi i\u00e7in 24 y\u0131la kadar hapis cezas\u0131 istendi.<\/h2>\n<div class=\"news-detail-container\">\n<div class=\"left-block\">\n<div class=\"wrapper detay-v3_3 haber_metni\">\n<p>\u0130stanbul&#8217;da\u00a0Kemal \u00c7a\u011flar\u00a0Temel&#8217;in \u00f6ld\u00fcr\u00fcld\u00fc\u011f\u00fc silahl\u0131 sald\u0131r\u0131ya ili\u015fkin haz\u0131rlanan iddianame tamamland\u0131. \u0130ddianamede, sald\u0131r\u0131n\u0131n olu\u015f ve planlama \u015fekli ile azmettirici ve teti\u011fi \u00e7eken sald\u0131rgana ili\u015fkin \u00e7arp\u0131c\u0131 ayr\u0131nt\u0131lar yer ald\u0131.<\/p>\n<h3>CERRAH\u0130 MASKE TAKIP ATE\u015e A\u00c7TILAR<\/h3>\n<p>Olay, 10\u00a0Eyl\u00fcl\u00a02024&#8217;te saat 11.00 s\u0131ralar\u0131nda Burhaniye Mahallesi Abdullaha\u011fa Caddesi&#8217;nde bulunan kozmetik \u00fcr\u00fcnleri satan firman\u0131n \u00f6n\u00fcnde meydana geldi.\u00a0Alaattin \u00c7ak\u0131c\u0131&#8217;ya yak\u0131nl\u0131\u011f\u0131yla bilinen i\u015f insan Kemal \u00c7a\u011flar Temel motosikletiyle i\u015f yerine geldi\u011fi s\u0131rada caddede bekleyen, cerrahi maske takan sald\u0131rgan taraf\u0131ndan silahl\u0131 sald\u0131r\u0131ya u\u011frad\u0131. Sald\u0131rgan daha sonra olay yerinden ka\u00e7t\u0131. \u0130hbar \u00fczerine olay yerine polis ve sa\u011fl\u0131k ekipleri sevk edildi. Yap\u0131lan kontrollerde Temel&#8217;in olay yerinde hayat\u0131n\u0131 kaybetti\u011fi belirlendi. Ekiplerin \u00e7al\u0131\u015fmas\u0131 \u00fczerine \u015f\u00fcpheliler yakalanarak g\u00f6zalt\u0131na al\u0131nd\u0131. Emniyetteki i\u015flemlerinin ard\u0131ndan adliyeye sevk edilen \u015f\u00fcpheliler savc\u0131l\u0131kta al\u0131nan ifadelerinin ard\u0131ndan \u00e7\u0131kar\u0131ld\u0131klar\u0131 hakimlik\u00e7e tutukland\u0131.<\/p>\n<p><img decoding=\"async\" src=\"https:\/\/foto.sondakika.com\/haber\/2025\/09\/23\/kemal-caglar-temel-cinayetinde-tetigi-ceken-suc-19077066_2651_m.jpg\" alt=\"Kemal \u00c7a\u011flar Temel cinayetinde teti\u011fi \u00e7eken su\u00e7 \u00f6rg\u00fct\u00fcn\u00fcn lideri \u00e7\u0131kt\u0131\" \/><\/p>\n<h3>&#8220;SALDIRI EMR\u0130N\u0130 VEREN KIRKLAREL\u0130&#8217;NDE YAKALANDI&#8221;<\/h3>\n<p>Anadolu Cumhuriyet Ba\u015fsavc\u0131l\u0131\u011f\u0131 taraf\u0131ndan y\u00fcr\u00fct\u00fclen soru\u015fturma tamamland\u0131. Haz\u0131rlanan iddianamede, Temel&#8217;in \u00f6ld\u00fcr\u00fclmesi i\u00e7in \u00f6rg\u00fct lideri &#8216;Osman&#8217; kod adl\u0131 Boran Deniz taraf\u0131ndan talimat verildi\u011fi belirtildi. Deniz&#8217;in ya\u015f\u0131 k\u00fc\u00e7\u00fck ki\u015fileri l\u00fcks ya\u015fam ve para vaadiyle \u00f6rg\u00fcte katt\u0131\u011f\u0131, silah ve ara\u00e7larla \u00f6zendirdi\u011fi, bu kapsamda &#8216;Ha\u015fha\u015filer&#8217; ad\u0131yla yeni bir yap\u0131lanma kurmaya \u00e7al\u0131\u015ft\u0131\u011f\u0131 kaydedildi. Deniz&#8217;in, &#8216;Azatlar&#8217; su\u00e7 \u00f6rg\u00fct\u00fc lideri Serhat Azat ile ba\u011flant\u0131l\u0131 oldu\u011fu, Kemal \u00c7a\u011flar Temel&#8217;in infaz\u0131 i\u00e7in tetik\u00e7i\u00a0\u015eahin \u015eim\u015fek&#8217;i g\u00f6revlendirdi\u011fi kaydedildi. \u015eim\u015fek&#8217;in, M.T.D&#8217;nin y\u00f6nlendirmesiyle Temel&#8217;i i\u015f yeri \u00f6n\u00fcnde vurarak \u00f6ld\u00fcrd\u00fc\u011f\u00fc, ard\u0131ndan G.B.&#8217;nin yard\u0131m\u0131yla olay yerinden ka\u00e7t\u0131\u011f\u0131 kaydedildi. Olay\u0131n ard\u0131ndan otele giderek k\u0131yafet de\u011fi\u015ftirdikleri, silah\u0131 saklad\u0131klar\u0131, ard\u0131ndan\u00a0Zeytinburnu&#8217;nda bir eve ge\u00e7tikleri, orada ba\u011flant\u0131l\u0131 ve birlikte hareket ettikleri yer ald\u0131. \u0130ddianamede ayr\u0131ca, yap\u0131lan bask\u0131nda \u015f\u00fcphelilerle \u00e7ok say\u0131da silah ve m\u00fchimmat ele ge\u00e7irildi\u011fi, Boran Deniz&#8217;in ise yurtd\u0131\u015f\u0131na ka\u00e7maya \u00e7al\u0131\u015f\u0131rken\u00a0K\u0131rklareli&#8217;nde yakaland\u0131\u011f\u0131 da yer ald\u0131.<\/p>\n<\/div>\n<p><img decoding=\"async\" src=\"https:\/\/foto.sondakika.com\/haber\/2025\/09\/23\/kemal-caglar-temel-cinayetinde-tetigi-ceken-suc-19077066_2844_m.jpg\" alt=\"Kemal \u00c7a\u011flar Temel cinayetinde teti\u011fi \u00e7eken su\u00e7 \u00f6rg\u00fct\u00fcn\u00fcn lideri \u00e7\u0131kt\u0131\" \/><\/p>\n<\/div>\n<h3>&#8220;TET\u0130K\u00c7\u0130 KAZANLAR SU\u00c7 \u00d6RG\u00dcT\u00dc L\u0130DER\u0130&#8221;<\/h3>\n<p>\u0130ddianamede, olay yerindeki g\u00fcvenlik kameralar\u0131 ve \u00e7evredeki ara\u00e7 i\u00e7i kamera g\u00f6r\u00fcnt\u00fcleri de yer ald\u0131. Tetik\u00e7inin, &#8216;Kazanlar&#8217; su\u00e7 \u00f6rg\u00fct\u00fc liderinin \u00f6l\u00fcm\u00fcnden sonra lider konumuna ge\u00e7en ve &#8216;Su\u00e7\u00a0i\u015flemek amac\u0131yla \u00f6rg\u00fct kurmak&#8217; su\u00e7undan sab\u0131kal\u0131 olan Serkan Kazan oldu\u011fu,\u00a0Ata\u015fehir&#8217;de bulunan bir otelde yakaland\u0131\u011f\u0131 kaydedildi. Olay g\u00fcn\u00fc \u015fof\u00f6rl\u00fck yapan Ercan \u00c7.&#8217;nin 1 g\u00fcn \u00f6nce tetik\u00e7iyi otelden ald\u0131\u011f\u0131 belirlendi. Boran Deniz&#8217;in, yakaland\u0131\u011f\u0131 ara\u00e7ta ise ate\u015fe haz\u0131r halde tabanca bulundu\u011fu aktar\u0131ld\u0131. 18 ya\u015f\u0131ndan k\u00fc\u00e7\u00fck \u015f\u00fcpheliler B.K., M.E.D., Y.G., M.T.D., internet \u00fczerinden veya tan\u0131d\u0131klar\u0131 vas\u0131tas\u0131yla gruba dahil edildi. \u015e\u00fcphelilerin grupla birlikte hareket ettikleri, kendilerine telefon ve hat verildi\u011fi, i\u015flenen ve i\u015flenmesi muhtemel su\u00e7lar\u0131 bildikleri halde kolluk kuvvetine ba\u015fvurmad\u0131klar\u0131, g\u00f6rev da\u011f\u0131l\u0131mlar\u0131, al\u0131nan talimatlarla ortak eylem g\u00f6sterdikleri iddianamede yer ald\u0131. \u0130ddianamede, 18 ya\u015f\u0131ndan k\u00fc\u00e7\u00fck \u00e7ocuk \u015f\u00fcphelilerin de \u00f6rg\u00fct kapsam\u0131nda cinayet plan\u0131na dahil olduklar\u0131, g\u00f6rev da\u011f\u0131l\u0131m\u0131 yaparak eylem \u00fczerinde ortak hakimiyet kurduklar\u0131, bu nedenle &#8216;Tasarlayarak kasten \u00f6ld\u00fcrme&#8217; su\u00e7undan sorumlu tutulmalar\u0131 gerekti\u011fi vurguland\u0131.<\/p>\n<\/div>\n<p>&nbsp;<\/p>\n<p><img decoding=\"async\" src=\"https:\/\/foto.sondakika.com\/haber\/2025\/09\/23\/kemal-caglar-temel-cinayetinde-tetigi-ceken-suc-19077066_422_m.jpg\" alt=\"Kemal \u00c7a\u011flar Temel cinayetinde teti\u011fi \u00e7eken su\u00e7 \u00f6rg\u00fct\u00fcn\u00fcn lideri \u00e7\u0131kt\u0131\" \/><\/p>\n<p>&nbsp;<\/p>\n<h3>5 ADET MERM\u0130 \u00c7EK\u0130RDE\u011e\u0130 G\u0130R\u0130\u015e\u0130<\/h3>\n<p>Adli T\u0131p raporunda ise, Kemal \u00c7a\u011flar Temel&#8217;in v\u00fccudunda 5 adet ate\u015fli silah mermi \u00e7ekirde\u011fi giri\u015fi tespit edildi. Yaralanmalar\u0131n \u00e7o\u011funun \u00f6ld\u00fcr\u00fcc\u00fc nitelikte olup, at\u0131\u015flar\u0131n 2&#8217;si yak\u0131n 3&#8217;\u00fc ise biti\u015fik at\u0131\u015f d\u0131\u015f\u0131 mesafesinden ger\u00e7ekle\u015ftirildi\u011fi belirtildi. Cesetten, mermi par\u00e7alar\u0131 ve sar\u0131 g\u00f6mlek par\u00e7as\u0131 elde edildi\u011fi kaydedildi. Raporda, Temel&#8217;in \u00f6l\u00fcm\u00fcn\u00fcn ate\u015fli silah mermi \u00e7ekirde\u011fi yaralanmas\u0131na ba\u011fl\u0131 kafatas\u0131, beyin kanamas\u0131, beyin doku harabiyeti, i\u00e7 organ ve b\u00fcy\u00fck damar yaralanmas\u0131na ba\u011fl\u0131 geli\u015fen i\u00e7 kanama sonucu ger\u00e7ekle\u015fti\u011fi kaydedildi.<\/p>\n<p>&nbsp;<\/p>\n<p><img decoding=\"async\" src=\"https:\/\/foto.sondakika.com\/haber\/2025\/09\/23\/kemal-caglar-temel-cinayetinde-tetigi-ceken-suc-19077066_8482_m.jpg\" alt=\"Kemal \u00c7a\u011flar Temel cinayetinde teti\u011fi \u00e7eken su\u00e7 \u00f6rg\u00fct\u00fcn\u00fcn lideri \u00e7\u0131kt\u0131\" \/><\/p>\n<p>&nbsp;<\/p>\n<h3>18 YA\u015eINDAN K\u00dc\u00c7\u00dcK 4 SANIK HAKKINDA 24 YILA KADAR HAP\u0130S TALEB\u0130<\/h3>\n<p>18 ya\u015f\u0131ndan k\u00fc\u00e7\u00fck B.K., M.E.D., M.T.D. ve Y.G. hakk\u0131nda &#8216;Tasarlayarak kasten \u00f6ld\u00fcrme&#8217; su\u00e7undan 18 y\u0131ldan 24 y\u0131la, &#8216;Su\u00e7 i\u015flemek amac\u0131yla kurulan \u00f6rg\u00fcte \u00fcye olma&#8217; su\u00e7undan 1 y\u0131l 8 aydan 4 y\u0131la kadar hapiz cezas\u0131 istendi. Haz\u0131rlanan iddianame ilgili mahkemece kabul edildi\u011finde san\u0131klar\u0131n yarg\u0131lanmalar\u0131na ba\u015flanacak.<\/p>\n","protected":false},"excerpt":{"rendered":"<p>\u0130stanbul&#8217;da Alaattin \u00c7ak\u0131c\u0131&#8217;ya yak\u0131nl\u0131\u011f\u0131yla bilinen ve kozmetik \u00fcr\u00fcnler satan firman\u0131n sahibi Kemal \u00c7a\u011flar Temel&#8217;in \u00f6ld\u00fcr\u00fcld\u00fc\u011f\u00fc sald\u0131r\u0131da teti\u011fi Kazanlar su\u00e7 \u00f6rg\u00fct\u00fc lideri Serkan Kazan&#8217;\u0131n \u00e7ekti\u011fi belirlendi. Olaya ili\u015fkin haz\u0131rlanan iddianamede, 18 ya\u015f\u0131ndan k\u00fc\u00e7\u00fck d\u00f6rt ki\u015fi i\u00e7in 24 y\u0131la kadar hapis cezas\u0131 istendi. \u0130stanbul&#8217;da\u00a0Kemal \u00c7a\u011flar\u00a0Temel&#8217;in \u00f6ld\u00fcr\u00fcld\u00fc\u011f\u00fc silahl\u0131 sald\u0131r\u0131ya ili\u015fkin haz\u0131rlanan iddianame tamamland\u0131. \u0130ddianamede, sald\u0131r\u0131n\u0131n olu\u015f ve planlama [&hellip;]<\/p>\n","protected":false},"author":1,"featured_media":3049,"comment_status":"closed","ping_status":"closed","sticky":false,"template":"","format":"standard","meta":{"footnotes":""},"categories":[7,39],"tags":[60,164,175,148,69,71,209,540,334,541,332,331],"class_list":["post-3048","post","type-post","status-publish","format-standard","has-post-thumbnail","hentry","category-gundem","category-haber","tag-cinayet","tag-cocuk","tag-guvenlik","tag-hukuk","tag-istanbul","tag-suc","tag-uskudar","tag-alaattin-cakici","tag-guncel","tag-kemal-caglar","tag-politika","tag-yerel-haberler"],"_links":{"self":[{"href":"https:\/\/avukatimtv.com\/index.php\/wp-json\/wp\/v2\/posts\/3048","targetHints":{"allow":["GET"]}}],"collection":[{"href":"https:\/\/avukatimtv.com\/index.php\/wp-json\/wp\/v2\/posts"}],"about":[{"href":"https:\/\/avukatimtv.com\/index.php\/wp-json\/wp\/v2\/types\/post"}],"author":[{"embeddable":true,"href":"https:\/\/avukatimtv.com\/index.php\/wp-json\/wp\/v2\/users\/1"}],"replies":[{"embeddable":true,"href":"https:\/\/avukatimtv.com\/index.php\/wp-json\/wp\/v2\/comments?post=3048"}],"version-history":[{"count":1,"href":"https:\/\/avukatimtv.com\/index.php\/wp-json\/wp\/v2\/posts\/3048\/revisions"}],"predecessor-version":[{"id":3050,"href":"https:\/\/avukatimtv.com\/index.php\/wp-json\/wp\/v2\/posts\/3048\/revisions\/3050"}],"wp:featuredmedia":[{"embeddable":true,"href":"https:\/\/avukatimtv.com\/index.php\/wp-json\/wp\/v2\/media\/3049"}],"wp:attachment":[{"href":"https:\/\/avukatimtv.com\/index.php\/wp-json\/wp\/v2\/media?parent=3048"}],"wp:term":[{"taxonomy":"category","embeddable":true,"href":"https:\/\/avukatimtv.com\/index.php\/wp-json\/wp\/v2\/categories?post=3048"},{"taxonomy":"post_tag","embeddable":true,"href":"https:\/\/avukatimtv.com\/index.php\/wp-json\/wp\/v2\/tags?post=3048"}],"curies":[{"name":"wp","href":"https:\/\/api.w.org\/{rel}","templated":true}]}}