{"id":3051,"date":"2025-09-30T17:29:22","date_gmt":"2025-09-30T14:29:22","guid":{"rendered":"https:\/\/avukatimtv.com\/?p=3051"},"modified":"2025-09-30T17:29:22","modified_gmt":"2025-09-30T14:29:22","slug":"gaziantepte-trajik-cinayet-ve-intihar","status":"publish","type":"post","link":"https:\/\/avukatimtv.com\/index.php\/2025\/09\/30\/gaziantepte-trajik-cinayet-ve-intihar\/","title":{"rendered":"Gaziantep&#8217;te trajik cinayet ve intihar"},"content":{"rendered":"<h2 id=\"spot\" class=\"mt10 haber_ozet\">Gaziantep&#8217;te Sait Kurt, bo\u015fanma a\u015famas\u0131ndaki e\u015fi \u0130pek Kurt&#8217;u pompal\u0131 t\u00fcfekle \u00f6ld\u00fcrd\u00fckten sonra ayn\u0131 silahla intihar etti.<\/h2>\n<div class=\"news-detail-container\">\n<div class=\"left-block\">\n<div class=\"wrapper detay-v3_3 haber_metni\">\n<p>Gaziantep&#8217;te Sait Kurt, bo\u015fanma a\u015famas\u0131ndaki e\u015fi \u0130pek Kurt&#8217;u pompal\u0131 t\u00fcfekle \u00f6ld\u00fcrd\u00fckten sonra ayn\u0131 silahla intihar etti.<\/p>\n<p>Olay, Gaziantep&#8217;in Kar\u015f\u0131yaka Mahallesi 41147 nolu sokakta meydana geldi. \u0130ddiaya g\u00f6re, a\u011fabeyinin evinde kalan ve bo\u015fanma a\u015famas\u0131nda olan \u0130pek Kurt (24) ile Sait Kurt (30) aras\u0131nda tart\u0131\u015fma \u00e7\u0131kt\u0131. Evin \u00f6n\u00fcnde ba\u015flayan tart\u0131\u015fman\u0131n b\u00fcy\u00fcmesiyle birlikte Sait Kurt yan\u0131nda bulundurdu\u011fu pompal\u0131 t\u00fcfekle \u0130pek Kurt&#8217;a ate\u015f etti. Sait Kurt ard\u0131ndan ayn\u0131 t\u00fcfekle kendi kafas\u0131na s\u0131karak intihar etti. \u00c7evredekilerin ihbar\u0131 \u00fczerine olay yerine \u00e7ok say\u0131da polis ve sa\u011fl\u0131k ekipleri sevk edildi. Olay yerine gelen sa\u011fl\u0131k ekipleri ilk m\u00fcdahalenin ard\u0131ndan Sait Kurt&#8217;un hayat\u0131n\u0131 kaybetti\u011fini belirledi. A\u011f\u0131r yaralanan \u0130pek Kurt ise kald\u0131r\u0131ld\u0131\u011f\u0131\u00a0\u015eehitkamil\u00a0Devlet Hastanesi&#8217;nde doktorlar\u0131n t\u00fcm m\u00fcdahalesine ra\u011fmen hayat\u0131n\u0131 kaybetti.<\/p>\n<p>Sait Kurt&#8217;un cenazesi olay yerinde yap\u0131lan incelemenin ard\u0131ndan Gaziantep Adli T\u0131p Kurumuna kald\u0131r\u0131ld\u0131. Olayla ilgili inceleme ba\u015flat\u0131ld\u0131.<\/p>\n<p>Olayda hayat\u0131n\u0131 kaybeden \u00e7iftin 8 y\u0131ll\u0131k evli ve 3 \u00e7ocuklar\u0131n\u0131n oldu\u011fu \u00f6\u011frenildi. &#8211; GAZ\u0130ANTEP<\/p>\n<\/div>\n<\/div>\n<\/div>\n","protected":false},"excerpt":{"rendered":"<p>Gaziantep&#8217;te Sait Kurt, bo\u015fanma a\u015famas\u0131ndaki e\u015fi \u0130pek Kurt&#8217;u pompal\u0131 t\u00fcfekle \u00f6ld\u00fcrd\u00fckten sonra ayn\u0131 silahla intihar etti. Gaziantep&#8217;te Sait Kurt, bo\u015fanma a\u015famas\u0131ndaki e\u015fi \u0130pek Kurt&#8217;u pompal\u0131 t\u00fcfekle \u00f6ld\u00fcrd\u00fckten sonra ayn\u0131 silahla intihar etti. Olay, Gaziantep&#8217;in Kar\u015f\u0131yaka Mahallesi 41147 nolu sokakta meydana geldi. \u0130ddiaya g\u00f6re, a\u011fabeyinin evinde kalan ve bo\u015fanma a\u015famas\u0131nda olan \u0130pek Kurt (24) ile Sait [&hellip;]<\/p>\n","protected":false},"author":1,"featured_media":3052,"comment_status":"closed","ping_status":"closed","sticky":false,"template":"","format":"standard","meta":{"footnotes":""},"categories":[7,39],"tags":[60,243,71],"class_list":["post-3051","post","type-post","status-publish","format-standard","has-post-thumbnail","hentry","category-gundem","category-haber","tag-cinayet","tag-gaziantep","tag-suc"],"_links":{"self":[{"href":"https:\/\/avukatimtv.com\/index.php\/wp-json\/wp\/v2\/posts\/3051","targetHints":{"allow":["GET"]}}],"collection":[{"href":"https:\/\/avukatimtv.com\/index.php\/wp-json\/wp\/v2\/posts"}],"about":[{"href":"https:\/\/avukatimtv.com\/index.php\/wp-json\/wp\/v2\/types\/post"}],"author":[{"embeddable":true,"href":"https:\/\/avukatimtv.com\/index.php\/wp-json\/wp\/v2\/users\/1"}],"replies":[{"embeddable":true,"href":"https:\/\/avukatimtv.com\/index.php\/wp-json\/wp\/v2\/comments?post=3051"}],"version-history":[{"count":1,"href":"https:\/\/avukatimtv.com\/index.php\/wp-json\/wp\/v2\/posts\/3051\/revisions"}],"predecessor-version":[{"id":3053,"href":"https:\/\/avukatimtv.com\/index.php\/wp-json\/wp\/v2\/posts\/3051\/revisions\/3053"}],"wp:featuredmedia":[{"embeddable":true,"href":"https:\/\/avukatimtv.com\/index.php\/wp-json\/wp\/v2\/media\/3052"}],"wp:attachment":[{"href":"https:\/\/avukatimtv.com\/index.php\/wp-json\/wp\/v2\/media?parent=3051"}],"wp:term":[{"taxonomy":"category","embeddable":true,"href":"https:\/\/avukatimtv.com\/index.php\/wp-json\/wp\/v2\/categories?post=3051"},{"taxonomy":"post_tag","embeddable":true,"href":"https:\/\/avukatimtv.com\/index.php\/wp-json\/wp\/v2\/tags?post=3051"}],"curies":[{"name":"wp","href":"https:\/\/api.w.org\/{rel}","templated":true}]}}