{"id":3054,"date":"2025-09-30T17:34:57","date_gmt":"2025-09-30T14:34:57","guid":{"rendered":"https:\/\/avukatimtv.com\/?p=3054"},"modified":"2025-09-30T17:34:57","modified_gmt":"2025-09-30T14:34:57","slug":"6-kattan-dusen-gullu-hakkinda-sok-iddia-kesinlikle-olduruldu","status":"publish","type":"post","link":"https:\/\/avukatimtv.com\/index.php\/2025\/09\/30\/6-kattan-dusen-gullu-hakkinda-sok-iddia-kesinlikle-olduruldu\/","title":{"rendered":"6. kattan d\u00fc\u015fen g\u00fcll\u00fc hakk\u0131nda \u015fok iddia: Kesinlikle \u00f6ld\u00fcr\u00fcld\u00fc"},"content":{"rendered":"<h2 id=\"spot\" class=\"mt10 haber_ozet\">Arabesk m\u00fczi\u011fin sevilen ismi G\u00fcll\u00fc&#8217;n\u00fcn Yalova&#8217;daki evinin 6. kat\u0131ndan d\u00fc\u015ferek ya\u015fam\u0131n\u0131 yitirmesi sonras\u0131 intihar ve cinayet iddialar\u0131 g\u00fcndeme geldi. \u00c7al\u0131\u015ft\u0131\u011f\u0131 patronu Ferdi Ayd\u0131n, belindeki platin nedeniyle kazayla d\u00fc\u015fmesinin imk\u00e2ns\u0131z oldu\u011funu savunarak &#8221;Kesinlikle \u00f6ld\u00fcr\u00fcld\u00fc&#8221; dedi.<\/h2>\n<div class=\"news-detail-container\">\n<div class=\"left-block\">\n<div class=\"wrapper detay-v3_3 haber_metni\">\n<p>Arabesk m\u00fczi\u011fin sevilen sesi\u00a0G\u00fcll\u00fc, ge\u00e7ti\u011fimiz Cuma g\u00fcn\u00fc\u00a0Yalova&#8217;daki evinin 6. kat\u0131ndaki penceresinden d\u00fc\u015ferek hayat\u0131n\u0131 kaybetti. Sanat\u00e7\u0131n\u0131n \u00f6l\u00fcm\u00fcn\u00fcn ard\u0131ndan intihar m\u0131 yoksa cinayet mi oldu\u011fu y\u00f6n\u00fcnde tart\u0131\u015fmalar ba\u015flad\u0131.<\/p>\n<h3>&#8220;KES\u0130NL\u0130KLE \u00d6LD\u00dcR\u00dcLD\u00dc&#8221; \u0130DD\u0130ASI<\/h3>\n<p>Ortaya \u00e7\u0131kan g\u00f6r\u00fcnt\u00fcler sonras\u0131 &#8220;cinayet&#8221; iddialar\u0131 g\u00fcndeme gelirken, G\u00fcll\u00fc&#8217;n\u00fcn 1,5 y\u0131ld\u0131r birlikte \u00e7al\u0131\u015ft\u0131\u011f\u0131 patronu Ferdi\u00a0Ayd\u0131n, Gel Konu\u015fal\u0131m program\u0131na kat\u0131larak \u00e7arp\u0131c\u0131 a\u00e7\u0131klamalarda bulundu.<\/p>\n<h3>T\u00dcYLER \u00dcRPERTEN \u0130DD\u0130A<\/h3>\n<p>Sunucunun, &#8220;Sizce \u00f6ld\u00fc m\u00fc, \u00f6ld\u00fcr\u00fcld\u00fc m\u00fc?&#8221; sorusuna Ayd\u0131n, &#8220;Kesinlikle \u00f6ld\u00fcr\u00fcld\u00fc&#8221; yan\u0131t\u0131n\u0131 verdi. Ayd\u0131n, G\u00fcll\u00fc&#8217;n\u00fcn belinde platin oldu\u011funu belirterek \u015fu ifadeleri kulland\u0131, &#8220;Platin olan hi\u00e7bir kad\u0131n aya\u011f\u0131 kaysa bile camdan d\u0131\u015far\u0131 u\u00e7arak d\u00fc\u015fmez. Yere d\u00fc\u015fer, \u00f6ne d\u00fc\u015fer, yana d\u00fc\u015fer ama hi\u00e7bir \u015fekilde camdan d\u00fc\u015fmez.&#8221;<\/p>\n<h3>ANNES\u0130N\u0130 SU\u00c7LU TUTUYOR<\/h3>\n<p>Ferdi Ayd\u0131n ayr\u0131ca, G\u00fcll\u00fc&#8217;n\u00fcn aile i\u00e7i sorunlar\u0131na da de\u011finerek \u015fu iddiay\u0131 ortaya att\u0131: G\u00fcll\u00fc Han\u0131m&#8217;\u0131n k\u0131z\u0131 yasakl\u0131 madde kullan\u0131yor ve bununla alakal\u0131 sab\u0131kalar\u0131 var. Bundan annesini su\u00e7lu tutuyor.<\/p>\n<\/div>\n<\/div>\n<\/div>\n","protected":false},"excerpt":{"rendered":"<p>Arabesk m\u00fczi\u011fin sevilen ismi G\u00fcll\u00fc&#8217;n\u00fcn Yalova&#8217;daki evinin 6. kat\u0131ndan d\u00fc\u015ferek ya\u015fam\u0131n\u0131 yitirmesi sonras\u0131 intihar ve cinayet iddialar\u0131 g\u00fcndeme geldi. \u00c7al\u0131\u015ft\u0131\u011f\u0131 patronu Ferdi Ayd\u0131n, belindeki platin nedeniyle kazayla d\u00fc\u015fmesinin imk\u00e2ns\u0131z oldu\u011funu savunarak &#8221;Kesinlikle \u00f6ld\u00fcr\u00fcld\u00fc&#8221; dedi. Arabesk m\u00fczi\u011fin sevilen sesi\u00a0G\u00fcll\u00fc, ge\u00e7ti\u011fimiz Cuma g\u00fcn\u00fc\u00a0Yalova&#8217;daki evinin 6. kat\u0131ndaki penceresinden d\u00fc\u015ferek hayat\u0131n\u0131 kaybetti. Sanat\u00e7\u0131n\u0131n \u00f6l\u00fcm\u00fcn\u00fcn ard\u0131ndan intihar m\u0131 yoksa cinayet [&hellip;]<\/p>\n","protected":false},"author":1,"featured_media":3055,"comment_status":"closed","ping_status":"closed","sticky":false,"template":"","format":"standard","meta":{"footnotes":""},"categories":[7,39],"tags":[60,385,419,542],"class_list":["post-3054","post","type-post","status-publish","format-standard","has-post-thumbnail","hentry","category-gundem","category-haber","tag-cinayet","tag-intihar","tag-oldurulme","tag-gullu"],"_links":{"self":[{"href":"https:\/\/avukatimtv.com\/index.php\/wp-json\/wp\/v2\/posts\/3054","targetHints":{"allow":["GET"]}}],"collection":[{"href":"https:\/\/avukatimtv.com\/index.php\/wp-json\/wp\/v2\/posts"}],"about":[{"href":"https:\/\/avukatimtv.com\/index.php\/wp-json\/wp\/v2\/types\/post"}],"author":[{"embeddable":true,"href":"https:\/\/avukatimtv.com\/index.php\/wp-json\/wp\/v2\/users\/1"}],"replies":[{"embeddable":true,"href":"https:\/\/avukatimtv.com\/index.php\/wp-json\/wp\/v2\/comments?post=3054"}],"version-history":[{"count":1,"href":"https:\/\/avukatimtv.com\/index.php\/wp-json\/wp\/v2\/posts\/3054\/revisions"}],"predecessor-version":[{"id":3056,"href":"https:\/\/avukatimtv.com\/index.php\/wp-json\/wp\/v2\/posts\/3054\/revisions\/3056"}],"wp:featuredmedia":[{"embeddable":true,"href":"https:\/\/avukatimtv.com\/index.php\/wp-json\/wp\/v2\/media\/3055"}],"wp:attachment":[{"href":"https:\/\/avukatimtv.com\/index.php\/wp-json\/wp\/v2\/media?parent=3054"}],"wp:term":[{"taxonomy":"category","embeddable":true,"href":"https:\/\/avukatimtv.com\/index.php\/wp-json\/wp\/v2\/categories?post=3054"},{"taxonomy":"post_tag","embeddable":true,"href":"https:\/\/avukatimtv.com\/index.php\/wp-json\/wp\/v2\/tags?post=3054"}],"curies":[{"name":"wp","href":"https:\/\/api.w.org\/{rel}","templated":true}]}}