{"id":3061,"date":"2025-10-03T19:05:28","date_gmt":"2025-10-03T16:05:28","guid":{"rendered":"https:\/\/avukatimtv.com\/?p=3061"},"modified":"2025-10-03T19:05:28","modified_gmt":"2025-10-03T16:05:28","slug":"arabada-cesedi-bulunan-gencin-olumunde-sir-perdesi-kalkti-katilleri-tanidik-cikti","status":"publish","type":"post","link":"https:\/\/avukatimtv.com\/index.php\/2025\/10\/03\/arabada-cesedi-bulunan-gencin-olumunde-sir-perdesi-kalkti-katilleri-tanidik-cikti\/","title":{"rendered":"Arabada cesedi bulunan gencin \u00f6l\u00fcm\u00fcnde s\u0131r perdesi kalkt\u0131! Katilleri tan\u0131d\u0131k \u00e7\u0131kt\u0131"},"content":{"rendered":"<h2 id=\"spot\" class=\"mt10 haber_ozet\">Mersin&#8217;de otomobilde cans\u0131z bedeni bulunan 26 ya\u015f\u0131ndaki gencin cinayete kurban gitti\u011fi ortaya \u00e7\u0131kt\u0131. Olay gecesi birlikte oldu\u011fu iki arkada\u015f\u0131 sorguda gencin \u00fczerlerine kusmas\u0131 sonucu ara\u00e7 anahtar\u0131yla y\u00fcz\u00fcne vurmas\u0131yla yere d\u00fc\u015ferek kafas\u0131n\u0131 yere \u00e7arpt\u0131\u011f\u0131n\u0131 s\u00f6yledi. Cinayeti \u00f6rtbas etmek i\u00e7in cesedi arac\u0131n arkas\u0131na b\u0131rakt\u0131klar\u0131n\u0131 s\u00f6yleyen 2 \u015f\u00fcpheli tutukland\u0131.<\/h2>\n<div class=\"news-detail-container\">\n<div class=\"left-block\">\n<div class=\"wrapper detay-v3_3 haber_metni\">\n<p>Mersin&#8217;in\u00a0Tarsus\u00a0il\u00e7esinde 30\u00a0Eyl\u00fcl&#8217;de\u00a0Ba\u011flar\u00a0Mahallesi 0422 Sokak&#8217;ta meydana geldi. Abdullah G\u00fcrsoy&#8217;un (26) otomobilinde hareketsiz yatt\u0131\u011f\u0131n\u0131 g\u00f6renler, 112 Acil \u00c7a\u011fr\u0131 Merkezi&#8217;ne haber verdi. \u0130hbarla adrese sa\u011fl\u0131k ve polis ekipleri sevk edildi. Ekipler, G\u00fcrsoy&#8217;un hayat\u0131n\u0131 kaybetti\u011fini belirledi. G\u00fcrsoy&#8217;un cesedi, yap\u0131lan otopsinin ard\u0131ndan topra\u011fa verildi. Tarsus \u0130l\u00e7e Emniyet M\u00fcd\u00fcrl\u00fc\u011f\u00fc\u00a0Asayi\u015f\u00a0B\u00fcro Amirli\u011fi ekipleri, olay ile ilgili \u00e7al\u0131\u015fma ba\u015flatt\u0131.<\/p>\n<\/div>\n<p><img decoding=\"async\" src=\"https:\/\/foto.sondakika.com\/haber\/2025\/10\/03\/arabada-cesedi-bulunan-gencin-olumunde-sir-19112363_2474_m.jpg\" alt=\"Arabada cesedi bulunan gencin \u00f6l\u00fcm\u00fcnde s\u0131r perdesi kalkt\u0131! Katilleri tan\u0131d\u0131k\" \/><\/p>\n<\/div>\n<h3>SORGUDA \u0130T\u0130RAF ETT\u0130LER<\/h3>\n<p>Olay\u00a0gecesi Abdullah G\u00fcrsoy ile birlikte olan arkada\u015flar\u0131n\u0131 g\u00f6zalt\u0131na alan asayi\u015f ekipleri, \u015f\u00fcpheli \u00f6l\u00fcm\u00fcn cinayet oldu\u011funu ortaya \u00e7\u0131kard\u0131. \u0130ddiaya g\u00f6re, g\u00f6zalt\u0131na al\u0131nan T.Y. ve M.\u00c7.&#8217;nin, Abdullah G\u00fcrsoy&#8217;un \u00fczerlerine kusmas\u0131 sonucu, T.Y.&#8217;\u0131n ara\u00e7 anahtar\u0131 ile y\u00fcz\u00fcne vurmas\u0131yla yere d\u00fc\u015ferek kafas\u0131n\u0131 yere \u00e7arpt\u0131\u011f\u0131 ifade edildi. Zanl\u0131lar\u0131n, cinayeti \u00f6rtbas etmek i\u00e7in de cesedi arac\u0131n arkas\u0131na b\u0131rakt\u0131klar\u0131n\u0131 s\u00f6yledikleri \u00f6\u011frenildi.<\/p>\n<p>T.Y. ve M.\u00c7. i\u015flemlerinin ard\u0131ndan \u00e7\u0131kar\u0131ld\u0131klar\u0131 mahkemece tutukland\u0131.<\/p>\n<\/div>\n<p><img decoding=\"async\" src=\"https:\/\/foto.sondakika.com\/haber\/2025\/10\/03\/arabada-cesedi-bulunan-gencin-olumunde-sir-19112363_8177_m.jpg\" alt=\"Arabada cesedi bulunan gencin \u00f6l\u00fcm\u00fcnde s\u0131r perdesi kalkt\u0131! Katilleri tan\u0131d\u0131k\" \/><\/p>\n<p>&nbsp;<\/p>\n<p>&nbsp;<\/p>\n","protected":false},"excerpt":{"rendered":"<p>Mersin&#8217;de otomobilde cans\u0131z bedeni bulunan 26 ya\u015f\u0131ndaki gencin cinayete kurban gitti\u011fi ortaya \u00e7\u0131kt\u0131. Olay gecesi birlikte oldu\u011fu iki arkada\u015f\u0131 sorguda gencin \u00fczerlerine kusmas\u0131 sonucu ara\u00e7 anahtar\u0131yla y\u00fcz\u00fcne vurmas\u0131yla yere d\u00fc\u015ferek kafas\u0131n\u0131 yere \u00e7arpt\u0131\u011f\u0131n\u0131 s\u00f6yledi. Cinayeti \u00f6rtbas etmek i\u00e7in cesedi arac\u0131n arkas\u0131na b\u0131rakt\u0131klar\u0131n\u0131 s\u00f6yleyen 2 \u015f\u00fcpheli tutukland\u0131. Mersin&#8217;in\u00a0Tarsus\u00a0il\u00e7esinde 30\u00a0Eyl\u00fcl&#8217;de\u00a0Ba\u011flar\u00a0Mahallesi 0422 Sokak&#8217;ta meydana geldi. Abdullah G\u00fcrsoy&#8217;un (26) [&hellip;]<\/p>\n","protected":false},"author":1,"featured_media":3062,"comment_status":"closed","ping_status":"closed","sticky":false,"template":"","format":"standard","meta":{"footnotes":""},"categories":[7,39],"tags":[60,52,71,375,499,543],"class_list":["post-3061","post","type-post","status-publish","format-standard","has-post-thumbnail","hentry","category-gundem","category-haber","tag-cinayet","tag-olay","tag-suc","tag-kurban","tag-mersin","tag-tarsus"],"_links":{"self":[{"href":"https:\/\/avukatimtv.com\/index.php\/wp-json\/wp\/v2\/posts\/3061","targetHints":{"allow":["GET"]}}],"collection":[{"href":"https:\/\/avukatimtv.com\/index.php\/wp-json\/wp\/v2\/posts"}],"about":[{"href":"https:\/\/avukatimtv.com\/index.php\/wp-json\/wp\/v2\/types\/post"}],"author":[{"embeddable":true,"href":"https:\/\/avukatimtv.com\/index.php\/wp-json\/wp\/v2\/users\/1"}],"replies":[{"embeddable":true,"href":"https:\/\/avukatimtv.com\/index.php\/wp-json\/wp\/v2\/comments?post=3061"}],"version-history":[{"count":1,"href":"https:\/\/avukatimtv.com\/index.php\/wp-json\/wp\/v2\/posts\/3061\/revisions"}],"predecessor-version":[{"id":3063,"href":"https:\/\/avukatimtv.com\/index.php\/wp-json\/wp\/v2\/posts\/3061\/revisions\/3063"}],"wp:featuredmedia":[{"embeddable":true,"href":"https:\/\/avukatimtv.com\/index.php\/wp-json\/wp\/v2\/media\/3062"}],"wp:attachment":[{"href":"https:\/\/avukatimtv.com\/index.php\/wp-json\/wp\/v2\/media?parent=3061"}],"wp:term":[{"taxonomy":"category","embeddable":true,"href":"https:\/\/avukatimtv.com\/index.php\/wp-json\/wp\/v2\/categories?post=3061"},{"taxonomy":"post_tag","embeddable":true,"href":"https:\/\/avukatimtv.com\/index.php\/wp-json\/wp\/v2\/tags?post=3061"}],"curies":[{"name":"wp","href":"https:\/\/api.w.org\/{rel}","templated":true}]}}