{"id":3064,"date":"2025-10-03T19:10:44","date_gmt":"2025-10-03T16:10:44","guid":{"rendered":"https:\/\/avukatimtv.com\/?p=3064"},"modified":"2025-10-03T19:10:44","modified_gmt":"2025-10-03T16:10:44","slug":"gullunun-olumunde-gizem-buyuyor-komsu-canli-yayinda-kimsenin-bilmedigi-detayi-anlatti","status":"publish","type":"post","link":"https:\/\/avukatimtv.com\/index.php\/2025\/10\/03\/gullunun-olumunde-gizem-buyuyor-komsu-canli-yayinda-kimsenin-bilmedigi-detayi-anlatti\/","title":{"rendered":"G\u00fcll\u00fc&#8217;n\u00fcn \u00f6l\u00fcm\u00fcnde gizem b\u00fcy\u00fcyor! Kom\u015fu canl\u0131 yay\u0131nda kimsenin bilmedi\u011fi detay\u0131 anlatt\u0131"},"content":{"rendered":"<h2 id=\"spot\" class=\"mt10 haber_ozet\">Yalova&#8217;da 26 Eyl\u00fcl&#8217;de evinin teras\u0131ndan d\u00fc\u015ferek hayat\u0131n\u0131 kaybeden \u015fark\u0131c\u0131 G\u00fcll\u00fc&#8217;n\u00fcn \u00f6l\u00fcm\u00fcyle ilgili soru\u015fturma cinayet b\u00fcrosuna devredildi. &#8221;Gel Konu\u015fal\u0131m&#8221; program\u0131na ba\u011flanan kom\u015fusu ise taziyeye gitti\u011finde teras cam\u0131n\u0131n k\u0131r\u0131k oldu\u011funu g\u00f6rd\u00fc\u011f\u00fcn\u00fc, par\u00e7ay\u0131 G\u00fcll\u00fc&#8217;n\u00fcn ablas\u0131n\u0131n \u00e7\u00f6pe att\u0131\u011f\u0131n\u0131 ve &#8221;camdan d\u00f6rd\u00fcnc\u00fc bir ki\u015fi girmi\u015f olabilir&#8221; \u015f\u00fcphesini dile getirdi.<\/h2>\n<div class=\"news-detail-container\">\n<div class=\"left-block\">\n<div class=\"wrapper detay-v3_3 haber_metni\">\n<p>Ge\u00e7ti\u011fimiz hafta evinin teras\u0131ndan d\u00fc\u015ferek hayat\u0131n\u0131 kaybeden \u015fark\u0131c\u0131\u00a0G\u00fcll\u00fc&#8217;n\u00fcn \u00f6l\u00fcm\u00fcyle ilgili soru\u015fturma, d\u00fcn\u00a0Cinayet\u00a0B\u00fcro Amirli\u011fi&#8217;ne devredildi. Soru\u015fturman\u0131n seyri de\u011fi\u015firken, bug\u00fcn &#8220;Gel Konu\u015fal\u0131m&#8221; program\u0131na ba\u011flanan G\u00fcll\u00fc&#8217;n\u00fcn apartman kom\u015fusu canl\u0131 yay\u0131nda dikkat \u00e7ekici iddialar ortaya att\u0131.<\/p>\n<\/div>\n<p><img decoding=\"async\" src=\"https:\/\/foto.sondakika.com\/haber\/2025\/10\/03\/gullu-nun-olumunde-gizem-buyuyor-komsu-canli-19112314_3605_m.jpg\" alt=\"G\u00fcll\u00fc'n\u00fcn \u00f6l\u00fcm\u00fcnde gizem b\u00fcy\u00fcyor! Kom\u015fu canl\u0131 yay\u0131nda kimsenin bilmedi\u011fi detay\u0131 anlatt\u0131\" \/><\/p>\n<\/div>\n<h3>&#8220;CAM KIRIK, PAR\u00c7AYI \u00c7\u00d6PE ATTILAR&#8221;<\/h3>\n<p>\u0130smini vermek istemeyen kom\u015fu, taziye i\u00e7in eve gitti\u011finde teras cam\u0131n\u0131n k\u0131r\u0131k oldu\u011funu g\u00f6rd\u00fc\u011f\u00fcn\u00fc anlatt\u0131. Kom\u015fu, &#8220;Sehpan\u0131n alt\u0131nda bir cam par\u00e7as\u0131 buldum. Kafam\u0131 kald\u0131rd\u0131\u011f\u0131mda bakt\u0131m cam k\u0131r\u0131lm\u0131\u015ft\u0131. Ablas\u0131na s\u00f6yledim, &#8216;k\u0131r\u0131lm\u0131\u015f herhalde&#8217; dedi ve par\u00e7ay\u0131 elimden al\u0131p \u00e7\u00f6pe att\u0131&#8221; ifadelerini kulland\u0131.<\/p>\n<h3>&#8220;CAMDAN D\u00d6RD\u00dcNC\u00dc B\u0130R K\u0130\u015e\u0130 G\u0130RM\u0130\u015e OLAB\u0130L\u0130R&#8221;<\/h3>\n<p>Canl\u0131 yay\u0131nda konu\u015fan kom\u015fu, cam\u0131n k\u0131r\u0131k olmas\u0131n\u0131n s\u0131radan bir durum olmad\u0131\u011f\u0131n\u0131 vurgulad\u0131. G\u00fcll\u00fc&#8217;n\u00fcn mutfa\u011f\u0131ndan yan evin terasa a\u00e7\u0131lan cam\u0131n k\u0131r\u0131ld\u0131\u011f\u0131n\u0131 g\u00f6rd\u00fc\u011f\u00fcn\u00fc belirten tan\u0131k, &#8220;Tahminimce camdan d\u00f6rd\u00fcnc\u00fc bir ki\u015fi daha girdi&#8221; s\u00f6zleriyle soru\u015fturmada yeni bir ihtimali g\u00fcndeme getirdi.<\/p>\n<h3>SORU\u015eTURMA DER\u0130NLE\u015e\u0130YOR<\/h3>\n<p>G\u00fcll\u00fc&#8217;n\u00fcn evindeki cam k\u0131r\u0131\u011f\u0131 detay\u0131 ve &#8220;d\u00f6rd\u00fcnc\u00fc ki\u015fi&#8221; ihtimali, sanat\u00e7\u0131n\u0131n \u00f6l\u00fcm\u00fcn\u00fcn basit bir d\u00fc\u015fme vakas\u0131 olmad\u0131\u011f\u0131n\u0131 d\u00fc\u015f\u00fcnd\u00fcr\u00fcyor. Cinayet B\u00fcro ekipleri, hem olay yerindeki izleri hem de g\u00f6rg\u00fc tan\u0131klar\u0131n\u0131n ifadelerini yeniden incelemeye ald\u0131.<\/p>\n<\/div>\n","protected":false},"excerpt":{"rendered":"<p>Yalova&#8217;da 26 Eyl\u00fcl&#8217;de evinin teras\u0131ndan d\u00fc\u015ferek hayat\u0131n\u0131 kaybeden \u015fark\u0131c\u0131 G\u00fcll\u00fc&#8217;n\u00fcn \u00f6l\u00fcm\u00fcyle ilgili soru\u015fturma cinayet b\u00fcrosuna devredildi. &#8221;Gel Konu\u015fal\u0131m&#8221; program\u0131na ba\u011flanan kom\u015fusu ise taziyeye gitti\u011finde teras cam\u0131n\u0131n k\u0131r\u0131k oldu\u011funu g\u00f6rd\u00fc\u011f\u00fcn\u00fc, par\u00e7ay\u0131 G\u00fcll\u00fc&#8217;n\u00fcn ablas\u0131n\u0131n \u00e7\u00f6pe att\u0131\u011f\u0131n\u0131 ve &#8221;camdan d\u00f6rd\u00fcnc\u00fc bir ki\u015fi girmi\u015f olabilir&#8221; \u015f\u00fcphesini dile getirdi. Ge\u00e7ti\u011fimiz hafta evinin teras\u0131ndan d\u00fc\u015ferek hayat\u0131n\u0131 kaybeden \u015fark\u0131c\u0131\u00a0G\u00fcll\u00fc&#8217;n\u00fcn \u00f6l\u00fcm\u00fcyle ilgili soru\u015fturma, [&hellip;]<\/p>\n","protected":false},"author":1,"featured_media":3065,"comment_status":"closed","ping_status":"closed","sticky":false,"template":"","format":"standard","meta":{"footnotes":""},"categories":[7,39],"tags":[60,544,542,27,497,467],"class_list":["post-3064","post","type-post","status-publish","format-standard","has-post-thumbnail","hentry","category-gundem","category-haber","tag-cinayet","tag-eylul","tag-gullu","tag-magazin","tag-son-dakikacinayet","tag-yalova"],"_links":{"self":[{"href":"https:\/\/avukatimtv.com\/index.php\/wp-json\/wp\/v2\/posts\/3064","targetHints":{"allow":["GET"]}}],"collection":[{"href":"https:\/\/avukatimtv.com\/index.php\/wp-json\/wp\/v2\/posts"}],"about":[{"href":"https:\/\/avukatimtv.com\/index.php\/wp-json\/wp\/v2\/types\/post"}],"author":[{"embeddable":true,"href":"https:\/\/avukatimtv.com\/index.php\/wp-json\/wp\/v2\/users\/1"}],"replies":[{"embeddable":true,"href":"https:\/\/avukatimtv.com\/index.php\/wp-json\/wp\/v2\/comments?post=3064"}],"version-history":[{"count":1,"href":"https:\/\/avukatimtv.com\/index.php\/wp-json\/wp\/v2\/posts\/3064\/revisions"}],"predecessor-version":[{"id":3066,"href":"https:\/\/avukatimtv.com\/index.php\/wp-json\/wp\/v2\/posts\/3064\/revisions\/3066"}],"wp:featuredmedia":[{"embeddable":true,"href":"https:\/\/avukatimtv.com\/index.php\/wp-json\/wp\/v2\/media\/3065"}],"wp:attachment":[{"href":"https:\/\/avukatimtv.com\/index.php\/wp-json\/wp\/v2\/media?parent=3064"}],"wp:term":[{"taxonomy":"category","embeddable":true,"href":"https:\/\/avukatimtv.com\/index.php\/wp-json\/wp\/v2\/categories?post=3064"},{"taxonomy":"post_tag","embeddable":true,"href":"https:\/\/avukatimtv.com\/index.php\/wp-json\/wp\/v2\/tags?post=3064"}],"curies":[{"name":"wp","href":"https:\/\/api.w.org\/{rel}","templated":true}]}}