{"id":3070,"date":"2025-10-06T18:55:53","date_gmt":"2025-10-06T15:55:53","guid":{"rendered":"https:\/\/avukatimtv.com\/?p=3070"},"modified":"2025-10-06T18:55:53","modified_gmt":"2025-10-06T15:55:53","slug":"gaziantepte-kardes-cinayeti","status":"publish","type":"post","link":"https:\/\/avukatimtv.com\/index.php\/2025\/10\/06\/gaziantepte-kardes-cinayeti\/","title":{"rendered":"Gaziantep&#8217;te Karde\u015f Cinayeti"},"content":{"rendered":"<h2 id=\"spot\" class=\"mt10 haber_ozet\">Ya\u015far T\u00fczel, tart\u0131\u015ft\u0131\u011f\u0131 a\u011fabeyi Mehmet T\u00fczel&#8217;i maket b\u0131\u00e7a\u011f\u0131yla \u00f6ld\u00fcrd\u00fc, olay g\u00f6r\u00fcnt\u00fclendi.<\/h2>\n<div class=\"news-detail-container\">\n<div class=\"left-block\">\n<div class=\"wrapper detay-v3_3 haber_metni\">\n<p>&nbsp;<\/p>\n<p>&nbsp;<\/p>\n<p>GAZ\u0130ANTEP&#8217;te, tart\u0131\u015ft\u0131\u011f\u0131 a\u011fabeyi Mehmet T\u00fczel&#8217;i (45) maket b\u0131\u00e7a\u011f\u0131yla \u00f6ld\u00fcren Ya\u015far T\u00fczel (40) adliyeye sevk edildi.\u00a0Cinayet\u00a0an\u0131na ili\u015fkin cep telefonu g\u00f6r\u00fcnt\u00fcleri de ortaya \u00e7\u0131kt\u0131.<\/p>\n<p>Olay, d\u00fcn \u00f6\u011fleden sonra G\u00f6ll\u00fcce Mahallesi&#8217;nde meydana geldi. Aralar\u0131nda husumet bulunan Ya\u015far T\u00fczel ile a\u011fabeyi Mehmet T\u00fczel, evlerinin \u00f6n\u00fcnde tart\u0131\u015fmaya ba\u015flad\u0131. K\u0131sa s\u00fcrede b\u00fcy\u00fcyen tart\u0131\u015fma, kavgaya d\u00f6n\u00fc\u015ft\u00fc.\u00a0Kavga\u00a0s\u0131ras\u0131nda Ya\u015far T\u00fczel, yan\u0131ndaki maket b\u0131\u00e7a\u011f\u0131yla a\u011fabeyini bo\u011faz\u0131ndan ve v\u00fccudunun \u00e7e\u015fitli yerlerinden yaralad\u0131. Mehmet T\u00fczel, ambulansla kald\u0131r\u0131ld\u0131\u011f\u0131 hastanede doktorlar\u0131n m\u00fcdahalesine ra\u011fmen kurtar\u0131lamad\u0131.<\/p>\n<p>Olay\u0131n ard\u0131ndan ka\u00e7an \u015f\u00fcpheli Ya\u015far T\u00fczel,\u00a0Asayi\u015f \u015eube M\u00fcd\u00fcrl\u00fc\u011f\u00fc\u00a0Cinayet B\u00fcro Amirli\u011fi ekipleri taraf\u0131ndan yakaland\u0131. Psikolojik sorunlar\u0131 oldu\u011fu \u00f6ne s\u00fcr\u00fclen Ya\u015far T\u00fczel, emniyetteki i\u015flemlerinin ard\u0131ndan adliyeye sevk edildi.<\/p>\n<p>C\u0130NAYET KAMERADA<\/p>\n<p>\u00d6te yandan olaya ili\u015fkin cep telefonu kameras\u0131 g\u00f6r\u00fcnt\u00fcleri de ortaya \u00e7\u0131kt\u0131. G\u00f6r\u00fcnt\u00fclerde Ya\u015far T\u00fczel&#8217;in a\u011fabeyine defalarca b\u0131\u00e7aklamas\u0131 ve araya giren annesini tekmeleyerek yere d\u00fc\u015f\u00fcrmesi yer al\u0131yor.<\/p>\n<\/div>\n<\/div>\n<\/div>\n","protected":false},"excerpt":{"rendered":"<p>Ya\u015far T\u00fczel, tart\u0131\u015ft\u0131\u011f\u0131 a\u011fabeyi Mehmet T\u00fczel&#8217;i maket b\u0131\u00e7a\u011f\u0131yla \u00f6ld\u00fcrd\u00fc, olay g\u00f6r\u00fcnt\u00fclendi. &nbsp; &nbsp; GAZ\u0130ANTEP&#8217;te, tart\u0131\u015ft\u0131\u011f\u0131 a\u011fabeyi Mehmet T\u00fczel&#8217;i (45) maket b\u0131\u00e7a\u011f\u0131yla \u00f6ld\u00fcren Ya\u015far T\u00fczel (40) adliyeye sevk edildi.\u00a0Cinayet\u00a0an\u0131na ili\u015fkin cep telefonu g\u00f6r\u00fcnt\u00fcleri de ortaya \u00e7\u0131kt\u0131. Olay, d\u00fcn \u00f6\u011fleden sonra G\u00f6ll\u00fcce Mahallesi&#8217;nde meydana geldi. Aralar\u0131nda husumet bulunan Ya\u015far T\u00fczel ile a\u011fabeyi Mehmet T\u00fczel, evlerinin \u00f6n\u00fcnde tart\u0131\u015fmaya [&hellip;]<\/p>\n","protected":false},"author":1,"featured_media":3071,"comment_status":"closed","ping_status":"closed","sticky":false,"template":"","format":"standard","meta":{"footnotes":""},"categories":[7,39],"tags":[60,243,373,334,332],"class_list":["post-3070","post","type-post","status-publish","format-standard","has-post-thumbnail","hentry","category-gundem","category-haber","tag-cinayet","tag-gaziantep","tag-cep-telefonu","tag-guncel","tag-politika"],"_links":{"self":[{"href":"https:\/\/avukatimtv.com\/index.php\/wp-json\/wp\/v2\/posts\/3070","targetHints":{"allow":["GET"]}}],"collection":[{"href":"https:\/\/avukatimtv.com\/index.php\/wp-json\/wp\/v2\/posts"}],"about":[{"href":"https:\/\/avukatimtv.com\/index.php\/wp-json\/wp\/v2\/types\/post"}],"author":[{"embeddable":true,"href":"https:\/\/avukatimtv.com\/index.php\/wp-json\/wp\/v2\/users\/1"}],"replies":[{"embeddable":true,"href":"https:\/\/avukatimtv.com\/index.php\/wp-json\/wp\/v2\/comments?post=3070"}],"version-history":[{"count":1,"href":"https:\/\/avukatimtv.com\/index.php\/wp-json\/wp\/v2\/posts\/3070\/revisions"}],"predecessor-version":[{"id":3072,"href":"https:\/\/avukatimtv.com\/index.php\/wp-json\/wp\/v2\/posts\/3070\/revisions\/3072"}],"wp:featuredmedia":[{"embeddable":true,"href":"https:\/\/avukatimtv.com\/index.php\/wp-json\/wp\/v2\/media\/3071"}],"wp:attachment":[{"href":"https:\/\/avukatimtv.com\/index.php\/wp-json\/wp\/v2\/media?parent=3070"}],"wp:term":[{"taxonomy":"category","embeddable":true,"href":"https:\/\/avukatimtv.com\/index.php\/wp-json\/wp\/v2\/categories?post=3070"},{"taxonomy":"post_tag","embeddable":true,"href":"https:\/\/avukatimtv.com\/index.php\/wp-json\/wp\/v2\/tags?post=3070"}],"curies":[{"name":"wp","href":"https:\/\/api.w.org\/{rel}","templated":true}]}}