{"id":3073,"date":"2025-10-06T19:03:03","date_gmt":"2025-10-06T16:03:03","guid":{"rendered":"https:\/\/avukatimtv.com\/?p=3073"},"modified":"2025-10-06T19:03:03","modified_gmt":"2025-10-06T16:03:03","slug":"arabada-korkunc-olay-esini-oldurup-kaza-dedi","status":"publish","type":"post","link":"https:\/\/avukatimtv.com\/index.php\/2025\/10\/06\/arabada-korkunc-olay-esini-oldurup-kaza-dedi\/","title":{"rendered":"Arabada korkun\u00e7 olay! E\u015fini \u00f6ld\u00fcr\u00fcp &#8216;kaza&#8217; dedi"},"content":{"rendered":"<h2 id=\"spot\" class=\"mt10 haber_ozet\">\u0130zmir&#8217;in Urla il\u00e7esinde T.A., bulundu\u011fu ara\u00e7tan kazara ate\u015fledi\u011fini ileri s\u00fcrd\u00fc\u011f\u00fc t\u00fcfekle 32 ya\u015f\u0131ndaki e\u015fi Bur\u00e7in Razak Aky\u00fcrek&#8217;i \u00f6ld\u00fcrd\u00fc. T.A. ilk ifadesinde t\u00fcfe\u011fi kazayla ate\u015fledi\u011fini ve fi\u015fe\u011fin ara\u00e7 i\u00e7erisinden ge\u00e7erek ara\u00e7 d\u0131\u015f\u0131nda bulunan e\u015fine isabet etti\u011fini s\u00f6yledi\u011fi \u00f6\u011frenildi.<\/h2>\n<div class=\"news-detail-container\">\n<div class=\"left-block\">\n<div class=\"wrapper detay-v3_3 haber_metni\">\n<p>\u0130zmir&#8217;in\u00a0Urla\u00a0il\u00e7esinde ya\u015fanan olayda, T.A. isimli ki\u015fi, arac\u0131nda bulundurdu\u011fu t\u00fcfe\u011fin kazara ate\u015f almas\u0131 sonucu 32 ya\u015f\u0131ndaki e\u015fi Bur\u00e7in Razak Aky\u00fcrek&#8217;i hayat\u0131n\u0131 kaybetti.<\/p>\n<h3>KAZARA ATE\u015eLEND\u0130 SAVUNMASI<\/h3>\n<p>Edinilen bilgilere g\u00f6re olay, ak\u015fam saatlerinde meydana geldi. T.A., ifadesinde t\u00fcfe\u011fi kazara ate\u015fledi\u011fini, merminin ara\u00e7 i\u00e7erisinden ge\u00e7erek d\u0131\u015far\u0131da bulunan e\u015fine isabet etti\u011fini \u00f6ne s\u00fcrd\u00fc.<\/p>\n<h3>TAL\u0130HS\u0130Z KADIN \u00d6LD\u00dc, E\u015e\u0130 G\u00d6ZALTINDA<\/h3>\n<p>\u0130hbar \u00fczerine olay yerine gelen sa\u011fl\u0131k ekipleri, Bur\u00e7in Razak Aky\u00fcrek&#8217;in ya\u015fam\u0131n\u0131 yitirdi\u011fini belirledi. T.A. ise g\u00f6zalt\u0131na al\u0131narak ifadesi al\u0131nmak \u00fczere karakola g\u00f6t\u00fcr\u00fcld\u00fc.<\/p>\n<p>Olayla ilgili ba\u015flat\u0131lan soru\u015fturma s\u00fcr\u00fcyor.<\/p>\n<\/div>\n<p><img decoding=\"async\" src=\"https:\/\/foto.sondakika.com\/haber\/2025\/10\/06\/arabada-korkunc-olay-esini-oldurup-kaza-dedi-19119018_6265_m.jpg\" alt=\"Arabada korkun\u00e7 olay! E\u015fini \u00f6ld\u00fcr\u00fcp 'kaza' dedi\" \/><\/p>\n<\/div>\n<\/div>\n","protected":false},"excerpt":{"rendered":"<p>\u0130zmir&#8217;in Urla il\u00e7esinde T.A., bulundu\u011fu ara\u00e7tan kazara ate\u015fledi\u011fini ileri s\u00fcrd\u00fc\u011f\u00fc t\u00fcfekle 32 ya\u015f\u0131ndaki e\u015fi Bur\u00e7in Razak Aky\u00fcrek&#8217;i \u00f6ld\u00fcrd\u00fc. T.A. ilk ifadesinde t\u00fcfe\u011fi kazayla ate\u015fledi\u011fini ve fi\u015fe\u011fin ara\u00e7 i\u00e7erisinden ge\u00e7erek ara\u00e7 d\u0131\u015f\u0131nda bulunan e\u015fine isabet etti\u011fini s\u00f6yledi\u011fi \u00f6\u011frenildi. \u0130zmir&#8217;in\u00a0Urla\u00a0il\u00e7esinde ya\u015fanan olayda, T.A. isimli ki\u015fi, arac\u0131nda bulundurdu\u011fu t\u00fcfe\u011fin kazara ate\u015f almas\u0131 sonucu 32 ya\u015f\u0131ndaki e\u015fi Bur\u00e7in Razak [&hellip;]<\/p>\n","protected":false},"author":1,"featured_media":3074,"comment_status":"closed","ping_status":"closed","sticky":false,"template":"","format":"standard","meta":{"footnotes":""},"categories":[7,39],"tags":[60,175,224,311,22,334,545],"class_list":["post-3073","post","type-post","status-publish","format-standard","has-post-thumbnail","hentry","category-gundem","category-haber","tag-cinayet","tag-guvenlik","tag-izmir","tag-kaza","tag-dunya","tag-guncel","tag-urla"],"_links":{"self":[{"href":"https:\/\/avukatimtv.com\/index.php\/wp-json\/wp\/v2\/posts\/3073","targetHints":{"allow":["GET"]}}],"collection":[{"href":"https:\/\/avukatimtv.com\/index.php\/wp-json\/wp\/v2\/posts"}],"about":[{"href":"https:\/\/avukatimtv.com\/index.php\/wp-json\/wp\/v2\/types\/post"}],"author":[{"embeddable":true,"href":"https:\/\/avukatimtv.com\/index.php\/wp-json\/wp\/v2\/users\/1"}],"replies":[{"embeddable":true,"href":"https:\/\/avukatimtv.com\/index.php\/wp-json\/wp\/v2\/comments?post=3073"}],"version-history":[{"count":1,"href":"https:\/\/avukatimtv.com\/index.php\/wp-json\/wp\/v2\/posts\/3073\/revisions"}],"predecessor-version":[{"id":3075,"href":"https:\/\/avukatimtv.com\/index.php\/wp-json\/wp\/v2\/posts\/3073\/revisions\/3075"}],"wp:featuredmedia":[{"embeddable":true,"href":"https:\/\/avukatimtv.com\/index.php\/wp-json\/wp\/v2\/media\/3074"}],"wp:attachment":[{"href":"https:\/\/avukatimtv.com\/index.php\/wp-json\/wp\/v2\/media?parent=3073"}],"wp:term":[{"taxonomy":"category","embeddable":true,"href":"https:\/\/avukatimtv.com\/index.php\/wp-json\/wp\/v2\/categories?post=3073"},{"taxonomy":"post_tag","embeddable":true,"href":"https:\/\/avukatimtv.com\/index.php\/wp-json\/wp\/v2\/tags?post=3073"}],"curies":[{"name":"wp","href":"https:\/\/api.w.org\/{rel}","templated":true}]}}