{"id":3077,"date":"2025-10-14T14:50:39","date_gmt":"2025-10-14T11:50:39","guid":{"rendered":"https:\/\/avukatimtv.com\/?p=3077"},"modified":"2025-10-14T14:50:39","modified_gmt":"2025-10-14T11:50:39","slug":"magarada-bulunan-ceset-10-yildir-aranan-3-cocuk-annesi-gulizar-bingole-ait-cikti","status":"publish","type":"post","link":"https:\/\/avukatimtv.com\/index.php\/2025\/10\/14\/magarada-bulunan-ceset-10-yildir-aranan-3-cocuk-annesi-gulizar-bingole-ait-cikti\/","title":{"rendered":"Ma\u011farada bulunan ceset 10 y\u0131ld\u0131r aranan 3 \u00e7ocuk annesi G\u00fclizar Bing\u00f6l&#8217;e ait \u00e7\u0131kt\u0131"},"content":{"rendered":"<h2 id=\"spot\" class=\"mt10 haber_ozet\">Diyarbak\u0131r&#8217;da 2015 y\u0131l\u0131nda ma\u011farada cans\u0131z bedeni bulunan kad\u0131n\u0131n dosyas\u0131 JASAT taraf\u0131ndan yeniden a\u00e7\u0131ld\u0131. Yeniden y\u00fczlendirme \u00e7al\u0131\u015fmas\u0131 ile kad\u0131n\u0131n kay\u0131p olarak aranan 3 \u00e7ocuk annesi G\u00fclizar Bing\u00f6l oldu\u011fu ve cinayete kurban gitti\u011fi ortaya \u00e7\u0131kt\u0131. Olaya ili\u015fkin g\u00f6zalt\u0131na al\u0131nan ve DNA&#8217;s\u0131, ma\u011faradan al\u0131nan DNA ile e\u015fle\u015fen akrabas\u0131 Mehmet Biro\u011flu tutukland\u0131.<\/h2>\n<div class=\"news-detail-container\">\n<div class=\"left-block\">\n<div class=\"wrapper detay-v3_3 haber_metni\">\n<p>Diyarbak\u0131r&#8217;\u0131n\u00a0\u00c7ermik\u00a0il\u00e7esinde 2015 y\u0131l\u0131nda ma\u011farada cans\u0131z bedeni bulunan ve kimsesizler mezarl\u0131\u011f\u0131na defnedilen kad\u0131n\u0131n dosyas\u0131 Jandarma Su\u00e7 Ara\u015ft\u0131rma Timi (JASAT) taraf\u0131ndan yeniden a\u00e7\u0131ld\u0131. Yeniden y\u00fczlendirme \u00e7al\u0131\u015fmas\u0131 ile kad\u0131n\u0131n kay\u0131p olarak aranan 3 \u00e7ocuk annesi G\u00fclizar\u00a0Bing\u00f6l\u00a0(27) oldu\u011fu ve cinayete kurban gitti\u011fi ortaya \u00e7\u0131kt\u0131. Olaya ili\u015fkin g\u00f6zalt\u0131na al\u0131nan ve DNA&#8217;s\u0131, ma\u011faradan al\u0131nan DNA ile e\u015fle\u015fen akrabas\u0131 Mehmet Biro\u011flu (32) tutukland\u0131.<\/p>\n<\/div>\n<p><img decoding=\"async\" src=\"https:\/\/foto.sondakika.com\/haber\/2025\/10\/14\/magarada-bulunan-ceset-10-yildir-aranan-3-cocuk-19145595_8019_m.jpg\" alt=\"Ma\u011farada bulunan ceset 10 y\u0131ld\u0131r aranan 3 \u00e7ocuk annesi G\u00fclizar Bing\u00f6l'e ait \u00e7\u0131kt\u0131\" \/><\/p>\n<\/div>\n<h3>JASAT EK\u0130PLER\u0130 \u00c7ALI\u015eMA BA\u015eLATTI<\/h3>\n<p>Diyarbak\u0131r Cumhuriyet Ba\u015fsavc\u0131s\u0131\u00a0Mustafa \u00c7elenk&#8217;in, kay\u0131p \u015fah\u0131slar ve kad\u0131n cinayetlerine ili\u015fkin eski dosyalar\u0131n yeniden incelenmesi talimat\u0131 \u00fczerine, \u0130l Jandarma Komutanl\u0131\u011f\u0131 JASAT, Kriminal \u015eube, \u00c7ermik \u0130l\u00e7e Jandarma Komutanl\u0131\u011f\u0131 ve \u0130l Emniyet M\u00fcd\u00fcrl\u00fc\u011f\u00fc ekipleri taraf\u0131ndan \u00e7al\u0131\u015fma ba\u015flat\u0131ld\u0131.<\/p>\n<\/div>\n<p>&nbsp;<\/p>\n<div class=\"news-detail-container\">\n<p><img decoding=\"async\" src=\"https:\/\/foto.sondakika.com\/haber\/2025\/10\/14\/magarada-bulunan-ceset-10-yildir-aranan-3-cocuk-19145595_8449_m.jpg\" alt=\"Ma\u011farada bulunan ceset 10 y\u0131ld\u0131r aranan 3 \u00e7ocuk annesi G\u00fclizar Bing\u00f6l'e ait \u00e7\u0131kt\u0131\" \/><\/p>\n<\/div>\n<h3>YEN\u0130DEN Y\u00dcZLEND\u0130RME \u00c7ALI\u015eMASI YAPILDI<\/h3>\n<p>Bu kapsamda, 2015&#8217;te \u00c7ermik il\u00e7esi Petekkaya Mahallesi\u00a0Alacakaya\u00a0Mermer Oca\u011f\u0131 mevkisinde bulunan ve kimli\u011fi belirlenemedi\u011fi i\u00e7in kimsesizler mezarl\u0131\u011f\u0131nda defnedilen bir kad\u0131na ait mezarda fethi kabir i\u015flemi yap\u0131ld\u0131. Olay yeri ve mezardaki kemiklerden al\u0131nan \u00f6rnekler,\u00a0Ankara\u00a0Emniyet Genel M\u00fcd\u00fcrl\u00fc\u011f\u00fc\u00a0B\u00f6lge Kriminal\u00a0Polis\u00a0Laboratuvar\u0131&#8217;nda incelendi. Yeniden y\u00fczlendirme \u00e7al\u0131\u015fmas\u0131yla cesedin, 10 y\u0131ld\u0131r kay\u0131p olan G\u00fclizar Bing\u00f6l&#8217;e ait oldu\u011fu belirlendi.<\/p>\n<p>&nbsp;<\/p>\n<p><img decoding=\"async\" src=\"https:\/\/foto.sondakika.com\/haber\/2025\/10\/14\/magarada-bulunan-ceset-10-yildir-aranan-3-cocuk-19145595_2749_m.jpg\" alt=\"Ma\u011farada bulunan ceset 10 y\u0131ld\u0131r aranan 3 \u00e7ocuk annesi G\u00fclizar Bing\u00f6l'e ait \u00e7\u0131kt\u0131\" \/><\/p>\n<p>&nbsp;<\/p>\n<h3>\u015e\u00dcPHEL\u0130N\u0130N DNA&#8217;SI, MA\u011eARADAK\u0130\u00a0<i>DNA\u00a0<\/i>\u0130LE E\u015eLE\u015eT\u0130<\/h3>\n<p>HTS analizlerinde Bing\u00f6l&#8217;\u00fcn olay tarihinde akrabas\u0131 Mehmet Biro\u011flu ile s\u0131k s\u0131k ileti\u015fimde oldu\u011fu tespit edildi. Bunun \u00fczerine Biro\u011flu, ekipler taraf\u0131ndan g\u00f6zalt\u0131na al\u0131nd\u0131. Olay yerinden elde edilen DNA \u00f6rnekleriyle Biro\u011flu&#8217;dan al\u0131nan \u00f6rnekler e\u015fle\u015fti. \u0130\u015flemlerinin ard\u0131ndan adliyeye sevk edilen Biro\u011flu, \u00e7\u0131kar\u0131ld\u0131\u011f\u0131 mahkeme taraf\u0131ndan tutuklanarak cezaevine g\u00f6nderildi.\u00a0\u0130\u00e7i\u015fleri Bakan\u0131\u00a0Ali Yerlikaya&#8217;da ayd\u0131nlat\u0131lan cinayet olay\u0131n\u0131 sosyal medya hesab\u0131ndan payla\u015farak duyurdu.<\/p>\n<p>&nbsp;<\/p>\n<p><img decoding=\"async\" src=\"https:\/\/foto.sondakika.com\/haber\/2025\/10\/14\/magarada-bulunan-ceset-10-yildir-aranan-3-cocuk-19145595_3627_m.jpg\" alt=\"Ma\u011farada bulunan ceset 10 y\u0131ld\u0131r aranan 3 \u00e7ocuk annesi G\u00fclizar Bing\u00f6l'e ait \u00e7\u0131kt\u0131\" \/><\/p>\n<p>&nbsp;<\/p>\n<p>&nbsp;<\/p>\n","protected":false},"excerpt":{"rendered":"<p>Diyarbak\u0131r&#8217;da 2015 y\u0131l\u0131nda ma\u011farada cans\u0131z bedeni bulunan kad\u0131n\u0131n dosyas\u0131 JASAT taraf\u0131ndan yeniden a\u00e7\u0131ld\u0131. Yeniden y\u00fczlendirme \u00e7al\u0131\u015fmas\u0131 ile kad\u0131n\u0131n kay\u0131p olarak aranan 3 \u00e7ocuk annesi G\u00fclizar Bing\u00f6l oldu\u011fu ve cinayete kurban gitti\u011fi ortaya \u00e7\u0131kt\u0131. Olaya ili\u015fkin g\u00f6zalt\u0131na al\u0131nan ve DNA&#8217;s\u0131, ma\u011faradan al\u0131nan DNA ile e\u015fle\u015fen akrabas\u0131 Mehmet Biro\u011flu tutukland\u0131. Diyarbak\u0131r&#8217;\u0131n\u00a0\u00c7ermik\u00a0il\u00e7esinde 2015 y\u0131l\u0131nda ma\u011farada cans\u0131z bedeni bulunan [&hellip;]<\/p>\n","protected":false},"author":1,"featured_media":3078,"comment_status":"closed","ping_status":"closed","sticky":false,"template":"","format":"standard","meta":{"footnotes":""},"categories":[7,39],"tags":[60,164,378,175,148,309,546,375,33],"class_list":["post-3077","post","type-post","status-publish","format-standard","has-post-thumbnail","hentry","category-gundem","category-haber","tag-cinayet","tag-cocuk","tag-diyarbakir","tag-guvenlik","tag-hukuk","tag-jasat","tag-bingol","tag-kurban","tag-yasam"],"_links":{"self":[{"href":"https:\/\/avukatimtv.com\/index.php\/wp-json\/wp\/v2\/posts\/3077","targetHints":{"allow":["GET"]}}],"collection":[{"href":"https:\/\/avukatimtv.com\/index.php\/wp-json\/wp\/v2\/posts"}],"about":[{"href":"https:\/\/avukatimtv.com\/index.php\/wp-json\/wp\/v2\/types\/post"}],"author":[{"embeddable":true,"href":"https:\/\/avukatimtv.com\/index.php\/wp-json\/wp\/v2\/users\/1"}],"replies":[{"embeddable":true,"href":"https:\/\/avukatimtv.com\/index.php\/wp-json\/wp\/v2\/comments?post=3077"}],"version-history":[{"count":1,"href":"https:\/\/avukatimtv.com\/index.php\/wp-json\/wp\/v2\/posts\/3077\/revisions"}],"predecessor-version":[{"id":3079,"href":"https:\/\/avukatimtv.com\/index.php\/wp-json\/wp\/v2\/posts\/3077\/revisions\/3079"}],"wp:featuredmedia":[{"embeddable":true,"href":"https:\/\/avukatimtv.com\/index.php\/wp-json\/wp\/v2\/media\/3078"}],"wp:attachment":[{"href":"https:\/\/avukatimtv.com\/index.php\/wp-json\/wp\/v2\/media?parent=3077"}],"wp:term":[{"taxonomy":"category","embeddable":true,"href":"https:\/\/avukatimtv.com\/index.php\/wp-json\/wp\/v2\/categories?post=3077"},{"taxonomy":"post_tag","embeddable":true,"href":"https:\/\/avukatimtv.com\/index.php\/wp-json\/wp\/v2\/tags?post=3077"}],"curies":[{"name":"wp","href":"https:\/\/api.w.org\/{rel}","templated":true}]}}