{"id":3080,"date":"2025-10-14T14:57:55","date_gmt":"2025-10-14T11:57:55","guid":{"rendered":"https:\/\/avukatimtv.com\/?p=3080"},"modified":"2025-10-14T14:57:55","modified_gmt":"2025-10-14T11:57:55","slug":"alanyada-korkunc-cinayet-cesedi-ucurumda-bulundu","status":"publish","type":"post","link":"https:\/\/avukatimtv.com\/index.php\/2025\/10\/14\/alanyada-korkunc-cinayet-cesedi-ucurumda-bulundu\/","title":{"rendered":"Alanya\u2019da korkun\u00e7 cinayet! Cesedi u\u00e7urumda bulundu"},"content":{"rendered":"<p>Antalya\u2019n\u0131n Alanya il\u00e7esinde sabaha kar\u015f\u0131 gelen bir ihbar, deh\u015fet verici bir cinayeti ortaya \u00e7\u0131kard\u0131. Kavga s\u0131ras\u0131nda b\u0131\u00e7aklanarak \u00f6ld\u00fcr\u00fcld\u00fc\u011f\u00fc \u00f6ne s\u00fcr\u00fclen 32 ya\u015f\u0131ndaki Yusuf Ko\u00e7ak\u2019\u0131n cans\u0131z bedeni, polis ekiplerinin yer g\u00f6sterme \u00e7al\u0131\u015fmalar\u0131 sonucu Pa\u015fak\u00f6y Mahallesi yak\u0131nlar\u0131ndaki u\u00e7urumda bulundu.<\/p>\n<p class=\"\">Antalya&#8217;n\u0131n\u00a0Alanya\u00a0il\u00e7esinde kavgada b\u0131\u00e7aklanarak \u00f6ld\u00fcr\u00fcld\u00fc\u011f\u00fc ihbar\u0131 \u00fczerine yap\u0131lan \u00e7al\u0131\u015fmada u\u00e7urumda cans\u0131z bedeni bulunan Yusuf Ko\u00e7ak (32) cinayetine ili\u015fkin g\u00f6zalt\u0131na al\u0131nan 7 \u015f\u00fcpheliden 2&#8217;si tutukland\u0131.<\/p>\n<p>\u0130l\u00e7e Emniyet M\u00fcd\u00fcrl\u00fc\u011f\u00fc ekipleri, 11 Ekim&#8217;de sabaha kar\u015f\u0131 Hac\u0131mehmetli Mahallesi Ak\u00e7ak\u0131ll\u0131k mevkisinde, bir ki\u015finin \u00e7\u0131kan kavgada \u00f6ld\u00fcr\u00fcld\u00fckten sonra cesedinin u\u00e7urumdan at\u0131ld\u0131\u011f\u0131 ihbar\u0131 \u00fczerine \u00e7al\u0131\u015fma ba\u015flatt\u0131.<\/p>\n<p><strong>U\u00c7URUMDA BI\u00c7AKLANMI\u015e HALDE BULUNDU<\/strong><\/p>\n<p>Olaya ili\u015fkin ba\u015flat\u0131lan soru\u015fturma kapsam\u0131nda polis ekipleri, 12 Ekim&#8217;de 7 ki\u015fiyi g\u00f6zalt\u0131na ald\u0131. \u015e\u00fcphelilerin ifadeleri ve yer g\u00f6stermesi do\u011frultusunda, Pa\u015fak\u00f6y Mahallesi yak\u0131nlar\u0131ndaki u\u00e7urumda Yusuf Ko\u00e7ak&#8217;\u0131n b\u0131\u00e7aklanm\u0131\u015f halde cans\u0131z bedenine ula\u015f\u0131ld\u0131.<\/p>\n<p class=\"\">Polisin saatler s\u00fcren \u00e7al\u0131\u015fmas\u0131 ile u\u00e7urumdan \u00e7\u0131kar\u0131lan Yusuf Ko\u00e7ak&#8217;\u0131n cans\u0131z bedeni, Alanya Belediye morguna konuldu. Otopsi i\u015flemlerinin ard\u0131ndan yak\u0131nlar\u0131 taraf\u0131ndan teslim al\u0131nan Yusuf Ko\u00e7ak&#8217;\u0131n cenazesi, topra\u011fa verildi.<\/p>\n<p><strong>2 TUTUKLAMA<\/strong><\/p>\n<p>\u015e\u00fcpheliler, polis merkezindeki ifadelerinin ard\u0131ndan d\u00fcn \u00f6\u011fle saatlerinde geni\u015f g\u00fcvenlik \u00f6nlemleri e\u015fli\u011finde Alanya Adliyesi&#8217;ne getirildi. \u0130fade i\u015flemleri gece ge\u00e7 saatlere kadar s\u00fcren \u015f\u00fcpheliler mahkemeye \u00e7\u0131kar\u0131ld\u0131. \u015e\u00fcphelilerden E.K. ve K.K. tutukland\u0131, 5 ki\u015fi ise yurt d\u0131\u015f\u0131 \u00e7\u0131k\u0131\u015f yasa\u011f\u0131 konularak adli kontrol \u015fart\u0131yla serbest b\u0131rak\u0131ld\u0131.<\/p>\n<p>Soru\u015fturma s\u00fcr\u00fcyor.<\/p>\n<p>&nbsp;<\/p>\n<p>&nbsp;<\/p>\n","protected":false},"excerpt":{"rendered":"<p>Antalya\u2019n\u0131n Alanya il\u00e7esinde sabaha kar\u015f\u0131 gelen bir ihbar, deh\u015fet verici bir cinayeti ortaya \u00e7\u0131kard\u0131. Kavga s\u0131ras\u0131nda b\u0131\u00e7aklanarak \u00f6ld\u00fcr\u00fcld\u00fc\u011f\u00fc \u00f6ne s\u00fcr\u00fclen 32 ya\u015f\u0131ndaki Yusuf Ko\u00e7ak\u2019\u0131n cans\u0131z bedeni, polis ekiplerinin yer g\u00f6sterme \u00e7al\u0131\u015fmalar\u0131 sonucu Pa\u015fak\u00f6y Mahallesi yak\u0131nlar\u0131ndaki u\u00e7urumda bulundu. Antalya&#8217;n\u0131n\u00a0Alanya\u00a0il\u00e7esinde kavgada b\u0131\u00e7aklanarak \u00f6ld\u00fcr\u00fcld\u00fc\u011f\u00fc ihbar\u0131 \u00fczerine yap\u0131lan \u00e7al\u0131\u015fmada u\u00e7urumda cans\u0131z bedeni bulunan Yusuf Ko\u00e7ak (32) cinayetine ili\u015fkin g\u00f6zalt\u0131na [&hellip;]<\/p>\n","protected":false},"author":1,"featured_media":3081,"comment_status":"closed","ping_status":"closed","sticky":false,"template":"","format":"standard","meta":{"footnotes":""},"categories":[7,39],"tags":[60,490,547],"class_list":["post-3080","post","type-post","status-publish","format-standard","has-post-thumbnail","hentry","category-gundem","category-haber","tag-cinayet","tag-alanya","tag-cesed"],"_links":{"self":[{"href":"https:\/\/avukatimtv.com\/index.php\/wp-json\/wp\/v2\/posts\/3080","targetHints":{"allow":["GET"]}}],"collection":[{"href":"https:\/\/avukatimtv.com\/index.php\/wp-json\/wp\/v2\/posts"}],"about":[{"href":"https:\/\/avukatimtv.com\/index.php\/wp-json\/wp\/v2\/types\/post"}],"author":[{"embeddable":true,"href":"https:\/\/avukatimtv.com\/index.php\/wp-json\/wp\/v2\/users\/1"}],"replies":[{"embeddable":true,"href":"https:\/\/avukatimtv.com\/index.php\/wp-json\/wp\/v2\/comments?post=3080"}],"version-history":[{"count":1,"href":"https:\/\/avukatimtv.com\/index.php\/wp-json\/wp\/v2\/posts\/3080\/revisions"}],"predecessor-version":[{"id":3082,"href":"https:\/\/avukatimtv.com\/index.php\/wp-json\/wp\/v2\/posts\/3080\/revisions\/3082"}],"wp:featuredmedia":[{"embeddable":true,"href":"https:\/\/avukatimtv.com\/index.php\/wp-json\/wp\/v2\/media\/3081"}],"wp:attachment":[{"href":"https:\/\/avukatimtv.com\/index.php\/wp-json\/wp\/v2\/media?parent=3080"}],"wp:term":[{"taxonomy":"category","embeddable":true,"href":"https:\/\/avukatimtv.com\/index.php\/wp-json\/wp\/v2\/categories?post=3080"},{"taxonomy":"post_tag","embeddable":true,"href":"https:\/\/avukatimtv.com\/index.php\/wp-json\/wp\/v2\/tags?post=3080"}],"curies":[{"name":"wp","href":"https:\/\/api.w.org\/{rel}","templated":true}]}}