{"id":3083,"date":"2025-10-14T15:25:10","date_gmt":"2025-10-14T12:25:10","guid":{"rendered":"https:\/\/avukatimtv.com\/?p=3083"},"modified":"2025-10-14T15:25:10","modified_gmt":"2025-10-14T12:25:10","slug":"rojin-kabaisin-babasi-nizamettin-kabais-bastan-beri-belliydi-cinayet-oldugu","status":"publish","type":"post","link":"https:\/\/avukatimtv.com\/index.php\/2025\/10\/14\/rojin-kabaisin-babasi-nizamettin-kabais-bastan-beri-belliydi-cinayet-oldugu\/","title":{"rendered":"Rojin Kabai\u015f\u2019in babas\u0131 Nizamettin Kabai\u015f: Ba\u015ftan beri belliydi cinayet oldu\u011fu"},"content":{"rendered":"<p>Van G\u00f6l\u00fc\u2019nde cans\u0131z bedeni bulunan Van Y\u00fcz\u00fcnc\u00fc Y\u0131l \u00dcniversitesi \u00f6\u011frencisi Rojin Kabai\u015f&#8217;in babas\u0131 Nizamettin Kabai\u015f, Rojin Kabai\u015f\u2019in bedeninde iki erke\u011fe ait DNA tespit eden Adli T\u0131p Raporu hakk\u0131nda, \u201cBa\u015ftan beri belliydi, bir cinayet oldu\u011fu. DNA&#8217;lar\u0131n ciddi anlamda bula\u015fla ilgili olmad\u0131\u011f\u0131 belli oldu art\u0131k\u201d dedi.<\/p>\n<p>Rojin Kabai\u015f&#8217;in Van G\u00f6l\u00fc\u2019nde \u00f6l\u00fc bulunmas\u0131na dair Adli T\u0131p Kurumu\u2019ndan (ATK) beklenen rapor 10 Ekim 2025\u2019te dosyaya girdi.<\/p>\n<p>Rapora g\u00f6re Rojin Kabai\u015f\u2019in g\u00f6\u011f\u00fcs ve vajina i\u00e7 b\u00f6lgesinde iki ayr\u0131 erke\u011fe ait DNA tespit edildi.<\/p>\n<p>Van ve Diyarbak\u0131r barosu avukatlar\u0131 raporda yer alan bilgilere dayanarak Rojin Kabai\u015f&#8217;in cinsel sald\u0131r\u0131ya u\u011fram\u0131\u015f olma ihtimali oldu\u011funu s\u00f6yledi.<\/p>\n<p>Van ve Diyarbak\u0131r barosu avukatlar\u0131 d\u00fcn ortak bas\u0131n toplant\u0131s\u0131 d\u00fczenleyerek raporu kamuoyu ile payla\u015ft\u0131.<\/p>\n<p><strong>\u201cKimler yapt\u0131? Kimler delilleri karartmaya \u00e7al\u0131\u015ft\u0131?\u201d<\/strong><\/p>\n<p>Rojin Kabai\u015f\u2019in babas\u0131 Nizamettin Kabai\u015f de raporu de\u011ferlendirdi. Nizamettin Kabai\u015f, ba\u015f\u0131ndan beri k\u0131z\u0131n\u0131n intihar etmesinin m\u00fcmk\u00fcn olmad\u0131\u011f\u0131n\u0131 ve cinayete kurban gitti\u011fini s\u00f6yledi\u011fini vurgulad\u0131.<\/p>\n<p>DHA\u2019ya konu\u015fan Nizamettin Kabai\u015f \u015funlar\u0131 s\u00f6yledi:<\/p>\n<p>\u201cBa\u015ftan beri belliydi, bir cinayet oldu\u011fu. DNA&#8217;lar\u0131n ciddi anlamda bula\u015fla ilgili olmad\u0131\u011f\u0131 belli oldu art\u0131k. Rojin\u2019in v\u00fccudunda iki erke\u011fe ait DNA vard\u0131r. Diyor ki; Ben iki ki\u015fiyi tespit ettim. Bu iki ki\u015fi katildir, siz de tutuklay\u0131n, onlara a\u011f\u0131r ceza verin. Biz \u00e7ok ac\u0131 \u00e7ekiyoruz. D\u00fcnden beri benim uykum gelmemi\u015f. Ben \u00e7ok zor durumday\u0131m. Kimler yapt\u0131? Kimler delilleri karartmaya \u00e7al\u0131\u015ft\u0131? Kimler kapatmaya \u00e7al\u0131\u015ft\u0131lar? Her \u015fey Allah&#8217;\u0131n izniyle a\u00e7\u0131\u011fa \u00e7\u0131kacak ve biraz da olsa biz nefes alaca\u011f\u0131z. Bize dediler ki intihar etmi\u015f. \u2018Suda bo\u011fulma\u2019 diye kabul ettiler ama \u00f6yle de\u011fil. Ben \u015f\u00fcphelendim. Aynen benim dedi\u011fim \u00e7\u0131kt\u0131. Onlar kapatmaya \u00e7al\u0131\u015ft\u0131lar ama ben bir baba olarak m\u00fccadele edece\u011fim, m\u00fccadelemi b\u0131rakmayaca\u011f\u0131m. Gerekirse tekrar Ankara&#8217;ya gidece\u011fim. Annesiyle beraber Ba\u015fkanl\u0131\u011f\u0131na \u00e7\u0131kaca\u011f\u0131z. O katiller yakalanana kadar, cezalar\u0131 \u00e7ekene kadar biz durmayaca\u011f\u0131z, m\u00fccadele edece\u011fiz. \u00c7\u00fcnk\u00fc bizim ci\u011ferimiz yanm\u0131\u015f. D\u00fc\u015f\u00fcn ki v\u00fccudundan bir par\u00e7a eksilmi\u015f. Kolun kesilmi\u015f, aya\u011f\u0131n kesilmi\u015f. Kolsuz, ayaks\u0131z geziyoruz \u015fu anda. V\u00fccudumuzdan bir par\u00e7a eksilmi\u015f. Ama katledilmi\u015f. B\u00fcy\u00fck bir zul\u00fcmle gitti. Biz zor durumday\u0131z. Hak, hukuk, adalet neyse adalet yerini bulsun. Su\u00e7lular da cezas\u0131n\u0131 \u00e7eksin. Rojin\u2019in hayalleri yar\u0131da kald\u0131. K\u0131z\u0131ma bu vah\u015feti yapanlar yakalas\u0131nlar. En a\u011f\u0131r ceza neyse onlara versinler. Ben can\u0131mdan vazge\u00e7ece\u011fim, bu katiller yakalanana kadar m\u00fccadele edece\u011fim. Rojin\u2019e ne oldu? Kim ne yapt\u0131? Savc\u0131l\u0131kta, emniyette, rekt\u00f6rl\u00fckte s\u00fcrekli gidip soruyorduk. 17 seferdir ben Van&#8217;a gidiyorum. Soruyoruz ama cevap yok. Rojin\u2019e ne oldu? Cevab\u0131n\u0131 bize veremiyorlar. Allah&#8217;\u0131n izniyle bu cinayet a\u00e7\u0131\u011fa \u00e7\u0131kacak, ayd\u0131nlanacak. O katiller de yakalanacak. Bana kalsa onlara idam verilsin. \u00c7\u00fcnk\u00fc bunlara idam verilmezse ba\u015fka Rojinler de gidecek. Ba\u015fka kad\u0131nlar da gidecek.\u201d<\/p>\n<p><strong>Raporda ne yaz\u0131yor?<\/strong><\/p>\n<p>Adli T\u0131p Kurumu Ba\u015fkanl\u0131\u011f\u0131nca haz\u0131rlanan ve Van Cumhuriyet Ba\u015fsavc\u0131l\u0131\u011f\u0131na g\u00f6nderilen raporda, \u015fu ifadelere yer verildi:<\/p>\n<p>&#8220;Maktul\u00fcn DNA&#8217;s\u0131 ile bir arada erkek cinsiyetli farkl\u0131 DNA tiplemelerinin maktul\u00fcn v\u00fccudunun hangi k\u0131s\u0131mlar\u0131ndan al\u0131nd\u0131\u011f\u0131 sorulmaktad\u0131r. Yap\u0131lan incelemelerde bahsi ge\u00e7en 2 ek\u00fcvyon \u00f6rneklerinin sternal (g\u00f6\u011f\u00fcs kemi\u011fi) ve intra vajinal b\u00f6lgelerde oldu\u011fu okunmu\u015ftur.&#8221;<\/p>\n","protected":false},"excerpt":{"rendered":"<p>Van G\u00f6l\u00fc\u2019nde cans\u0131z bedeni bulunan Van Y\u00fcz\u00fcnc\u00fc Y\u0131l \u00dcniversitesi \u00f6\u011frencisi Rojin Kabai\u015f&#8217;in babas\u0131 Nizamettin Kabai\u015f, Rojin Kabai\u015f\u2019in bedeninde iki erke\u011fe ait DNA tespit eden Adli T\u0131p Raporu hakk\u0131nda, \u201cBa\u015ftan beri belliydi, bir cinayet oldu\u011fu. DNA&#8217;lar\u0131n ciddi anlamda bula\u015fla ilgili olmad\u0131\u011f\u0131 belli oldu art\u0131k\u201d dedi. Rojin Kabai\u015f&#8217;in Van G\u00f6l\u00fc\u2019nde \u00f6l\u00fc bulunmas\u0131na dair Adli T\u0131p Kurumu\u2019ndan (ATK) [&hellip;]<\/p>\n","protected":false},"author":1,"featured_media":3084,"comment_status":"closed","ping_status":"closed","sticky":false,"template":"","format":"standard","meta":{"footnotes":""},"categories":[7,39],"tags":[60,548],"class_list":["post-3083","post","type-post","status-publish","format-standard","has-post-thumbnail","hentry","category-gundem","category-haber","tag-cinayet","tag-rojinkabais"],"_links":{"self":[{"href":"https:\/\/avukatimtv.com\/index.php\/wp-json\/wp\/v2\/posts\/3083","targetHints":{"allow":["GET"]}}],"collection":[{"href":"https:\/\/avukatimtv.com\/index.php\/wp-json\/wp\/v2\/posts"}],"about":[{"href":"https:\/\/avukatimtv.com\/index.php\/wp-json\/wp\/v2\/types\/post"}],"author":[{"embeddable":true,"href":"https:\/\/avukatimtv.com\/index.php\/wp-json\/wp\/v2\/users\/1"}],"replies":[{"embeddable":true,"href":"https:\/\/avukatimtv.com\/index.php\/wp-json\/wp\/v2\/comments?post=3083"}],"version-history":[{"count":1,"href":"https:\/\/avukatimtv.com\/index.php\/wp-json\/wp\/v2\/posts\/3083\/revisions"}],"predecessor-version":[{"id":3085,"href":"https:\/\/avukatimtv.com\/index.php\/wp-json\/wp\/v2\/posts\/3083\/revisions\/3085"}],"wp:featuredmedia":[{"embeddable":true,"href":"https:\/\/avukatimtv.com\/index.php\/wp-json\/wp\/v2\/media\/3084"}],"wp:attachment":[{"href":"https:\/\/avukatimtv.com\/index.php\/wp-json\/wp\/v2\/media?parent=3083"}],"wp:term":[{"taxonomy":"category","embeddable":true,"href":"https:\/\/avukatimtv.com\/index.php\/wp-json\/wp\/v2\/categories?post=3083"},{"taxonomy":"post_tag","embeddable":true,"href":"https:\/\/avukatimtv.com\/index.php\/wp-json\/wp\/v2\/tags?post=3083"}],"curies":[{"name":"wp","href":"https:\/\/api.w.org\/{rel}","templated":true}]}}