{"id":3086,"date":"2025-10-18T18:13:23","date_gmt":"2025-10-18T15:13:23","guid":{"rendered":"https:\/\/avukatimtv.com\/?p=3086"},"modified":"2025-10-18T18:13:23","modified_gmt":"2025-10-18T15:13:23","slug":"samsunda-cinayet-davasinda-aciklanan-cezalar","status":"publish","type":"post","link":"https:\/\/avukatimtv.com\/index.php\/2025\/10\/18\/samsunda-cinayet-davasinda-aciklanan-cezalar\/","title":{"rendered":"Samsun&#8217;da Cinayet Davas\u0131nda A\u00e7\u0131klanan Cezalar"},"content":{"rendered":"<h2 id=\"spot\" class=\"mt10 haber_ozet\">Samsun&#8217;da \u00e7ay i\u00e7meye giden gencin tabancayla vurularak \u00f6l\u00fcm\u00fcyle ilgili yarg\u0131lanan 2 ki\u015fi m\u00fcebbet hapis cezas\u0131na \u00e7arpt\u0131r\u0131l\u0131rken, 1 ki\u015fi 14 y\u0131l ve 1 ki\u015fi beraat ald\u0131.<\/h2>\n<div class=\"news-detail-container\">\n<div class=\"left-block\">\n<div class=\"wrapper detay-v3_3 haber_metni\">\n<p>Samsun&#8217;da \u00e7ay i\u00e7meye evine gittikleri gencin tabancayla vurularak \u00f6l\u00fcm\u00fcyle ilgili yarg\u0131lanan 2 ki\u015fi, m\u00fcebbet hapis ve 14 y\u0131l hapis cezas\u0131na \u00e7arpt\u0131r\u0131l\u0131rken, 1 ki\u015fi 14 y\u0131l hapis cezas\u0131 al\u0131p 1 ki\u015fi de beraat etti.<\/p>\n<p>Olay, Samsun&#8217;un\u00a0Canik\u00a0il\u00e7esi Belediyeevleri Mahallesi&#8217;nde 22 Temmuz 2023 gece meydana geldi. Edinilen bilgiye g\u00f6re, tabancayla vurulan Cenk Regaip Akman (33), ara\u00e7la \u00f6zel bir hastaneye kald\u0131r\u0131ld\u0131. Ameliyata al\u0131nan gen\u00e7 yap\u0131lan m\u00fcdahalelere ra\u011fmen kurtar\u0131lamayarak hayat\u0131n\u0131 kaybetti.<\/p>\n<p>Samsun Emniyet M\u00fcd\u00fcrl\u00fc\u011f\u00fc\u00a0Asayi\u015f \u015eube M\u00fcd\u00fcrl\u00fc\u011f\u00fc\u00a0Cinayet\u00a0B\u00fcro Amirli\u011fi ekipleri olay\u0131n oldu\u011fu evde bulunanlar ile yaral\u0131 genci hastaneye g\u00f6t\u00fcrenlerin de aralar\u0131nda bulundu\u011fu\u00a0\u00d6m\u00fcr Can\u00a0\u00d6. (29), Erdem A. (43), Tayfun S. (39) ve Yusuf \u00d6.&#8217;y\u00fc (32) g\u00f6zalt\u0131na ald\u0131. Olayda kullan\u0131lan tabanca ise sokakta at\u0131ld\u0131\u011f\u0131 yerde polis taraf\u0131ndan ele ge\u00e7irildi.<\/p>\n<p>\u00d6m\u00fcr Can \u00d6. mutfakta bulunan Tayfun S.&#8217;nin elinde tabanca g\u00f6rd\u00fc\u011f\u00fcn\u00fc, merak edip silah\u0131 elinden ald\u0131\u011f\u0131n\u0131 ve silah\u0131 kurcalarken ate\u015f al\u0131nca Cenk Regaip Akman&#8217;\u0131n vuruldu\u011funu iddia etti.<\/p>\n<p>Cinayet b\u00fcrosundaki sorgular\u0131 tamamlanan \u00d6m\u00fcr Can \u00d6., Erdem A., Tayfun S. ve Yusuf \u00d6. bug\u00fcn Samsun Adliyesine sevk edildi. \u00d6m\u00fcr Can \u00d6. ve Tayfun S. tutuklanarak cezaevine g\u00f6nderilirken, Yusuf \u00d6. ve Erdem A. serbest b\u0131rak\u0131ld\u0131. 4 ki\u015fi hakk\u0131nda Samsun 5. A\u011f\u0131r Ceza Mahkemesinde dava a\u00e7\u0131ld\u0131. Bug\u00fcn g\u00f6r\u00fclen davan\u0131n son duru\u015fmas\u0131nda \u00d6m\u00fcr Can \u00d6. ve Tayfun S. m\u00fcebbet hapis ve 14&#8217;er y\u0131l hapis cezas\u0131na \u00e7arpt\u0131r\u0131l\u0131rken, Yusuf \u00d6. de 14 y\u0131l hapis cezas\u0131 ald\u0131. Erdem A.&#8217;n\u0131n ise beraatime karar verildi. &#8211; SAMSUN<\/p>\n<\/div>\n<\/div>\n<\/div>\n","protected":false},"excerpt":{"rendered":"<p>Samsun&#8217;da \u00e7ay i\u00e7meye giden gencin tabancayla vurularak \u00f6l\u00fcm\u00fcyle ilgili yarg\u0131lanan 2 ki\u015fi m\u00fcebbet hapis cezas\u0131na \u00e7arpt\u0131r\u0131l\u0131rken, 1 ki\u015fi 14 y\u0131l ve 1 ki\u015fi beraat ald\u0131. Samsun&#8217;da \u00e7ay i\u00e7meye evine gittikleri gencin tabancayla vurularak \u00f6l\u00fcm\u00fcyle ilgili yarg\u0131lanan 2 ki\u015fi, m\u00fcebbet hapis ve 14 y\u0131l hapis cezas\u0131na \u00e7arpt\u0131r\u0131l\u0131rken, 1 ki\u015fi 14 y\u0131l hapis cezas\u0131 al\u0131p 1 ki\u015fi [&hellip;]<\/p>\n","protected":false},"author":1,"featured_media":3087,"comment_status":"closed","ping_status":"closed","sticky":false,"template":"","format":"standard","meta":{"footnotes":""},"categories":[7,39],"tags":[60,175,148,71,334,366,331],"class_list":["post-3086","post","type-post","status-publish","format-standard","has-post-thumbnail","hentry","category-gundem","category-haber","tag-cinayet","tag-guvenlik","tag-hukuk","tag-suc","tag-guncel","tag-samsun","tag-yerel-haberler"],"_links":{"self":[{"href":"https:\/\/avukatimtv.com\/index.php\/wp-json\/wp\/v2\/posts\/3086","targetHints":{"allow":["GET"]}}],"collection":[{"href":"https:\/\/avukatimtv.com\/index.php\/wp-json\/wp\/v2\/posts"}],"about":[{"href":"https:\/\/avukatimtv.com\/index.php\/wp-json\/wp\/v2\/types\/post"}],"author":[{"embeddable":true,"href":"https:\/\/avukatimtv.com\/index.php\/wp-json\/wp\/v2\/users\/1"}],"replies":[{"embeddable":true,"href":"https:\/\/avukatimtv.com\/index.php\/wp-json\/wp\/v2\/comments?post=3086"}],"version-history":[{"count":1,"href":"https:\/\/avukatimtv.com\/index.php\/wp-json\/wp\/v2\/posts\/3086\/revisions"}],"predecessor-version":[{"id":3088,"href":"https:\/\/avukatimtv.com\/index.php\/wp-json\/wp\/v2\/posts\/3086\/revisions\/3088"}],"wp:featuredmedia":[{"embeddable":true,"href":"https:\/\/avukatimtv.com\/index.php\/wp-json\/wp\/v2\/media\/3087"}],"wp:attachment":[{"href":"https:\/\/avukatimtv.com\/index.php\/wp-json\/wp\/v2\/media?parent=3086"}],"wp:term":[{"taxonomy":"category","embeddable":true,"href":"https:\/\/avukatimtv.com\/index.php\/wp-json\/wp\/v2\/categories?post=3086"},{"taxonomy":"post_tag","embeddable":true,"href":"https:\/\/avukatimtv.com\/index.php\/wp-json\/wp\/v2\/tags?post=3086"}],"curies":[{"name":"wp","href":"https:\/\/api.w.org\/{rel}","templated":true}]}}