{"id":3089,"date":"2025-10-18T18:18:59","date_gmt":"2025-10-18T15:18:59","guid":{"rendered":"https:\/\/avukatimtv.com\/?p=3089"},"modified":"2025-10-18T18:18:59","modified_gmt":"2025-10-18T15:18:59","slug":"14-yil-sonra-kayip-kardesin-cesedi-bulundu","status":"publish","type":"post","link":"https:\/\/avukatimtv.com\/index.php\/2025\/10\/18\/14-yil-sonra-kayip-kardesin-cesedi-bulundu\/","title":{"rendered":"14 Y\u0131l Sonra Kay\u0131p Karde\u015fin Cesedi Bulundu"},"content":{"rendered":"<h2 id=\"spot\" class=\"mt10 haber_ozet\">Eski\u015fehir&#8217;de 14 y\u0131ld\u0131r kay\u0131p olan Muharrem K. karde\u015fi Ali K. taraf\u0131ndan \u00f6ld\u00fcr\u00fcl\u00fcp g\u00f6m\u00fcld\u00fc.<\/h2>\n<div class=\"news-detail-container\">\n<div class=\"left-block\">\n<div class=\"wrapper detay-v3_3 haber_metni\">\n<p>Eski\u015fehir&#8217;de\u00a0Odunpazar\u0131\u00a0il\u00e7esinde 14 y\u0131ld\u0131r kay\u0131p olarak aranan ki\u015fiyi \u00f6ld\u00fcrerek g\u00f6md\u00fc\u011f\u00fc belirlenen karde\u015fi, adliyeye sevk edildi.<\/p>\n<p>\u0130l\u00a0Jandarma\u00a0Komutanl\u0131\u011f\u0131 Jandarma\u00a0Su\u00e7\u00a0Ara\u015ft\u0131rma Timi (JASAT) ekiplerince d\u00fcn, 14 y\u0131ld\u0131r haber al\u0131namayan Muharrem K&#8217;yi (64) \u00f6ld\u00fcr\u00fcp Yahnikapan Mahallesi&#8217;ndeki evine g\u00f6md\u00fc\u011f\u00fc belirlendikten sonra yakalanan karde\u015fi Ali K&#8217;nin (61) jandarmadaki i\u015flemleri tamamland\u0131.<\/p>\n<p>Sa\u011fl\u0131k kontrol\u00fcnden ge\u00e7irilen \u015f\u00fcpheli, adliyeye g\u00f6t\u00fcr\u00fcld\u00fc.<\/p>\n<p>Muharrem K&#8217;den 2011&#8217;den beri haber alamayan yak\u0131nlar\u0131, bu ki\u015finin bulunmas\u0131 i\u00e7in ge\u00e7en y\u0131l jandarmaya ba\u015fvurmu\u015f, JASAT ekiplerince y\u00fcr\u00fct\u00fclen \u00e7al\u0131\u015fma sonucu Muharrem K&#8217;nin, karde\u015fi Ali K. taraf\u0131ndan \u00f6ld\u00fcr\u00fcld\u00fc\u011f\u00fc saptanm\u0131\u015ft\u0131. \u015e\u00fcpheli Ali K&#8217;nin Yahnikapan Mahallesi&#8217;ndeki evinde Eski\u015fehir Cumhuriyet Ba\u015fsavc\u0131l\u0131\u011f\u0131n\u0131n talimat\u0131 do\u011frultusunda kadavra k\u00f6pe\u011fi ve yer alt\u0131 g\u00f6r\u00fcnt\u00fcleme cihaz\u0131yla arama yap\u0131lm\u0131\u015f, arama sonucu Muharrem K&#8217;nin cesedi zeminin yakla\u015f\u0131k yar\u0131m metre alt\u0131nda, battaniyeye sar\u0131l\u0131 bulunmu\u015ftu.<\/p>\n<\/div>\n<\/div>\n<\/div>\n","protected":false},"excerpt":{"rendered":"<p>Eski\u015fehir&#8217;de 14 y\u0131ld\u0131r kay\u0131p olan Muharrem K. karde\u015fi Ali K. taraf\u0131ndan \u00f6ld\u00fcr\u00fcl\u00fcp g\u00f6m\u00fcld\u00fc. Eski\u015fehir&#8217;de\u00a0Odunpazar\u0131\u00a0il\u00e7esinde 14 y\u0131ld\u0131r kay\u0131p olarak aranan ki\u015fiyi \u00f6ld\u00fcrerek g\u00f6md\u00fc\u011f\u00fc belirlenen karde\u015fi, adliyeye sevk edildi. \u0130l\u00a0Jandarma\u00a0Komutanl\u0131\u011f\u0131 Jandarma\u00a0Su\u00e7\u00a0Ara\u015ft\u0131rma Timi (JASAT) ekiplerince d\u00fcn, 14 y\u0131ld\u0131r haber al\u0131namayan Muharrem K&#8217;yi (64) \u00f6ld\u00fcr\u00fcp Yahnikapan Mahallesi&#8217;ndeki evine g\u00f6md\u00fc\u011f\u00fc belirlendikten sonra yakalanan karde\u015fi Ali K&#8217;nin (61) jandarmadaki i\u015flemleri tamamland\u0131. [&hellip;]<\/p>\n","protected":false},"author":1,"featured_media":3090,"comment_status":"closed","ping_status":"closed","sticky":false,"template":"","format":"standard","meta":{"footnotes":""},"categories":[7,39],"tags":[60,71,334,549,33],"class_list":["post-3089","post","type-post","status-publish","format-standard","has-post-thumbnail","hentry","category-gundem","category-haber","tag-cinayet","tag-suc","tag-guncel","tag-odunpazari","tag-yasam"],"_links":{"self":[{"href":"https:\/\/avukatimtv.com\/index.php\/wp-json\/wp\/v2\/posts\/3089","targetHints":{"allow":["GET"]}}],"collection":[{"href":"https:\/\/avukatimtv.com\/index.php\/wp-json\/wp\/v2\/posts"}],"about":[{"href":"https:\/\/avukatimtv.com\/index.php\/wp-json\/wp\/v2\/types\/post"}],"author":[{"embeddable":true,"href":"https:\/\/avukatimtv.com\/index.php\/wp-json\/wp\/v2\/users\/1"}],"replies":[{"embeddable":true,"href":"https:\/\/avukatimtv.com\/index.php\/wp-json\/wp\/v2\/comments?post=3089"}],"version-history":[{"count":1,"href":"https:\/\/avukatimtv.com\/index.php\/wp-json\/wp\/v2\/posts\/3089\/revisions"}],"predecessor-version":[{"id":3091,"href":"https:\/\/avukatimtv.com\/index.php\/wp-json\/wp\/v2\/posts\/3089\/revisions\/3091"}],"wp:featuredmedia":[{"embeddable":true,"href":"https:\/\/avukatimtv.com\/index.php\/wp-json\/wp\/v2\/media\/3090"}],"wp:attachment":[{"href":"https:\/\/avukatimtv.com\/index.php\/wp-json\/wp\/v2\/media?parent=3089"}],"wp:term":[{"taxonomy":"category","embeddable":true,"href":"https:\/\/avukatimtv.com\/index.php\/wp-json\/wp\/v2\/categories?post=3089"},{"taxonomy":"post_tag","embeddable":true,"href":"https:\/\/avukatimtv.com\/index.php\/wp-json\/wp\/v2\/tags?post=3089"}],"curies":[{"name":"wp","href":"https:\/\/api.w.org\/{rel}","templated":true}]}}