{"id":3092,"date":"2025-10-18T18:26:34","date_gmt":"2025-10-18T15:26:34","guid":{"rendered":"https:\/\/avukatimtv.com\/?p=3092"},"modified":"2025-10-18T18:26:34","modified_gmt":"2025-10-18T15:26:34","slug":"sorusturma-kktcye-uzandi-iste-rojin-kabaisin-flortunun-ilk-ifadesi","status":"publish","type":"post","link":"https:\/\/avukatimtv.com\/index.php\/2025\/10\/18\/sorusturma-kktcye-uzandi-iste-rojin-kabaisin-flortunun-ilk-ifadesi\/","title":{"rendered":"Soru\u015fturma KKTC&#8217;ye uzand\u0131: \u0130\u015fte Rojin Kabai\u015f&#8217;in fl\u00f6rt\u00fcn\u00fcn ilk ifadesi"},"content":{"rendered":"<p>Savc\u0131l\u0131k, Rojin&#8217;in not defterinde yer alan isim ve \u015fifrelerden yola \u00e7\u0131karak KKTC&#8217;de \u00f6\u011frenci olan bir ki\u015fiye ula\u015ft\u0131. Bu ki\u015fi ifadesinde, Rojin&#8217;le &#8220;fl\u00f6rt d\u00fczeyinde&#8221; ileti\u015fim kurdu\u011funu ancak \u00f6l\u00fcmle ilgisinin olmad\u0131\u011f\u0131n\u0131 s\u00f6yledi. Adli T\u0131p raporunda iki farkl\u0131 erke\u011fe ait DNA tespit edilmesi, olayda cinsel istismar ve cinayet \u015f\u00fcphesini g\u00fc\u00e7lendirdi.<br \/>\nVan&#8217;da 27 Eyl\u00fcl 2024&#8217;te kaybolduktan 19 g\u00fcn sonra cans\u0131z bedeni Van G\u00f6l\u00fc&#8217;nde bulunan \u00fcniversite \u00f6\u011frencisi Rojin Kabai\u015f&#8217;in \u00f6l\u00fcm\u00fcyle ilgili soru\u015fturmada dikkat \u00e7eken bir geli\u015fme ya\u015fand\u0131. Adli T\u0131p Kurumu&#8217;nun son raporunda, gen\u00e7 k\u0131z\u0131n v\u00fccudunda iki farkl\u0131 erke\u011fe ait DNA \u00f6rnekleri tespit edildi. Olayla ilgili ilk bulgular \u00fczerinden &#8220;intihar&#8221; olas\u0131l\u0131\u011f\u0131 de\u011ferlendirilse de, yeni rapor sonras\u0131 cinayet ve cinsel istismar ihtimali yeniden g\u00fcndeme geldi.Van Barosu Kad\u0131n Haklar\u0131 Merkezi avukatlar\u0131ndan Zeynep Demir, \u0130stanbul Adli T\u0131p Kurumu Biyolojik \u0130htisas Dairesi taraf\u0131ndan haz\u0131rlanan 10 Ekim tarihli raporda, Rojin&#8217;in g\u00f6\u011f\u00fcs b\u00f6lgesi ve vajina i\u00e7 k\u0131sm\u0131nda iki ayr\u0131 erke\u011fe ait DNA \u00f6rneklerinin bulundu\u011funu a\u00e7\u0131klad\u0131.<\/p>\n<p>&nbsp;<\/p>\n<p><img decoding=\"async\" src=\"https:\/\/foto.sondakika.com\/haber\/2025\/10\/17\/sorusturma-kktc-ye-uzandi-iste-rojin-kabais-in-19156514_4173_m.jpg\" alt=\"Soru\u015fturma KKTC'ye uzand\u0131: \u0130\u015fte Rojin Kabai\u015f'in fl\u00f6rt\u00fcn\u00fcn ilk ifadesi\" \/><\/p>\n<h3>&#8220;\u0130ST\u0130SMAR OLASILI\u011eINI G\u00dc\u00c7LEND\u0130RD\u0130&#8221;<\/h3>\n<p>Demir, \u00f6nceki raporlar\u0131n eksik ve hatal\u0131 oldu\u011funu belirterek, &#8220;Bu yeni bulgular Rojin&#8217;e y\u00f6nelik cinsel istismar olas\u0131l\u0131\u011f\u0131n\u0131 g\u00fc\u00e7lendirdi. Van ve\u00a0Diyarbak\u0131r&#8217;daki \u00f6nceki raporlar i\u00e7in su\u00e7 duyurusunda bulunduk&#8221; dedi.<\/p>\n<p>&nbsp;<\/p>\n<p><img decoding=\"async\" src=\"https:\/\/foto.sondakika.com\/haber\/2025\/10\/17\/sorusturma-kktc-ye-uzandi-iste-rojin-kabais-in-19156514_6919_m.jpg\" alt=\"Soru\u015fturma KKTC'ye uzand\u0131: \u0130\u015fte Rojin Kabai\u015f'in fl\u00f6rt\u00fcn\u00fcn ilk ifadesi\" \/><\/p>\n<h3>&#8220;B\u0130R YILDIR ADALET BEKL\u0130YORUZ&#8221;<\/h3>\n<p>Gen\u00e7 k\u0131z\u0131n babas\u0131 Nizamettin Kabai\u015f ise, &#8220;Bir y\u0131ld\u0131r adalet bekliyoruz. Baronun \u00e7al\u0131\u015fmalar\u0131 sayesinde ger\u00e7ekler ortaya \u00e7\u0131kmaya ba\u015flad\u0131. K\u0131z\u0131m\u0131n cinayete kurban gitti\u011fine eminim. Su\u00e7lular bulunsun, adalet yerini bulsun&#8221; ifadelerini kulland\u0131.<\/p>\n<p><img decoding=\"async\" src=\"https:\/\/foto.sondakika.com\/haber\/2025\/10\/17\/sorusturma-kktc-ye-uzandi-iste-rojin-kabais-in-19156514_2889_m.jpg\" alt=\"Soru\u015fturma KKTC'ye uzand\u0131: \u0130\u015fte Rojin Kabai\u015f'in fl\u00f6rt\u00fcn\u00fcn ilk ifadesi\" \/><\/p>\n<p>&nbsp;<\/p>\n<h3>KKTC&#8217;DEK\u0130 \u015e\u00dcPHEL\u0130 \u0130S\u0130M<\/h3>\n<p>Soru\u015fturmay\u0131 y\u00fcr\u00fcten savc\u0131l\u0131k, Rojin&#8217;in not defterinde bir isim ve baz\u0131 \u015fifreler buldu. Bu bilgiler kullan\u0131larak gen\u00e7 k\u0131z\u0131n e-posta hesab\u0131na ula\u015f\u0131ld\u0131. Hesapta, Rojin&#8217;le &#8220;fl\u00f6rt&#8221; d\u00fczeyinde ileti\u015fim kurdu\u011fu tespit edilen bir ki\u015fi belirlendi.<\/p>\n<h3>\u0130FADES\u0130NDE &#8220;SEVG\u0130L\u0130 OLMADIK&#8221; DED\u0130<\/h3>\n<p>H\u00fcrriyet&#8217;in ula\u015ft\u0131\u011f\u0131 bilgilere g\u00f6re,\u00a0Kuzey K\u0131br\u0131s T\u00fcrk Cumhuriyeti&#8217;nde \u00f6\u011frenci olan bu ki\u015fi ifadesinde Rojin&#8217;le arkada\u015f olduklar\u0131n\u0131, &#8220;fl\u00f6rt d\u00fczeyinde konu\u015ftuklar\u0131n\u0131&#8221; ancak sevgili olmad\u0131klar\u0131n\u0131 s\u00f6yledi. Rojin&#8217;in \u00f6l\u00fcm\u00fc hakk\u0131nda bilgisinin bulunmad\u0131\u011f\u0131n\u0131 belirten \u015f\u00fcpheliden DNA \u00f6rne\u011fi de al\u0131nd\u0131. Mukayese sonu\u00e7lar\u0131n\u0131n hen\u00fcz tamamlanmad\u0131\u011f\u0131 \u00f6\u011frenildi.<\/p>\n<h3>&#8220;\u0130NT\u0130HAR MI, C\u0130NAYET M\u0130?&#8221; SORUSU HALA YANIT BEKL\u0130YOR<\/h3>\n<p>Adli T\u0131p Kurumu, Rojin Kabai\u015f&#8217;in &#8220;suda bo\u011fulma&#8221; sonucu ya\u015fam\u0131n\u0131 yitirdi\u011fini raporlad\u0131. Ancak gen\u00e7 k\u0131z\u0131n g\u00f6le nas\u0131l ve neden girdi\u011fi h\u00e2l\u00e2 netlik kazanmad\u0131. Yeni DNA bulgular\u0131 ve dijital izler, olay\u0131n intihar de\u011fil cinayet olabilece\u011fi y\u00f6n\u00fcndeki iddialar\u0131 g\u00fc\u00e7lendirdi. Van\u00a0Cumhuriyet Ba\u015fsavc\u0131l\u0131\u011f\u0131&#8217;n\u0131n geni\u015f kapsaml\u0131 soru\u015fturmay\u0131 s\u00fcrd\u00fcrd\u00fc\u011f\u00fc, yeni DNA sonu\u00e7lar\u0131n\u0131n dosya seyrini belirleyece\u011fi belirtiliyor.<\/p>\n<p>&nbsp;<\/p>\n<p>&nbsp;<\/p>\n<p>&nbsp;<\/p>\n<p>&nbsp;<\/p>\n<p>&nbsp;<\/p>\n","protected":false},"excerpt":{"rendered":"<p>Savc\u0131l\u0131k, Rojin&#8217;in not defterinde yer alan isim ve \u015fifrelerden yola \u00e7\u0131karak KKTC&#8217;de \u00f6\u011frenci olan bir ki\u015fiye ula\u015ft\u0131. Bu ki\u015fi ifadesinde, Rojin&#8217;le &#8220;fl\u00f6rt d\u00fczeyinde&#8221; ileti\u015fim kurdu\u011funu ancak \u00f6l\u00fcmle ilgisinin olmad\u0131\u011f\u0131n\u0131 s\u00f6yledi. Adli T\u0131p raporunda iki farkl\u0131 erke\u011fe ait DNA tespit edilmesi, olayda cinsel istismar ve cinayet \u015f\u00fcphesini g\u00fc\u00e7lendirdi. Van&#8217;da 27 Eyl\u00fcl 2024&#8217;te kaybolduktan 19 g\u00fcn sonra [&hellip;]<\/p>\n","protected":false},"author":1,"featured_media":3093,"comment_status":"closed","ping_status":"closed","sticky":false,"template":"","format":"standard","meta":{"footnotes":""},"categories":[7,39],"tags":[148,334,552,550,505,551,33],"class_list":["post-3092","post","type-post","status-publish","format-standard","has-post-thumbnail","hentry","category-gundem","category-haber","tag-hukuk","tag-guncel","tag-kibris","tag-kuzey-kibris-turk-cumhuriyeti","tag-van","tag-van-golu","tag-yasam"],"_links":{"self":[{"href":"https:\/\/avukatimtv.com\/index.php\/wp-json\/wp\/v2\/posts\/3092","targetHints":{"allow":["GET"]}}],"collection":[{"href":"https:\/\/avukatimtv.com\/index.php\/wp-json\/wp\/v2\/posts"}],"about":[{"href":"https:\/\/avukatimtv.com\/index.php\/wp-json\/wp\/v2\/types\/post"}],"author":[{"embeddable":true,"href":"https:\/\/avukatimtv.com\/index.php\/wp-json\/wp\/v2\/users\/1"}],"replies":[{"embeddable":true,"href":"https:\/\/avukatimtv.com\/index.php\/wp-json\/wp\/v2\/comments?post=3092"}],"version-history":[{"count":1,"href":"https:\/\/avukatimtv.com\/index.php\/wp-json\/wp\/v2\/posts\/3092\/revisions"}],"predecessor-version":[{"id":3094,"href":"https:\/\/avukatimtv.com\/index.php\/wp-json\/wp\/v2\/posts\/3092\/revisions\/3094"}],"wp:featuredmedia":[{"embeddable":true,"href":"https:\/\/avukatimtv.com\/index.php\/wp-json\/wp\/v2\/media\/3093"}],"wp:attachment":[{"href":"https:\/\/avukatimtv.com\/index.php\/wp-json\/wp\/v2\/media?parent=3092"}],"wp:term":[{"taxonomy":"category","embeddable":true,"href":"https:\/\/avukatimtv.com\/index.php\/wp-json\/wp\/v2\/categories?post=3092"},{"taxonomy":"post_tag","embeddable":true,"href":"https:\/\/avukatimtv.com\/index.php\/wp-json\/wp\/v2\/tags?post=3092"}],"curies":[{"name":"wp","href":"https:\/\/api.w.org\/{rel}","templated":true}]}}