{"id":3095,"date":"2025-10-18T18:35:46","date_gmt":"2025-10-18T15:35:46","guid":{"rendered":"https:\/\/avukatimtv.com\/?p=3095"},"modified":"2025-10-18T18:35:46","modified_gmt":"2025-10-18T15:35:46","slug":"tarsusta-av-tufegiyle-cinayet-ve-intihar","status":"publish","type":"post","link":"https:\/\/avukatimtv.com\/index.php\/2025\/10\/18\/tarsusta-av-tufegiyle-cinayet-ve-intihar\/","title":{"rendered":"Tarsus&#8217;ta Av T\u00fcfe\u011fiyle Cinayet ve \u0130ntihar"},"content":{"rendered":"<h2 id=\"spot\" class=\"mt10 haber_ozet\">59 ya\u015f\u0131ndaki Yasin Ata\u015f, 13 ya\u015f\u0131ndaki \u00e7ocu\u011fu \u00f6ld\u00fcr\u00fcp kendini vurarak intihar etti.<\/h2>\n<div class=\"news-detail-container\">\n<div class=\"left-block\">\n<div class=\"wrapper detay-v3_3 haber_metni\">\n<p>Mersin&#8217;in\u00a0Tarsus\u00a0il\u00e7esinde bir \u015fah\u0131s, av t\u00fcfe\u011fiyle 13 ya\u015f\u0131ndaki \u00e7ocu\u011fu \u00f6ld\u00fcr\u00fcp, kuzenini de yaraland\u0131ktan sonra otomobilini yak\u0131p intihar etti.<\/p>\n<h3>EKMEK ALMAYAN GELEN \u00c7OCUKLARA SALDIRDI<\/h3>\n<p>Olay, il\u00e7e merkezine 25 kilometre uzakl\u0131ktaki Sar\u0131veli Mahallesi&#8217;nin meydan\u0131nda meydana geldi. \u0130ddiaya g\u00f6re, 59 ya\u015f\u0131ndaki Yasin Ata\u015f, otomobilini park edip elinde av t\u00fcfe\u011fiyle soka\u011fa \u00e7\u0131kt\u0131. Bu s\u0131rada Ata\u015f, 33 BBZ 280 plakal\u0131 ara\u00e7la ekmek almaya meydana gelen kuzenler E.A (13) ile\u00a0Mustafa Akta\u015f&#8217;a (20) ara\u00e7lar\u0131ndayken ate\u015f a\u00e7t\u0131.<\/p>\n<\/div>\n<p><img decoding=\"async\" src=\"https:\/\/foto.sondakika.com\/haber\/2025\/10\/17\/13-yasindaki-cocugu-olduren-saldirgan-arabasini-19156559_8184_m.jpg\" alt=\"13 ya\u015f\u0131ndaki \u00e7ocu\u011fu \u00f6ld\u00fcren sald\u0131rgan, arabas\u0131n\u0131 yak\u0131p intihar etti\" \/><\/p>\n<\/div>\n<h3>OTOMOB\u0130L\u0130N\u0130 YAKIP \u0130NT\u0130HAR ETT\u0130<\/h3>\n<p>Otomobilini de yakan Ata\u015f, son olarak ayn\u0131 silahla kendini vurdu. Durumu g\u00f6renlerin haber vermesi \u00fczerine olay yerine sa\u011fl\u0131k ve jandarma ekipleri sevk edildi. Ekipler\u00a0Emir Ali\u00a0ile olay\u0131n \u015f\u00fcphelisi Ata\u015f&#8217;\u0131n hayat\u0131n\u0131 kaybetti\u011fini belirledi. Yaralanan Akta\u015f ise ambulansla il\u00e7e devlet hastanesine kald\u0131r\u0131ld\u0131. Olay yerinde ekiplerin incelemesi s\u00fcr\u00fcyor.<\/p>\n<\/div>\n<p><img decoding=\"async\" src=\"https:\/\/foto.sondakika.com\/haber\/2025\/10\/17\/13-yasindaki-cocugu-olduren-saldirgan-arabasini-19156559_4630_m.jpg\" alt=\"13 ya\u015f\u0131ndaki \u00e7ocu\u011fu \u00f6ld\u00fcren sald\u0131rgan, arabas\u0131n\u0131 yak\u0131p intihar etti\" \/><\/p>\n","protected":false},"excerpt":{"rendered":"<p>59 ya\u015f\u0131ndaki Yasin Ata\u015f, 13 ya\u015f\u0131ndaki \u00e7ocu\u011fu \u00f6ld\u00fcr\u00fcp kendini vurarak intihar etti. Mersin&#8217;in\u00a0Tarsus\u00a0il\u00e7esinde bir \u015fah\u0131s, av t\u00fcfe\u011fiyle 13 ya\u015f\u0131ndaki \u00e7ocu\u011fu \u00f6ld\u00fcr\u00fcp, kuzenini de yaraland\u0131ktan sonra otomobilini yak\u0131p intihar etti. EKMEK ALMAYAN GELEN \u00c7OCUKLARA SALDIRDI Olay, il\u00e7e merkezine 25 kilometre uzakl\u0131ktaki Sar\u0131veli Mahallesi&#8217;nin meydan\u0131nda meydana geldi. \u0130ddiaya g\u00f6re, 59 ya\u015f\u0131ndaki Yasin Ata\u015f, otomobilini park edip elinde [&hellip;]<\/p>\n","protected":false},"author":1,"featured_media":3096,"comment_status":"closed","ping_status":"closed","sticky":false,"template":"","format":"standard","meta":{"footnotes":""},"categories":[7,39],"tags":[60,164,499,553,332,543,331],"class_list":["post-3095","post","type-post","status-publish","format-standard","has-post-thumbnail","hentry","category-gundem","category-haber","tag-cinayet","tag-cocuk","tag-mersin","tag-mustafa-aktas","tag-politika","tag-tarsus","tag-yerel-haberler"],"_links":{"self":[{"href":"https:\/\/avukatimtv.com\/index.php\/wp-json\/wp\/v2\/posts\/3095","targetHints":{"allow":["GET"]}}],"collection":[{"href":"https:\/\/avukatimtv.com\/index.php\/wp-json\/wp\/v2\/posts"}],"about":[{"href":"https:\/\/avukatimtv.com\/index.php\/wp-json\/wp\/v2\/types\/post"}],"author":[{"embeddable":true,"href":"https:\/\/avukatimtv.com\/index.php\/wp-json\/wp\/v2\/users\/1"}],"replies":[{"embeddable":true,"href":"https:\/\/avukatimtv.com\/index.php\/wp-json\/wp\/v2\/comments?post=3095"}],"version-history":[{"count":1,"href":"https:\/\/avukatimtv.com\/index.php\/wp-json\/wp\/v2\/posts\/3095\/revisions"}],"predecessor-version":[{"id":3097,"href":"https:\/\/avukatimtv.com\/index.php\/wp-json\/wp\/v2\/posts\/3095\/revisions\/3097"}],"wp:featuredmedia":[{"embeddable":true,"href":"https:\/\/avukatimtv.com\/index.php\/wp-json\/wp\/v2\/media\/3096"}],"wp:attachment":[{"href":"https:\/\/avukatimtv.com\/index.php\/wp-json\/wp\/v2\/media?parent=3095"}],"wp:term":[{"taxonomy":"category","embeddable":true,"href":"https:\/\/avukatimtv.com\/index.php\/wp-json\/wp\/v2\/categories?post=3095"},{"taxonomy":"post_tag","embeddable":true,"href":"https:\/\/avukatimtv.com\/index.php\/wp-json\/wp\/v2\/tags?post=3095"}],"curies":[{"name":"wp","href":"https:\/\/api.w.org\/{rel}","templated":true}]}}