{"id":3099,"date":"2025-10-25T18:47:28","date_gmt":"2025-10-25T15:47:28","guid":{"rendered":"https:\/\/avukatimtv.com\/?p=3099"},"modified":"2025-10-25T18:47:28","modified_gmt":"2025-10-25T15:47:28","slug":"suphelinin-cinayet-itirafi-hasreti-bogup-kuyuya-attim","status":"publish","type":"post","link":"https:\/\/avukatimtv.com\/index.php\/2025\/10\/25\/suphelinin-cinayet-itirafi-hasreti-bogup-kuyuya-attim\/","title":{"rendered":"\u015e\u00fcphelinin cinayet itiraf\u0131: &#8216;Hasret&#8217;i bo\u011fup kuyuya att\u0131m&#8217;"},"content":{"rendered":"<p><strong>\u00a0<\/strong>Zonguldak&#8217;\u0131n \u00c7aycuma il\u00e7esinde su kuyusunda cesedi bulunan 17 ya\u015f\u0131ndaki Hasret Akkuzu topra\u011fa verildi. Tutuklanan \u015f\u00fcpheli D.B., gen\u00e7 k\u0131z\u0131 bo\u011farak \u00f6ld\u00fcrd\u00fc\u011f\u00fcn\u00fc ve cesedini kuyuya att\u0131\u011f\u0131n\u0131 itiraf etti.<\/p>\n<p>\u00c7aycuma il\u00e7esi Per\u015fembe beldesi Helvac\u0131lar k\u00f6y\u00fc yak\u0131nlar\u0131nda 19 Ekim&#8217;de su kuyusunda cans\u0131z bedeni bulunan 17 ya\u015f\u0131ndaki Hasret Akkuzu&#8217;nun cenazesi, d\u00fcn ailesi taraf\u0131ndan topra\u011fa verildi.<\/p>\n<p>Adli T\u0131p Kurumu&#8217;ndan al\u0131nan cenaze, K\u0131z\u0131lbel k\u00f6y\u00fcndeki aile evine getirildi. Helallik al\u0131nmas\u0131n\u0131n ard\u0131ndan k\u00f6y camisinde k\u0131l\u0131nan cenaze namaz\u0131n\u0131n ard\u0131ndan Akkuzu, k\u00f6y mezarl\u0131\u011f\u0131na defnedildi.<\/p>\n<p>Cenaze t\u00f6renine, ailenin yan\u0131 s\u0131ra \u00c7aycuma Kaymakam\u0131 Adem Kaya, \u0130l Jandarma Komutan\u0131 K\u0131demli Albay Bar\u0131\u015f C\u00fccen ve \u00e7ok say\u0131da vatanda\u015f kat\u0131ld\u0131. Baba \u015eenal Akkuzu&#8217;nun t\u00f6rende g\u00fc\u00e7l\u00fckle ayakta durdu\u011fu g\u00f6zlendi.<\/p>\n<p><strong>\u015e\u00fcpheli tutukland\u0131<\/strong><\/p>\n<p>22 Ekim&#8217;de Ayd\u0131n&#8217;da yakalanan olayla ilgili \u015f\u00fcpheli D.B., \u00c7aycuma&#8217;ya getirilerek cumhuriyet savc\u0131s\u0131 ve jandarma ekipleri taraf\u0131ndan olay yerinde ke\u015fif yapt\u0131r\u0131ld\u0131. Adliyeye sevk edilen D.B., \u00e7\u0131kar\u0131ld\u0131\u011f\u0131 mahkemece tutukland\u0131.<\/p>\n<p>D.B.&#8217;nin ifadesinde, Akkuzu ile tart\u0131\u015fma ya\u015fad\u0131\u011f\u0131n\u0131, ard\u0131ndan gen\u00e7 k\u0131z\u0131 bo\u011farak \u00f6ld\u00fcrd\u00fc\u011f\u00fcn\u00fc ve cesedini su kuyusuna att\u0131\u011f\u0131n\u0131 s\u00f6yledi\u011fi \u00f6\u011frenildi.<\/p>\n<p><strong>\u015e\u00fcphelinin sab\u0131ka kayd\u0131<\/strong><\/p>\n<p>D.B.&#8217;nin daha \u00f6nce de cinayet su\u00e7undan h\u00fck\u00fcm giydi\u011fi ortaya \u00e7\u0131kt\u0131. \u015e\u00fcphelinin 2001 y\u0131l\u0131nda 17 ya\u015f\u0131ndayken d\u00f6rt ki\u015finin \u00f6ld\u00fcr\u00fclmesi olay\u0131ndan tutuklan\u0131p ceza ald\u0131\u011f\u0131, 2016&#8217;da tahliye olduktan sonra yeniden cinayetten mahkum oldu\u011fu belirlendi. D.B.&#8217;nin a\u00e7\u0131k cezaevinden izinli \u00e7\u0131kt\u0131ktan sonra geri d\u00f6nmedi\u011fi kaydedildi.<\/p>\n<p><strong>Ne olmu\u015ftu?<\/strong><\/p>\n<p>K\u0131z\u0131lbel k\u00f6y\u00fcnde ya\u015fayan Akkuzu&#8217;nun ailesi, 13 Ekim&#8217;de k\u0131zlar\u0131 i\u00e7in kay\u0131p ba\u015fvurusunda bulunmu\u015ftu. Ba\u015flat\u0131lan arama \u00e7al\u0131\u015fmalar\u0131 sonucunda 19 Ekim&#8217;de Helvac\u0131lar k\u00f6y\u00fc yak\u0131nlar\u0131ndaki yakla\u015f\u0131k 4 metre derinli\u011findeki su kuyusunda ceset bulunmu\u015f, otopsi i\u00e7in Adli T\u0131p Kurumu&#8217;na g\u00f6nderilmi\u015fti.<\/p>\n","protected":false},"excerpt":{"rendered":"<p>\u00a0Zonguldak&#8217;\u0131n \u00c7aycuma il\u00e7esinde su kuyusunda cesedi bulunan 17 ya\u015f\u0131ndaki Hasret Akkuzu topra\u011fa verildi. Tutuklanan \u015f\u00fcpheli D.B., gen\u00e7 k\u0131z\u0131 bo\u011farak \u00f6ld\u00fcrd\u00fc\u011f\u00fcn\u00fc ve cesedini kuyuya att\u0131\u011f\u0131n\u0131 itiraf etti. \u00c7aycuma il\u00e7esi Per\u015fembe beldesi Helvac\u0131lar k\u00f6y\u00fc yak\u0131nlar\u0131nda 19 Ekim&#8217;de su kuyusunda cans\u0131z bedeni bulunan 17 ya\u015f\u0131ndaki Hasret Akkuzu&#8217;nun cenazesi, d\u00fcn ailesi taraf\u0131ndan topra\u011fa verildi. Adli T\u0131p Kurumu&#8217;ndan al\u0131nan cenaze, [&hellip;]<\/p>\n","protected":false},"author":1,"featured_media":3100,"comment_status":"closed","ping_status":"closed","sticky":false,"template":"","format":"standard","meta":{"footnotes":""},"categories":[7,39],"tags":[73,554],"class_list":["post-3099","post","type-post","status-publish","format-standard","has-post-thumbnail","hentry","category-gundem","category-haber","tag-zonguldak","tag-cinayet-itirafi"],"_links":{"self":[{"href":"https:\/\/avukatimtv.com\/index.php\/wp-json\/wp\/v2\/posts\/3099","targetHints":{"allow":["GET"]}}],"collection":[{"href":"https:\/\/avukatimtv.com\/index.php\/wp-json\/wp\/v2\/posts"}],"about":[{"href":"https:\/\/avukatimtv.com\/index.php\/wp-json\/wp\/v2\/types\/post"}],"author":[{"embeddable":true,"href":"https:\/\/avukatimtv.com\/index.php\/wp-json\/wp\/v2\/users\/1"}],"replies":[{"embeddable":true,"href":"https:\/\/avukatimtv.com\/index.php\/wp-json\/wp\/v2\/comments?post=3099"}],"version-history":[{"count":1,"href":"https:\/\/avukatimtv.com\/index.php\/wp-json\/wp\/v2\/posts\/3099\/revisions"}],"predecessor-version":[{"id":3101,"href":"https:\/\/avukatimtv.com\/index.php\/wp-json\/wp\/v2\/posts\/3099\/revisions\/3101"}],"wp:featuredmedia":[{"embeddable":true,"href":"https:\/\/avukatimtv.com\/index.php\/wp-json\/wp\/v2\/media\/3100"}],"wp:attachment":[{"href":"https:\/\/avukatimtv.com\/index.php\/wp-json\/wp\/v2\/media?parent=3099"}],"wp:term":[{"taxonomy":"category","embeddable":true,"href":"https:\/\/avukatimtv.com\/index.php\/wp-json\/wp\/v2\/categories?post=3099"},{"taxonomy":"post_tag","embeddable":true,"href":"https:\/\/avukatimtv.com\/index.php\/wp-json\/wp\/v2\/tags?post=3099"}],"curies":[{"name":"wp","href":"https:\/\/api.w.org\/{rel}","templated":true}]}}