{"id":3102,"date":"2025-10-25T18:59:35","date_gmt":"2025-10-25T15:59:35","guid":{"rendered":"https:\/\/avukatimtv.com\/?p=3102"},"modified":"2025-10-25T18:59:35","modified_gmt":"2025-10-25T15:59:35","slug":"gaziantepte-kan-donduran-cinayet-13-yasindaki-fatih-arkadasi-tarafindan-olduruldu","status":"publish","type":"post","link":"https:\/\/avukatimtv.com\/index.php\/2025\/10\/25\/gaziantepte-kan-donduran-cinayet-13-yasindaki-fatih-arkadasi-tarafindan-olduruldu\/","title":{"rendered":"Gaziantep\u2019te kan donduran cinayet! 13 ya\u015f\u0131ndaki Fatih, arkada\u015f\u0131 taraf\u0131ndan \u00f6ld\u00fcr\u00fcld\u00fc"},"content":{"rendered":"<p>Gaziantep\u2019in \u015eahinbey il\u00e7esinde kan donduran cinayet. 13 ya\u015f\u0131ndaki Fatih, 15 ya\u015f\u0131nda olan arkada\u015f\u0131 A:A taraf\u0131ndan b\u0131\u00e7akland\u0131. 13 ya\u015f\u0131ndaki Fatih hayat\u0131n\u0131 kaybetti.<\/p>\n<p>Gaziantep\u2019in \u015eahinbey il\u00e7esinde 13 ya\u015f\u0131ndaki Fatih Demir, ya\u015f\u0131t\u0131 A.A. taraf\u0131ndan b\u0131\u00e7aklanarak \u00f6ld\u00fcr\u00fcld\u00fc. \u00dc\u00e7 g\u00fcn yo\u011fun bak\u0131mda ya\u015fam m\u00fccadelesi veren k\u00fc\u00e7\u00fck \u00e7ocuk, t\u00fcm m\u00fcdahalelere ra\u011fmen kurtar\u0131lamad\u0131. Cinayet zanl\u0131s\u0131 A.A. ise tutuklanarak cezaevine g\u00f6nderildi.<\/p>\n<div class=\"banner\"><\/div>\n<h3>GAZ\u0130ANTEP\u2019TE \u00c7OCUK C\u0130NAYET\u0130: 13 YA\u015eINDAK\u0130 FAT\u0130H HAYATINI KAYBETT\u0130<\/h3>\n<p>Gaziantep\u2019in \u015eahinbey il\u00e7esi Ula\u015f Mahallesi\u2019nde meydana gelen olay, kenti yasa bo\u011fdu. 13 ya\u015f\u0131ndaki Fatih Demir, hen\u00fcz belirlenemeyen bir nedenle 15 ya\u015f\u0131ndaki A.A. ile tart\u0131\u015fmaya ba\u015flad\u0131. K\u0131sa s\u00fcrede kavgaya d\u00f6n\u00fc\u015fen olayda A.A., yan\u0131nda ta\u015f\u0131d\u0131\u011f\u0131 b\u0131\u00e7akla Fatih Demir\u2019i v\u00fccudunun \u00e7e\u015fitli yerlerinden yaralad\u0131.<br \/>\nOlay\u0131n ard\u0131ndan \u00e7evredeki vatanda\u015flar durumu sa\u011fl\u0131k ve polis ekiplerine bildirdi. Olay yerine gelen ekipler, kanlar i\u00e7inde kalan Fatih\u2019e ilk m\u00fcdahaleyi yaparak Gaziantep \u015eehir Hastanesi\u2019ne sevk etti.<\/p>\n<h3>\u00dc\u00c7 G\u00dcNL\u00dcK YA\u015eAM SAVA\u015eI SONU\u00c7SUZ KALDI<\/h3>\n<p>Yo\u011fun bak\u0131mda \u00fc\u00e7 g\u00fcn boyunca ya\u015fam m\u00fccadelesi veren 13 ya\u015f\u0131ndaki Fatih Demir, doktorlar\u0131n t\u00fcm \u00e7abalar\u0131na ra\u011fmen kurtar\u0131lamad\u0131. Gen\u00e7 ya\u015fta hayat\u0131n\u0131 kaybeden Fatih\u2019in \u00f6l\u00fcm\u00fc, ailesi ve yak\u0131nlar\u0131 kadar t\u00fcm mahallede derin \u00fcz\u00fcnt\u00fc yaratt\u0131.<br \/>\nK\u00fc\u00e7\u00fck \u00e7ocu\u011fun cans\u0131z bedeni, Gaziantep Adli T\u0131p Kurumu\u2019ndaki otopsi i\u015flemlerinin ard\u0131ndan ailesine teslim edilerek topra\u011fa verildi.<\/p>\n<h3>ZANLI KISA S\u00dcREDE YAKALANDI<\/h3>\n<p>Cinayet sonras\u0131 olay yerinden ka\u00e7an 15 ya\u015f\u0131ndaki A.A., Gaziantep Emniyet M\u00fcd\u00fcrl\u00fc\u011f\u00fc Cinayet B\u00fcro Amirli\u011fi ekiplerinin titiz \u00e7al\u0131\u015fmas\u0131yla k\u0131sa s\u00fcrede yakaland\u0131. G\u00f6zalt\u0131na al\u0131nan zanl\u0131, emniyetteki i\u015flemlerinin ard\u0131ndan adliyeye sevk edildi.<br \/>\nA.A., \u00e7\u0131kar\u0131ld\u0131\u011f\u0131 mahkemece \u201ckasten adam \u00f6ld\u00fcrme\u201d su\u00e7undan tutuklanarak cezaevine g\u00f6nderildi.<\/p>\n<h3>KENT YASTA: \u00c7OCUKLAR ARASINDAK\u0130 \u015e\u0130DDET END\u0130\u015eE YARATIYOR<\/h3>\n<p>Gaziantep\u2019te ya\u015fanan bu trajik olay, \u00e7ocuklar aras\u0131ndaki \u015fiddetin geldi\u011fi boyutu bir kez daha g\u00f6zler \u00f6n\u00fcne serdi. Mahalle sakinleri, ya\u015fanan olay\u0131n ard\u0131ndan b\u00fcy\u00fck \u00fcz\u00fcnt\u00fc duyduklar\u0131n\u0131 belirtirken, yetkililer \u00e7ocuklara y\u00f6nelik sosyal ve psikolojik destek \u00e7al\u0131\u015fmalar\u0131n\u0131n art\u0131r\u0131lmas\u0131 gerekti\u011fine dikkat \u00e7ekti.<br \/>\n13 ya\u015f\u0131ndaki Fatih Demir\u2019in 15 ya\u015f\u0131ndaki arkada\u015f\u0131 taraf\u0131ndan b\u0131\u00e7aklanarak \u00f6ld\u00fcr\u00fclmesi, Gaziantep\u2019i yasa bo\u011fdu. K\u00fc\u00e7\u00fck \u00e7ocu\u011fun \u00f6l\u00fcm\u00fcyle sonu\u00e7lanan bu olay, \u00e7ocuklar aras\u0131nda artan \u015fiddet e\u011filimi konusunda toplumda b\u00fcy\u00fck yank\u0131 uyand\u0131rd\u0131.<\/p>\n","protected":false},"excerpt":{"rendered":"<p>Gaziantep\u2019in \u015eahinbey il\u00e7esinde kan donduran cinayet. 13 ya\u015f\u0131ndaki Fatih, 15 ya\u015f\u0131nda olan arkada\u015f\u0131 A:A taraf\u0131ndan b\u0131\u00e7akland\u0131. 13 ya\u015f\u0131ndaki Fatih hayat\u0131n\u0131 kaybetti. Gaziantep\u2019in \u015eahinbey il\u00e7esinde 13 ya\u015f\u0131ndaki Fatih Demir, ya\u015f\u0131t\u0131 A.A. taraf\u0131ndan b\u0131\u00e7aklanarak \u00f6ld\u00fcr\u00fcld\u00fc. \u00dc\u00e7 g\u00fcn yo\u011fun bak\u0131mda ya\u015fam m\u00fccadelesi veren k\u00fc\u00e7\u00fck \u00e7ocuk, t\u00fcm m\u00fcdahalelere ra\u011fmen kurtar\u0131lamad\u0131. Cinayet zanl\u0131s\u0131 A.A. ise tutuklanarak cezaevine g\u00f6nderildi. GAZ\u0130ANTEP\u2019TE \u00c7OCUK [&hellip;]<\/p>\n","protected":false},"author":1,"featured_media":3103,"comment_status":"closed","ping_status":"closed","sticky":false,"template":"","format":"standard","meta":{"footnotes":""},"categories":[7,39],"tags":[243,555,556],"class_list":["post-3102","post","type-post","status-publish","format-standard","has-post-thumbnail","hentry","category-gundem","category-haber","tag-gaziantep","tag-kan-donduran-cinayet","tag-olduruldu"],"_links":{"self":[{"href":"https:\/\/avukatimtv.com\/index.php\/wp-json\/wp\/v2\/posts\/3102","targetHints":{"allow":["GET"]}}],"collection":[{"href":"https:\/\/avukatimtv.com\/index.php\/wp-json\/wp\/v2\/posts"}],"about":[{"href":"https:\/\/avukatimtv.com\/index.php\/wp-json\/wp\/v2\/types\/post"}],"author":[{"embeddable":true,"href":"https:\/\/avukatimtv.com\/index.php\/wp-json\/wp\/v2\/users\/1"}],"replies":[{"embeddable":true,"href":"https:\/\/avukatimtv.com\/index.php\/wp-json\/wp\/v2\/comments?post=3102"}],"version-history":[{"count":1,"href":"https:\/\/avukatimtv.com\/index.php\/wp-json\/wp\/v2\/posts\/3102\/revisions"}],"predecessor-version":[{"id":3104,"href":"https:\/\/avukatimtv.com\/index.php\/wp-json\/wp\/v2\/posts\/3102\/revisions\/3104"}],"wp:featuredmedia":[{"embeddable":true,"href":"https:\/\/avukatimtv.com\/index.php\/wp-json\/wp\/v2\/media\/3103"}],"wp:attachment":[{"href":"https:\/\/avukatimtv.com\/index.php\/wp-json\/wp\/v2\/media?parent=3102"}],"wp:term":[{"taxonomy":"category","embeddable":true,"href":"https:\/\/avukatimtv.com\/index.php\/wp-json\/wp\/v2\/categories?post=3102"},{"taxonomy":"post_tag","embeddable":true,"href":"https:\/\/avukatimtv.com\/index.php\/wp-json\/wp\/v2\/tags?post=3102"}],"curies":[{"name":"wp","href":"https:\/\/api.w.org\/{rel}","templated":true}]}}