{"id":3105,"date":"2025-10-25T19:07:46","date_gmt":"2025-10-25T16:07:46","guid":{"rendered":"https:\/\/avukatimtv.com\/?p=3105"},"modified":"2025-10-25T19:07:46","modified_gmt":"2025-10-25T16:07:46","slug":"kampuste-cinayet","status":"publish","type":"post","link":"https:\/\/avukatimtv.com\/index.php\/2025\/10\/25\/kampuste-cinayet\/","title":{"rendered":"Kamp\u00fcste cinayet"},"content":{"rendered":"<h2 class=\"spot\">Kayseri&#8217;de ya\u015fayan ve 5 y\u0131l \u00f6nce Ferhat Karakaya&#8217;dan bo\u015fanan Meliha Keskin, yar\u0131m b\u0131rakt\u0131\u011f\u0131 hayalinin pe\u015finden giderken korkun\u00e7 bir cinayetin kurban\u0131 oldu. Tak\u0131nt\u0131l\u0131 eski koca, \u00fcniversite e\u011fitimine ba\u015flayan Meliha Keskin&#8217;i kamp\u00fcste kur\u015funlad\u0131<\/h2>\n<div class=\"news-detail-info\">\n<div class=\"authorDetail\">\n<p>Kayseri&#8217;de ya\u015fayan 35 ya\u015f\u0131ndaki Meliha Keskin, erken ya\u015fta hayat\u0131n\u0131 39 ya\u015f\u0131ndaki Ferhat Karakaya ile birle\u015ftirdi. \u00dc\u00e7 \u00e7ocuklar\u0131 d\u00fcnyaya gelen \u00e7ift, aralar\u0131nda ge\u00e7imsizlik ya\u015fan\u0131nca, 5 y\u0131l \u00f6nce bo\u015fand\u0131. Kendine yeni bir hayat kuran ve erken evlendi\u011fi i\u00e7in \u00fcniversiteye gidemeyen Meliha Keskin, i\u00e7inde ukde kalan bu hayalini ger\u00e7ekle\u015ftirmek i\u00e7in girdi\u011fi s\u0131navda, Erciyes \u00dcniversitesi (ER\u00dc) Edebiyat Fak\u00fcltesi&#8217;ni kazand\u0131. Ancak e\u015finin kendisinden ayr\u0131lmas\u0131n\u0131 ve \u00fcniversiteye ba\u015flamas\u0131n\u0131 hazmedemeyen Ferhat Karakaya, Meliha Keskin&#8217;i tehdit etmeye ba\u015flad\u0131.<\/p>\n<p><img decoding=\"async\" src=\"https:\/\/isbh.tmgrup.com.tr\/sbh\/2025\/10\/23\/kampuste-cinayet-1761247586925.jpeg\" \/><\/p>\n<\/div>\n<p><strong>KAPISINDA VURDU<\/strong><br \/>\nTehditlere boyun e\u011fmeyen Meliha Keskin ise e\u011fitimine devam etti. Bu duruma daha da sinirlenen Ferhat Karakaya, d\u00fcn otomobiliyle Edebiyat Fak\u00fcltesi&#8217;nin \u00f6n\u00fcne gidip, eski e\u015fini beklemeye ba\u015flad\u0131. Bir s\u00fcre sonra da Meliha Keskin, okuluna geldi. Okuluna girmek isteyen Keskin&#8217;in \u00f6n\u00fcn\u00fc kesen Karakaya, eski e\u015fiyle tart\u0131\u015fmaya ba\u015flad\u0131.<\/p>\n<\/div>\n<p><img decoding=\"async\" src=\"https:\/\/isbh.tmgrup.com.tr\/sbh\/2025\/10\/23\/kampuste-cinayet-1761247572744.jpeg\" \/><\/p>\n<p>&nbsp;<\/p>\n<p>B\u00fcy\u00fcyen tart\u0131\u015fman\u0131n ard\u0131ndan ise Karakaya otomobildeki pompal\u0131 t\u00fcfe\u011fi alarak Keskin&#8217;e ate\u015f etti. Meliha Keskin, kanlar i\u00e7inde yere y\u0131\u011f\u0131l\u0131rken, otomobiliyle ka\u00e7maya \u00e7al\u0131\u015fan Ferhat Karakaya ise \u00fcniversitenin \u00e7\u0131k\u0131\u015f\u0131ndaki trafik polisleri taraf\u0131ndan yakaland\u0131.<\/p>\n<p>&nbsp;<\/p>\n<p><img decoding=\"async\" src=\"https:\/\/iasbh.tmgrup.com.tr\/3459d1\/0\/0\/0\/0\/0\/0?u=https:\/\/isbh.tmgrup.com.tr\/sbh\/2025\/10\/23\/kampuste-cinayet-1761247577593.jpeg&amp;mw=600\" \/><\/p>\n<p><strong>HASTANEDE \u00d6LD\u00dc<\/strong><br \/>\nA\u011f\u0131r yaralanan Meliha Keskin, ihbar \u00fczerine gelen sa\u011fl\u0131k ekipleri taraf\u0131ndan yap\u0131lan ilk m\u00fcdahalenin ard\u0131ndan ambulansla Erciyes \u00dcniversitesi T\u0131p Fak\u00fcltesi Gevher Nesibe Hastanesi&#8217;ne kald\u0131r\u0131ld\u0131. Gen\u00e7 kad\u0131n burada yap\u0131lan t\u00fcm m\u00fcdahalelere ra\u011fmen kurtar\u0131lamayarak hayat\u0131n\u0131 kaybetti. Olay sonras\u0131 Fen-Edebiyat Fak\u00fcltesi&#8217;ndeki t\u00fcm dersler iptal edildi.<\/p>\n<div data-id=\"tmd_vignette\"><\/div>\n<div class=\"col-sm-12 view20\">\n<div data-mbzone=\"pure_textlink\" data-wbzone-loaded=\"pure_textlink\"><\/div>\n<\/div>\n<div id=\"mostReadingNews\" class=\"col-sm-12 view20\">\n<div class=\"most-reading-widget\">\n<h4 class=\"most-reading-widget-title\"><\/h4>\n<\/div>\n<\/div>\n<p>&nbsp;<\/p>\n<p>&nbsp;<\/p>\n","protected":false},"excerpt":{"rendered":"<p>Kayseri&#8217;de ya\u015fayan ve 5 y\u0131l \u00f6nce Ferhat Karakaya&#8217;dan bo\u015fanan Meliha Keskin, yar\u0131m b\u0131rakt\u0131\u011f\u0131 hayalinin pe\u015finden giderken korkun\u00e7 bir cinayetin kurban\u0131 oldu. Tak\u0131nt\u0131l\u0131 eski koca, \u00fcniversite e\u011fitimine ba\u015flayan Meliha Keskin&#8217;i kamp\u00fcste kur\u015funlad\u0131 Kayseri&#8217;de ya\u015fayan 35 ya\u015f\u0131ndaki Meliha Keskin, erken ya\u015fta hayat\u0131n\u0131 39 ya\u015f\u0131ndaki Ferhat Karakaya ile birle\u015ftirdi. \u00dc\u00e7 \u00e7ocuklar\u0131 d\u00fcnyaya gelen \u00e7ift, aralar\u0131nda ge\u00e7imsizlik ya\u015fan\u0131nca, 5 [&hellip;]<\/p>\n","protected":false},"author":1,"featured_media":3106,"comment_status":"closed","ping_status":"closed","sticky":false,"template":"","format":"standard","meta":{"footnotes":""},"categories":[7,39],"tags":[60,96,557],"class_list":["post-3105","post","type-post","status-publish","format-standard","has-post-thumbnail","hentry","category-gundem","category-haber","tag-cinayet","tag-kayseri","tag-kampuste-cinayet"],"_links":{"self":[{"href":"https:\/\/avukatimtv.com\/index.php\/wp-json\/wp\/v2\/posts\/3105","targetHints":{"allow":["GET"]}}],"collection":[{"href":"https:\/\/avukatimtv.com\/index.php\/wp-json\/wp\/v2\/posts"}],"about":[{"href":"https:\/\/avukatimtv.com\/index.php\/wp-json\/wp\/v2\/types\/post"}],"author":[{"embeddable":true,"href":"https:\/\/avukatimtv.com\/index.php\/wp-json\/wp\/v2\/users\/1"}],"replies":[{"embeddable":true,"href":"https:\/\/avukatimtv.com\/index.php\/wp-json\/wp\/v2\/comments?post=3105"}],"version-history":[{"count":1,"href":"https:\/\/avukatimtv.com\/index.php\/wp-json\/wp\/v2\/posts\/3105\/revisions"}],"predecessor-version":[{"id":3107,"href":"https:\/\/avukatimtv.com\/index.php\/wp-json\/wp\/v2\/posts\/3105\/revisions\/3107"}],"wp:featuredmedia":[{"embeddable":true,"href":"https:\/\/avukatimtv.com\/index.php\/wp-json\/wp\/v2\/media\/3106"}],"wp:attachment":[{"href":"https:\/\/avukatimtv.com\/index.php\/wp-json\/wp\/v2\/media?parent=3105"}],"wp:term":[{"taxonomy":"category","embeddable":true,"href":"https:\/\/avukatimtv.com\/index.php\/wp-json\/wp\/v2\/categories?post=3105"},{"taxonomy":"post_tag","embeddable":true,"href":"https:\/\/avukatimtv.com\/index.php\/wp-json\/wp\/v2\/tags?post=3105"}],"curies":[{"name":"wp","href":"https:\/\/api.w.org\/{rel}","templated":true}]}}