{"id":3108,"date":"2025-10-25T19:18:03","date_gmt":"2025-10-25T16:18:03","guid":{"rendered":"https:\/\/avukatimtv.com\/?p=3108"},"modified":"2025-10-25T19:18:03","modified_gmt":"2025-10-25T16:18:03","slug":"sancaktepede-seri-cinayet-3-olu","status":"publish","type":"post","link":"https:\/\/avukatimtv.com\/index.php\/2025\/10\/25\/sancaktepede-seri-cinayet-3-olu\/","title":{"rendered":"Sancaktepe\u2019de seri cinayet: 3 \u00f6l\u00fc"},"content":{"rendered":"<div class=\"news-content__inf\">\n<h2>Akraba olduklar\u0131 \u00f6\u011frenilen iki aile aras\u0131nda \u2018k\u0131z ka\u00e7\u0131rma\u2019 meselesi y\u00fcz\u00fcnden olu\u015fan husumet kanl\u0131 bitti. Mahir G\u00fc\u00e7in k\u0131z\u0131n\u0131 ka\u00e7\u0131rd\u0131\u011f\u0131n\u0131 \u00f6ne s\u00fcrd\u00fc\u011f\u00fc akrabalar\u0131 Ad\u0131g\u00fczel K\u0131l\u0131\u00e7kan, Edip G\u00fc\u00e7in ve Taner G\u00fc\u00e7in\u2019i tabancayla kur\u015fun ya\u011fd\u0131rarak \u00f6ld\u00fcrd\u00fc.<\/h2>\n<\/div>\n<div class=\"news-content readingTime\">\n<p>\u00a0<strong>\u0130STANBUL<\/strong>\u2019da ya\u015fayan Edip G\u00fc\u00e7in (25), bir s\u00fcre \u00f6nce akrabas\u0131 da olan Mahir G\u00fc\u00e7in\u2018in (45) k\u0131z\u0131yla evlendi. Mahir G\u00fc\u00e7in, k\u0131z\u0131n\u0131n ka\u00e7\u0131r\u0131larak evlendirildi\u011fini \u00f6ne s\u00fcrd\u00fc. \u0130ki aile aras\u0131nda olu\u015fan husumet nedeniyle Esenyurt\u2019ta ya\u015fayan Edip G\u00fc\u00e7in, d\u00fcn 00.15 s\u0131ralar\u0131nda yak\u0131nlar\u0131 Taner G\u00fc\u00e7in (16), Ad\u0131g\u00fczel K\u0131l\u0131\u00e7kan (29) ve Adem Kaya\u2019yla birlikte bir ara\u00e7la Mahir G\u00fc\u00e7in\u2019in Sancaktepe\u2019deki evine gitti ve konu\u015fmak istedi\u011fini s\u00f6yledi. O s\u0131rada evinin \u00f6n\u00fcnde bekleyen Mahir G\u00fc\u00e7in, ara\u00e7takilere ate\u015f etti. Ara\u00e7takiler ka\u00e7maya \u00e7al\u0131\u015ft\u0131. Vurulan s\u00fcr\u00fcc\u00fc bir s\u00fcre gittikten sonra Zencefil Sokak\u2019ta duvara \u00e7arpt\u0131.<\/p>\n<\/div>\n<p>&nbsp;<\/p>\n<p><img decoding=\"async\" src=\"https:\/\/image.hurimg.com\/i\/hurriyet\/90\/770x0\/68faab3f162f5770f64bf164.jpg\" alt=\"Sancaktepe\u2019de seri cinayet: 3 \u00f6l\u00fc\" \/><\/p>\n<p><strong>ARKALARINDAN KO\u015eTU<\/strong><\/p>\n<p>Arac\u0131n ard\u0131ndan ko\u015fan Mahir G\u00fc\u00e7in, ara\u00e7takilere tekrar art arda ate\u015f a\u00e7t\u0131. Sald\u0131r\u0131da Edip G\u00fc\u00e7in, Taner G\u00fc\u00e7in, Ad\u0131g\u00fczel K\u0131l\u0131\u00e7kan isabet eden kur\u015funlarla kanlar i\u00e7inde kald\u0131. \u0130hbar \u00fczerine olay yerine \u00e7ok say\u0131da polis ve sa\u011fl\u0131k ekipleri sevk edildi. Olay yerine gelen sa\u011fl\u0131k ekipleri yapt\u0131\u011f\u0131 incelemede Edip G\u00fc\u00e7in, Taner G\u00fc\u00e7in ve Ad\u0131g\u00fczel K\u0131l\u0131\u00e7kan\u2019\u0131n hayat\u0131n\u0131 kaybetti\u011fini tespit etti. Adem Kaya ise olaydan yara almadan kurtuldu. Polis ekipleri soka\u011f\u0131 trafi\u011fe kapatarak \u00e7evrede \u00f6nlem ald\u0131. Polis ekipleri taraf\u0131ndan k\u0131sa s\u00fcrede yakalanan Mahir G\u00fc\u00e7in, M.G. ve Y.G. emniyetteki i\u015flemlerinin ard\u0131ndan adliyeye sevk edildi. Mahir G\u00fc\u00e7in ve M.G. \u00e7\u0131kar\u0131ld\u0131klar\u0131 mahkemece tutuklan\u0131rken, Y.G ise delil durumu nedeniyle serbest b\u0131rak\u0131ld\u0131. Ekiplerin olay yerindeki incelemelerinin ard\u0131ndan Edip G\u00fc\u00e7in, Taner G\u00fc\u00e7in ve Ad\u0131g\u00fczel K\u0131l\u0131\u00e7kan\u2019\u0131n cans\u0131z bedenleri otopsi i\u015flemleri i\u00e7in Adli T\u0131p Kurumu morguna kald\u0131r\u0131ld\u0131. \u00c7evik kuvvet ekipleri Mahir G\u00fc\u00e7in\u2019in evinin bulundu\u011fu soka\u011f\u0131 trafi\u011fe kapatarak \u00f6nlem ald\u0131.<\/p>\n<p>&nbsp;<\/p>\n<p><img decoding=\"async\" src=\"https:\/\/image.hurimg.com\/i\/hurriyet\/90\/770x0\/68faab31162f5770f64bf162.jpg\" alt=\"Sancaktepe\u2019de seri cinayet: 3 \u00f6l\u00fc\" \/><\/p>\n<p>&nbsp;<\/p>\n<p>Kur\u015fun ya\u011fd\u0131rd\u0131ktan sonra ka\u00e7an Mahir G\u00fc\u00e7in, polis traraf\u0131ndan yakaland\u0131.<\/p>\n<p>&nbsp;<\/p>\n","protected":false},"excerpt":{"rendered":"<p>Akraba olduklar\u0131 \u00f6\u011frenilen iki aile aras\u0131nda \u2018k\u0131z ka\u00e7\u0131rma\u2019 meselesi y\u00fcz\u00fcnden olu\u015fan husumet kanl\u0131 bitti. Mahir G\u00fc\u00e7in k\u0131z\u0131n\u0131 ka\u00e7\u0131rd\u0131\u011f\u0131n\u0131 \u00f6ne s\u00fcrd\u00fc\u011f\u00fc akrabalar\u0131 Ad\u0131g\u00fczel K\u0131l\u0131\u00e7kan, Edip G\u00fc\u00e7in ve Taner G\u00fc\u00e7in\u2019i tabancayla kur\u015fun ya\u011fd\u0131rarak \u00f6ld\u00fcrd\u00fc. \u00a0\u0130STANBUL\u2019da ya\u015fayan Edip G\u00fc\u00e7in (25), bir s\u00fcre \u00f6nce akrabas\u0131 da olan Mahir G\u00fc\u00e7in\u2018in (45) k\u0131z\u0131yla evlendi. Mahir G\u00fc\u00e7in, k\u0131z\u0131n\u0131n ka\u00e7\u0131r\u0131larak evlendirildi\u011fini \u00f6ne s\u00fcrd\u00fc. [&hellip;]<\/p>\n","protected":false},"author":1,"featured_media":3110,"comment_status":"closed","ping_status":"closed","sticky":false,"template":"","format":"standard","meta":{"footnotes":""},"categories":[7,39],"tags":[60,74,501],"class_list":["post-3108","post","type-post","status-publish","format-standard","has-post-thumbnail","hentry","category-gundem","category-haber","tag-cinayet","tag-olu","tag-sancaktepe"],"_links":{"self":[{"href":"https:\/\/avukatimtv.com\/index.php\/wp-json\/wp\/v2\/posts\/3108","targetHints":{"allow":["GET"]}}],"collection":[{"href":"https:\/\/avukatimtv.com\/index.php\/wp-json\/wp\/v2\/posts"}],"about":[{"href":"https:\/\/avukatimtv.com\/index.php\/wp-json\/wp\/v2\/types\/post"}],"author":[{"embeddable":true,"href":"https:\/\/avukatimtv.com\/index.php\/wp-json\/wp\/v2\/users\/1"}],"replies":[{"embeddable":true,"href":"https:\/\/avukatimtv.com\/index.php\/wp-json\/wp\/v2\/comments?post=3108"}],"version-history":[{"count":1,"href":"https:\/\/avukatimtv.com\/index.php\/wp-json\/wp\/v2\/posts\/3108\/revisions"}],"predecessor-version":[{"id":3109,"href":"https:\/\/avukatimtv.com\/index.php\/wp-json\/wp\/v2\/posts\/3108\/revisions\/3109"}],"wp:featuredmedia":[{"embeddable":true,"href":"https:\/\/avukatimtv.com\/index.php\/wp-json\/wp\/v2\/media\/3110"}],"wp:attachment":[{"href":"https:\/\/avukatimtv.com\/index.php\/wp-json\/wp\/v2\/media?parent=3108"}],"wp:term":[{"taxonomy":"category","embeddable":true,"href":"https:\/\/avukatimtv.com\/index.php\/wp-json\/wp\/v2\/categories?post=3108"},{"taxonomy":"post_tag","embeddable":true,"href":"https:\/\/avukatimtv.com\/index.php\/wp-json\/wp\/v2\/tags?post=3108"}],"curies":[{"name":"wp","href":"https:\/\/api.w.org\/{rel}","templated":true}]}}