{"id":3111,"date":"2025-10-30T18:32:17","date_gmt":"2025-10-30T15:32:17","guid":{"rendered":"https:\/\/avukatimtv.com\/?p=3111"},"modified":"2025-10-30T18:32:17","modified_gmt":"2025-10-30T15:32:17","slug":"sokak-ortasinda-basindan-vurulmus-halde-bulundu-intihar-mi-cinayet-mi","status":"publish","type":"post","link":"https:\/\/avukatimtv.com\/index.php\/2025\/10\/30\/sokak-ortasinda-basindan-vurulmus-halde-bulundu-intihar-mi-cinayet-mi\/","title":{"rendered":"Sokak ortas\u0131nda ba\u015f\u0131ndan vurulmu\u015f halde bulundu: \u0130ntihar m\u0131 cinayet mi?"},"content":{"rendered":"<h2 class=\"text-2xl mb-5 hidden lg:block font-metropolis font-semibold description\" data-subtitle-news-id=\"2448151\">Ortaca il\u00e7esinde sokak ortas\u0131nda silahla ba\u015f\u0131ndan vurulmu\u015f halde a\u011f\u0131r yaral\u0131 olarak bulunan \u015fah\u0131s, kald\u0131r\u0131ld\u0131\u011f\u0131 hastanede hayat\u0131n\u0131 kaybetti. Yap\u0131lan incelemelerde; \u015fahs\u0131n evli ve bir \u00e7ocuk babas\u0131 Murat Az\u0131l\u0131 oldu\u011fu tespit edildi. Az\u0131l\u0131&#8217;n\u0131n silahla kendi hayat\u0131na son verdi\u011fi ihtimali \u00fczerinde duruldu\u011fu aktar\u0131ld\u0131.<\/h2>\n<div class=\"flex justify-between\">\n<div class=\"text-gray-500 text-[10px] md:text-xs font-medium flex flex-col md:flex-row items-center gap-2 w-full md:w-auto\">\n<div class=\"flex gap-2 justify-between items-center w-full md:w-auto\">\n<div class=\"flex items-center gap-2\">\n<p class=\"pf0\"><span class=\"cf0\"><strong>Mu\u011fla<\/strong>&#8216;n\u0131n Ortaca il\u00e7esine ba\u011fl\u0131 \u00c7ayl<\/span><span class=\"cf1\">\u0131 Mahallesi Y<\/span><span class=\"cf0\">\u00fccelen Kav<\/span><span class=\"cf1\">\u015fa\u011f\u0131 yak\u0131nlar\u0131nda d\u00fcn saat 21.00 s\u0131ralar\u0131nda kan donduran bir olay meydana geldi.<\/span><\/p>\n<p class=\"pf0\"><span class=\"cf1\">Edinilen bilgiye g<\/span><span class=\"cf0\">\u00f6re; park halinde bulunan bir karavan<\/span><span class=\"cf1\">\u0131n oldu\u011fu b<\/span><span class=\"cf0\">\u00f6lgeden silah sesi geldi<\/span><span class=\"cf1\">\u011fini duyan yurtta\u015flar yerde ba\u015f\u0131ndan silahla vurulmu\u015f bir erkek oldu\u011funu fark etti.<\/span><\/p>\n<p class=\"pf0\"><span class=\"cf1\">Durumun 112 Acil\u00a0<\/span><span class=\"cf0\">\u00c7a<\/span><span class=\"cf1\">\u011fr\u0131 Merkezi&#8217;ne bildirilmesi\u00a0<\/span><span class=\"cf0\">\u00fczerine b\u00f6lgeye sa<\/span><span class=\"cf1\">\u011fl\u0131k ve polis ekipleri sevk edildi. K\u0131sa s<\/span><span class=\"cf0\">\u00fcrede olay yerine gelen sa<\/span><span class=\"cf1\">\u011fl\u0131k ekipleri \u015fahsa ilk m<\/span><span class=\"cf0\">\u00fcdahaleyi yaparak ambulansla hastaneye kald<\/span><span class=\"cf1\">\u0131rd\u0131.<\/span><\/p>\n<p class=\"pf0\"><span class=\"cf1\">Hastanede tedavi alt\u0131na al\u0131nan \u015fah\u0131s, doktorlar\u0131n t<\/span><span class=\"cf0\">\u00fcm \u00e7abalar<\/span><span class=\"cf1\">\u0131na ra\u011fmen kurtar\u0131lamayarak hayat\u0131n\u0131 kaybetti.<\/span><\/p>\n<h3 class=\"pf0\"><span class=\"cf1\">K\u0130ML\u0130\u011e\u0130 BEL\u0130RLEND\u0130<\/span><\/h3>\n<p class=\"pf0\"><span class=\"cf1\">Polis ekipleri yapt\u0131klar\u0131 ilk incelemelerde \u015fahs\u0131n evli ve bir\u00a0<\/span><span class=\"cf0\">\u00e7ocuk babas<\/span><span class=\"cf1\">\u0131\u00a0<strong>Murat Az\u0131l\u0131\u00a0<\/strong>oldu\u011funu tespit ederken, Az\u0131l\u0131&#8217;n\u0131n silahla kendi hayat\u0131na son verdi\u011fi ihtimali \u00fczerinde<\/span><span class=\"cf0\">\u00a0duruldu<\/span><span class=\"cf1\">\u011fu bilgisine ula\u015f\u0131ld\u0131.\u00a0<\/span><span class=\"cf1\">Olayla ilgili soru\u015fturma s<\/span><span class=\"cf0\">\u00fcr\u00fcyor.<\/span><\/p>\n<\/div>\n<p><img decoding=\"async\" src=\"https:\/\/media.cumhuriyet.com.tr\/Archive\/4f45c178-3b36-4064-91c4-df845460a89d.jpg\" alt=\"Image\" \/><\/p>\n<\/div>\n<\/div>\n<\/div>\n","protected":false},"excerpt":{"rendered":"<p>Ortaca il\u00e7esinde sokak ortas\u0131nda silahla ba\u015f\u0131ndan vurulmu\u015f halde a\u011f\u0131r yaral\u0131 olarak bulunan \u015fah\u0131s, kald\u0131r\u0131ld\u0131\u011f\u0131 hastanede hayat\u0131n\u0131 kaybetti. Yap\u0131lan incelemelerde; \u015fahs\u0131n evli ve bir \u00e7ocuk babas\u0131 Murat Az\u0131l\u0131 oldu\u011fu tespit edildi. Az\u0131l\u0131&#8217;n\u0131n silahla kendi hayat\u0131na son verdi\u011fi ihtimali \u00fczerinde duruldu\u011fu aktar\u0131ld\u0131. Mu\u011fla&#8216;n\u0131n Ortaca il\u00e7esine ba\u011fl\u0131 \u00c7ayl\u0131 Mahallesi Y\u00fccelen Kav\u015fa\u011f\u0131 yak\u0131nlar\u0131nda d\u00fcn saat 21.00 s\u0131ralar\u0131nda kan donduran [&hellip;]<\/p>\n","protected":false},"author":1,"featured_media":3112,"comment_status":"closed","ping_status":"closed","sticky":false,"template":"","format":"standard","meta":{"footnotes":""},"categories":[7,39],"tags":[118],"class_list":["post-3111","post","type-post","status-publish","format-standard","has-post-thumbnail","hentry","category-gundem","category-haber","tag-mugla"],"_links":{"self":[{"href":"https:\/\/avukatimtv.com\/index.php\/wp-json\/wp\/v2\/posts\/3111","targetHints":{"allow":["GET"]}}],"collection":[{"href":"https:\/\/avukatimtv.com\/index.php\/wp-json\/wp\/v2\/posts"}],"about":[{"href":"https:\/\/avukatimtv.com\/index.php\/wp-json\/wp\/v2\/types\/post"}],"author":[{"embeddable":true,"href":"https:\/\/avukatimtv.com\/index.php\/wp-json\/wp\/v2\/users\/1"}],"replies":[{"embeddable":true,"href":"https:\/\/avukatimtv.com\/index.php\/wp-json\/wp\/v2\/comments?post=3111"}],"version-history":[{"count":1,"href":"https:\/\/avukatimtv.com\/index.php\/wp-json\/wp\/v2\/posts\/3111\/revisions"}],"predecessor-version":[{"id":3113,"href":"https:\/\/avukatimtv.com\/index.php\/wp-json\/wp\/v2\/posts\/3111\/revisions\/3113"}],"wp:featuredmedia":[{"embeddable":true,"href":"https:\/\/avukatimtv.com\/index.php\/wp-json\/wp\/v2\/media\/3112"}],"wp:attachment":[{"href":"https:\/\/avukatimtv.com\/index.php\/wp-json\/wp\/v2\/media?parent=3111"}],"wp:term":[{"taxonomy":"category","embeddable":true,"href":"https:\/\/avukatimtv.com\/index.php\/wp-json\/wp\/v2\/categories?post=3111"},{"taxonomy":"post_tag","embeddable":true,"href":"https:\/\/avukatimtv.com\/index.php\/wp-json\/wp\/v2\/tags?post=3111"}],"curies":[{"name":"wp","href":"https:\/\/api.w.org\/{rel}","templated":true}]}}