{"id":3115,"date":"2025-10-30T18:41:50","date_gmt":"2025-10-30T15:41:50","guid":{"rendered":"https:\/\/avukatimtv.com\/?p=3115"},"modified":"2025-10-30T18:41:50","modified_gmt":"2025-10-30T15:41:50","slug":"konyada-cinayet-galerici-olduruldu","status":"publish","type":"post","link":"https:\/\/avukatimtv.com\/index.php\/2025\/10\/30\/konyada-cinayet-galerici-olduruldu\/","title":{"rendered":"Konya&#8217;da Cinayet: Galerici \u00d6ld\u00fcr\u00fcld\u00fc"},"content":{"rendered":"<h2 id=\"spot\" class=\"mt10 haber_ozet\">Konya&#8217;da galericilik yapan Ahmet \u00c7ay, alacak-verecek y\u00fcz\u00fcnden b\u0131\u00e7akla \u00f6ld\u00fcr\u00fcld\u00fc. Zanl\u0131 baba-o\u011flu tutukland\u0131.<\/h2>\n<div class=\"news-detail-container\">\n<div class=\"left-block\">\n<div class=\"wrapper detay-v3_3 haber_metni\">\n<p>Konya&#8217;da \u00e7\u0131kan kavgada galericilik yapan ki\u015fiyi \u00f6ld\u00fcren cinayet zanl\u0131s\u0131 Mustafa A.&#8217;n\u0131n o\u011flu Mehmet Akif A.&#8217;n\u0131n olaydan 1 g\u00fcn \u00f6nce polis merkezine giderek, \u00f6len galerici ve 4 ki\u015fi hakk\u0131nda, kendilerini \u00f6l\u00fcmle tehdit ettikleri ve zorla senet imzalatt\u0131klar\u0131 su\u00e7lamas\u0131yla \u015fikayet\u00e7i oldu\u011fu \u00f6\u011frenildi.<\/p>\n<p>Olay, ge\u00e7ti\u011fimiz pazar g\u00fcn\u00fc saat 16.45 s\u0131ralar\u0131nda merkez\u00a0Karatay\u00a0il\u00e7esi\u00a0Fevzi \u00c7akmak\u00a0Mahallesi Ho\u015fsohbet Sokak Galericiler Sitesi&#8217;nde meydana geldi. Edinilen bilgiye g\u00f6re, site i\u00e7erisinde galericilik yapan Mustafa A. ile o\u011flu Mehmet Akif A., aralar\u0131nda alacak-verecek nedeniyle husumet bulunan meslekta\u015flar\u0131 Ahmet\u00a0\u00c7ay&#8217;\u0131n i\u015f yerinde tart\u0131\u015fmaya ba\u015flad\u0131. Kavgaya d\u00f6n\u00fc\u015fen olayda Ahmet \u00c7ay, galerici Mustafa A. taraf\u0131ndan baca\u011f\u0131ndan b\u0131\u00e7akla, yan\u0131ndaki arkada\u015f\u0131 Birol A. ise darp sonucu yaraland\u0131. \u0130hbar \u00fczerine olay yerine sa\u011fl\u0131k ve polis ekipleri sevk edildi. Sa\u011fl\u0131k ekiplerinin ilk m\u00fcdahalesinin ard\u0131ndan yaral\u0131lar ambulanslarla Konya\u00a0Numune Hastanesi&#8217;ne kald\u0131r\u0131larak tedavi alt\u0131na al\u0131nd\u0131. Yaral\u0131lardan Ahmet \u00c7ay, yap\u0131lan t\u00fcm m\u00fcdahalelere ra\u011fmen kurtar\u0131lamad\u0131.\u00a0Cinayet\u00a0zanl\u0131s\u0131 baba Mustafa A. ile o\u011flu Mehmet Akif A. ise\u00a0Asayi\u015f \u015eube M\u00fcd\u00fcrl\u00fc\u011f\u00fc\u00a0Cinayet B\u00fcro Amirli\u011fi ekipleri taraf\u0131ndan yakalanarak g\u00f6zalt\u0131na al\u0131nd\u0131. Emniyetteki i\u015flemleri tamamlanan baba ve o\u011flu, Konya Numune Hastanesi&#8217;ndeki sa\u011fl\u0131k kontrol\u00fcn\u00fcn ard\u0131ndan adliyeye sevk edildi. Zanl\u0131 baba ve o\u011flu \u00e7\u0131kar\u0131ld\u0131klar\u0131 mahkemece tutuklanarak cezaevine g\u00f6nderildi.<\/p>\n<p>Olaydan 1 g\u00fcn \u00f6nce \u015fikayet\u00e7i olmu\u015f<\/p>\n<p>\u00d6te yandan, cinayet zanl\u0131s\u0131 Mustafa A.&#8217;n\u0131n o\u011flu Mehmet Akif A.&#8217;n\u0131n olaydan 1 g\u00fcn \u00f6nce polis merkezine giderek olayda hayat\u0131n\u0131 kaybeden Ahmet \u00c7ay, \u0130.K., B.A., L.K. ve M.U. hakk\u0131nda, &#8216;kendilerini \u00f6l\u00fcmle tehdit ettikleri ve zorla 3 milyon 250 bin liral\u0131k senet imzalatt\u0131klar\u0131&#8217; su\u00e7lamas\u0131yla \u015fikayet\u00e7i oldu\u011fu \u00f6\u011frenildi. &#8211; KONYA<\/p>\n<\/div>\n<\/div>\n<\/div>\n","protected":false},"excerpt":{"rendered":"<p>Konya&#8217;da galericilik yapan Ahmet \u00c7ay, alacak-verecek y\u00fcz\u00fcnden b\u0131\u00e7akla \u00f6ld\u00fcr\u00fcld\u00fc. Zanl\u0131 baba-o\u011flu tutukland\u0131. Konya&#8217;da \u00e7\u0131kan kavgada galericilik yapan ki\u015fiyi \u00f6ld\u00fcren cinayet zanl\u0131s\u0131 Mustafa A.&#8217;n\u0131n o\u011flu Mehmet Akif A.&#8217;n\u0131n olaydan 1 g\u00fcn \u00f6nce polis merkezine giderek, \u00f6len galerici ve 4 ki\u015fi hakk\u0131nda, kendilerini \u00f6l\u00fcmle tehdit ettikleri ve zorla senet imzalatt\u0131klar\u0131 su\u00e7lamas\u0131yla \u015fikayet\u00e7i oldu\u011fu \u00f6\u011frenildi. Olay, ge\u00e7ti\u011fimiz pazar [&hellip;]<\/p>\n","protected":false},"author":1,"featured_media":3116,"comment_status":"closed","ping_status":"closed","sticky":false,"template":"","format":"standard","meta":{"footnotes":""},"categories":[7,39],"tags":[60,175,148,260,71,189,332],"class_list":["post-3115","post","type-post","status-publish","format-standard","has-post-thumbnail","hentry","category-gundem","category-haber","tag-cinayet","tag-guvenlik","tag-hukuk","tag-konya","tag-suc","tag-yargi","tag-politika"],"_links":{"self":[{"href":"https:\/\/avukatimtv.com\/index.php\/wp-json\/wp\/v2\/posts\/3115","targetHints":{"allow":["GET"]}}],"collection":[{"href":"https:\/\/avukatimtv.com\/index.php\/wp-json\/wp\/v2\/posts"}],"about":[{"href":"https:\/\/avukatimtv.com\/index.php\/wp-json\/wp\/v2\/types\/post"}],"author":[{"embeddable":true,"href":"https:\/\/avukatimtv.com\/index.php\/wp-json\/wp\/v2\/users\/1"}],"replies":[{"embeddable":true,"href":"https:\/\/avukatimtv.com\/index.php\/wp-json\/wp\/v2\/comments?post=3115"}],"version-history":[{"count":1,"href":"https:\/\/avukatimtv.com\/index.php\/wp-json\/wp\/v2\/posts\/3115\/revisions"}],"predecessor-version":[{"id":3117,"href":"https:\/\/avukatimtv.com\/index.php\/wp-json\/wp\/v2\/posts\/3115\/revisions\/3117"}],"wp:featuredmedia":[{"embeddable":true,"href":"https:\/\/avukatimtv.com\/index.php\/wp-json\/wp\/v2\/media\/3116"}],"wp:attachment":[{"href":"https:\/\/avukatimtv.com\/index.php\/wp-json\/wp\/v2\/media?parent=3115"}],"wp:term":[{"taxonomy":"category","embeddable":true,"href":"https:\/\/avukatimtv.com\/index.php\/wp-json\/wp\/v2\/categories?post=3115"},{"taxonomy":"post_tag","embeddable":true,"href":"https:\/\/avukatimtv.com\/index.php\/wp-json\/wp\/v2\/tags?post=3115"}],"curies":[{"name":"wp","href":"https:\/\/api.w.org\/{rel}","templated":true}]}}