{"id":3121,"date":"2025-10-30T19:02:29","date_gmt":"2025-10-30T16:02:29","guid":{"rendered":"https:\/\/avukatimtv.com\/?p=3121"},"modified":"2025-10-30T19:02:29","modified_gmt":"2025-10-30T16:02:29","slug":"ses-kaydiyla-her-sey-ifsa-olmustu-baldizla-20-yillik-yasak-ask-cinayetinde-yeni-karar","status":"publish","type":"post","link":"https:\/\/avukatimtv.com\/index.php\/2025\/10\/30\/ses-kaydiyla-her-sey-ifsa-olmustu-baldizla-20-yillik-yasak-ask-cinayetinde-yeni-karar\/","title":{"rendered":"Ses kayd\u0131yla her \u015fey if\u015fa olmu\u015ftu! Bald\u0131zla 20 y\u0131ll\u0131k yasak a\u015fk cinayetinde yeni karar"},"content":{"rendered":"<h2 id=\"spot\" class=\"mt10 haber_ozet\">Diyarbak\u0131r&#8217;da bald\u0131z\u0131yla yasak ili\u015fki ya\u015fayan taksici \u015eemsettin A.&#8217;n\u0131n \u00f6ld\u00fcr\u00fclmesiyle ilgili davada, a\u011f\u0131rla\u015ft\u0131r\u0131lm\u0131\u015f m\u00fcebbet alan san\u0131klar\u0131n cezalar\u0131 istinaf mahkemesince d\u00fc\u015f\u00fcr\u00fcld\u00fc. Mahkeme, san\u0131klar i\u00e7in haks\u0131z tahrik indirimi uygulayarak cezalar\u0131 8 ila 12,5 y\u0131l aral\u0131\u011f\u0131nda hapse \u00e7evirdi ve iki san\u0131\u011f\u0131n tahliyesine karar verdi.<\/h2>\n<div class=\"news-detail-container\">\n<div class=\"left-block\">\n<div class=\"wrapper detay-v3_3 haber_metni\">\n<p>Diyarbak\u0131r&#8217;da bald\u0131z\u0131yla 20 y\u0131ll\u0131k yasak ili\u015fki ya\u015fayan taksici \u015eemsettin A.&#8217;n\u0131n \u00f6ld\u00fcr\u00fclmesiyle ilgili davada a\u011f\u0131rla\u015ft\u0131r\u0131lm\u0131\u015f m\u00fcebbet alan san\u0131klar\u0131n cezalar\u0131 istinaf mahkemesince indirildi.\u00a0Mahkeme, haks\u0131z tahrik indirimi uygulayarak 3 san\u0131\u011f\u0131n cezas\u0131n\u0131 m\u00fcebbete \u00e7evirdi, 2 san\u0131\u011f\u0131 ise tahliye etti.<\/p>\n<p>S\u00f6zc\u00fc\u00a0gazetesinde yer alan habere g\u00f6re; Diyarbak\u0131r&#8217;da 60 ya\u015f\u0131ndaki taksici \u015eemsettin A., bald\u0131z\u0131yla uzun y\u0131llar s\u00fcren gizli ili\u015fkisinin ortaya \u00e7\u0131kmas\u0131n\u0131n ard\u0131ndan aile fertleri taraf\u0131ndan \u00f6ld\u00fcr\u00fclm\u00fc\u015ft\u00fc. Olay, k\u0131z\u0131n\u0131n telefonundaki uygulamaya yans\u0131yan ses kay\u0131tlar\u0131yla a\u00e7\u0131\u011fa \u00e7\u0131km\u0131\u015f, kay\u0131tlar\u0131 dinleyen aile, \u015eemsettin A.&#8217;y\u0131 sorgulam\u0131\u015ft\u0131. \u0130lk a\u015famada ink\u00e2r eden \u015eemsettin A. ve bald\u0131z\u0131 Emzade \u00c7., kay\u0131tlar dinletilince ili\u015fkilerini kabul etmi\u015fti. Bunun \u00fczerine aile, &#8220;Seninle ya\u015famak istemiyoruz&#8221; diyerek \u015eemsettin&#8217;i evden g\u00f6ndermi\u015fti.<\/p>\n<h3>KAZA S\u00dcS\u00dc VER\u0130LEN C\u0130NAYET<\/h3>\n<p>Bald\u0131z\u0131n\u0131n o\u011fullar\u0131 F\u0131rat ve Azat \u00c7., olay\u0131 \u00f6\u011frenince eni\u015ftelerini bulmak i\u00e7in taksi dura\u011f\u0131na gitti. Daha sonra F\u0131rat ve kuzeni \u00dcnal \u00c7., \u015eemsettin&#8217;in arac\u0131na binerek\u00a0Yenik\u00f6y\u00a0Mezarl\u0131\u011f\u0131 yak\u0131nlar\u0131nda onu ba\u015f\u0131ndan d\u00f6rt kur\u015funla \u00f6ld\u00fcrd\u00fc. Cinayete kaza s\u00fcs\u00fc verilmi\u015fti ancak KGYS kay\u0131tlar\u0131, olay\u0131n planl\u0131 bir infaz oldu\u011funu ortaya \u00e7\u0131kard\u0131.<\/p>\n<h3>MAHKEMEDEN &#8220;T\u00d6RE SA\u0130K\u0130&#8221; TESP\u0130T\u0130<\/h3>\n<p>Yarg\u0131lama sonunda mahkeme, san\u0131klar\u0131n eyleminin &#8220;t\u00f6re saikiyle tasarlayarak adam \u00f6ld\u00fcrme&#8221; su\u00e7u oldu\u011funu belirtti. F\u0131rat ve \u00dcnal \u00c7. a\u011f\u0131rla\u015ft\u0131r\u0131lm\u0131\u015f m\u00fcebbet, amcalar\u0131 Kaz\u0131m ve kuzenleri Azat \u00c7. ise delil yetersizli\u011finden beraat etti. Cinayete yard\u0131m etti\u011fi belirlenen Ahmet \u00c7. ise 12 y\u0131l 6 ay hapse mahk\u00fbm edildi.<\/p>\n<h3>\u0130ST\u0130NAFTAN TAHR\u0130K \u0130ND\u0130R\u0130M\u0130 VE TAHL\u0130YE<\/h3>\n<p>Dosyay\u0131 inceleyen B\u00f6lge \u0130stinaf Mahkemesi 1.\u00a0Ceza Dairesi, kararlar\u0131 k\u0131smen bozdu. Mahkeme, san\u0131klar\u0131n &#8220;haks\u0131z tahrik alt\u0131nda&#8221; cinayeti i\u015fledi\u011fine h\u00fckmederek cezalar\u0131 d\u00fc\u015f\u00fcrd\u00fc:<\/p>\n<ul>\n<li>F\u0131rat \u00c7.&#8217;nin cezas\u0131 12,5 y\u0131la indirildi, tutuklulu\u011fu devam ediyor.<\/li>\n<li>\u00dcnal \u00c7.&#8217;nin cezas\u0131 10 y\u0131la d\u00fc\u015f\u00fcr\u00fcld\u00fc, tahliyesine karar verildi.<\/li>\n<li>Ahmet \u00c7. ise 8 y\u0131l 4 ay hapis cezas\u0131yla tahliye edildi.<\/li>\n<li>Azat ve Kaz\u0131m \u00c7.&#8217;nin beraat kararlar\u0131 ise onand\u0131.<\/li>\n<\/ul>\n<p>Kararda muhalefet \u015ferhi koyan \u00fcye h\u00e2kim, F\u0131rat \u00c7. i\u00e7in haks\u0131z tahrik \u015fartlar\u0131n\u0131n olu\u015fmad\u0131\u011f\u0131n\u0131, \u00dcnal \u00c7.&#8217;nin de &#8220;m\u00fc\u015fterek fail&#8221; olarak cezaland\u0131r\u0131lmas\u0131 gerekti\u011fini savundu.<\/p>\n<\/div>\n<\/div>\n<\/div>\n","protected":false},"excerpt":{"rendered":"<p>Diyarbak\u0131r&#8217;da bald\u0131z\u0131yla yasak ili\u015fki ya\u015fayan taksici \u015eemsettin A.&#8217;n\u0131n \u00f6ld\u00fcr\u00fclmesiyle ilgili davada, a\u011f\u0131rla\u015ft\u0131r\u0131lm\u0131\u015f m\u00fcebbet alan san\u0131klar\u0131n cezalar\u0131 istinaf mahkemesince d\u00fc\u015f\u00fcr\u00fcld\u00fc. Mahkeme, san\u0131klar i\u00e7in haks\u0131z tahrik indirimi uygulayarak cezalar\u0131 8 ila 12,5 y\u0131l aral\u0131\u011f\u0131nda hapse \u00e7evirdi ve iki san\u0131\u011f\u0131n tahliyesine karar verdi. Diyarbak\u0131r&#8217;da bald\u0131z\u0131yla 20 y\u0131ll\u0131k yasak ili\u015fki ya\u015fayan taksici \u015eemsettin A.&#8217;n\u0131n \u00f6ld\u00fcr\u00fclmesiyle ilgili davada a\u011f\u0131rla\u015ft\u0131r\u0131lm\u0131\u015f m\u00fcebbet [&hellip;]<\/p>\n","protected":false},"author":1,"featured_media":3122,"comment_status":"closed","ping_status":"closed","sticky":false,"template":"","format":"standard","meta":{"footnotes":""},"categories":[1],"tags":[188,100,378,147,468,561,559,560],"class_list":["post-3121","post","type-post","status-publish","format-standard","has-post-thumbnail","hentry","category-genel","tag-ceza","tag-dava","tag-diyarbakir","tag-mahkeme","tag-muebbet","tag-ses-kaydi","tag-yasak-iliski","tag-yeni-karar"],"_links":{"self":[{"href":"https:\/\/avukatimtv.com\/index.php\/wp-json\/wp\/v2\/posts\/3121","targetHints":{"allow":["GET"]}}],"collection":[{"href":"https:\/\/avukatimtv.com\/index.php\/wp-json\/wp\/v2\/posts"}],"about":[{"href":"https:\/\/avukatimtv.com\/index.php\/wp-json\/wp\/v2\/types\/post"}],"author":[{"embeddable":true,"href":"https:\/\/avukatimtv.com\/index.php\/wp-json\/wp\/v2\/users\/1"}],"replies":[{"embeddable":true,"href":"https:\/\/avukatimtv.com\/index.php\/wp-json\/wp\/v2\/comments?post=3121"}],"version-history":[{"count":1,"href":"https:\/\/avukatimtv.com\/index.php\/wp-json\/wp\/v2\/posts\/3121\/revisions"}],"predecessor-version":[{"id":3123,"href":"https:\/\/avukatimtv.com\/index.php\/wp-json\/wp\/v2\/posts\/3121\/revisions\/3123"}],"wp:featuredmedia":[{"embeddable":true,"href":"https:\/\/avukatimtv.com\/index.php\/wp-json\/wp\/v2\/media\/3122"}],"wp:attachment":[{"href":"https:\/\/avukatimtv.com\/index.php\/wp-json\/wp\/v2\/media?parent=3121"}],"wp:term":[{"taxonomy":"category","embeddable":true,"href":"https:\/\/avukatimtv.com\/index.php\/wp-json\/wp\/v2\/categories?post=3121"},{"taxonomy":"post_tag","embeddable":true,"href":"https:\/\/avukatimtv.com\/index.php\/wp-json\/wp\/v2\/tags?post=3121"}],"curies":[{"name":"wp","href":"https:\/\/api.w.org\/{rel}","templated":true}]}}