{"id":3125,"date":"2025-11-01T20:12:43","date_gmt":"2025-11-01T17:12:43","guid":{"rendered":"https:\/\/avukatimtv.com\/?p=3125"},"modified":"2025-11-01T20:12:43","modified_gmt":"2025-11-01T17:12:43","slug":"gullunun-olumunde-cinayet-suphesi-artiyor-kizi-tugyan-hakkinda-yeni-bir-tanik-ortaya-cikti","status":"publish","type":"post","link":"https:\/\/avukatimtv.com\/index.php\/2025\/11\/01\/gullunun-olumunde-cinayet-suphesi-artiyor-kizi-tugyan-hakkinda-yeni-bir-tanik-ortaya-cikti\/","title":{"rendered":"G\u00fcll\u00fc\u2019n\u00fcn \u00f6l\u00fcm\u00fcnde &#8216;cinayet&#8217; \u015f\u00fcphesi art\u0131yor: K\u0131z\u0131 Tu\u011fyan hakk\u0131nda yeni bir tan\u0131k ortaya \u00e7\u0131kt\u0131"},"content":{"rendered":"<h2 class=\"ys-detail-content__spot\">Arabesk sanat\u00e7\u0131s\u0131 G\u00fcll\u00fc\u2019n\u00fcn \u00f6l\u00fcm\u00fcnde yeni bir tan\u0131k daha ortaya \u00e7\u0131kt\u0131. G\u00fcll\u00fc&#8217;n\u00fcn k\u0131z\u0131 Tu\u011fyan&#8217;\u0131 su\u00e7layan tan\u0131k, \u201cAnnemi \u00f6ld\u00fcrece\u011fim, evde 2 milyonluk alt\u0131n var\u201d dedi\u011fini \u00f6ne s\u00fcrerek olay\u0131n kaza olmad\u0131\u011f\u0131n\u0131 iddia etti. Tan\u0131k Tu\u011fyan \u00dclkem G\u00fclter\u2019in olay sonras\u0131 ka\u00e7abilece\u011fini d\u00fc\u015f\u00fcnd\u00fc\u011f\u00fcn\u00fc de belirtti.<\/h2>\n<div class=\"embed-bottom-ad\"><\/div>\n<div class=\"ys-detail-content-area\">\n<p class=\"ys-paragraph-node\">Yalova\u2019da evinin penceresinden d\u00fc\u015ferek ya\u015fam\u0131n\u0131 yitiren arabesk sanat\u00e7\u0131s\u0131 G\u00fcll\u00fc\u2019n\u00fcn k\u0131z\u0131 Tu\u011fyan \u00dclkem G\u00fclter\u2019le ilgili iddialar b\u00fcy\u00fcmeye devam ediyor. Yak\u0131n arkada\u015f\u0131 Bircan D\u00fclger\u2019in a\u00e7\u0131klamalar\u0131 g\u00fcndemi sarsarken, yeni bir tan\u0131k olan \u00c7a\u011fr\u0131 Kutlu da ortaya \u00e7\u0131karak G\u00fcll\u00fc\u2019n\u00fcn \u00f6l\u00fcm\u00fcnde G\u00fclter\u2019i sorumlu tuttu.<\/p>\n<p><br class=\"ys-new-line-node\" \/><\/p>\n<div class=\"ys-paragraph-node\"><span class=\"ys-text-node\">Tu\u011fyan \u00dclkem G\u00fclter\u2019in yak\u0131n arkada\u015f\u0131 Bircan D\u00fclger,<\/span><strong class=\"ys-bold-node\"><span class=\"ys-text-node\">\u00a0&#8220;Tu\u011fyan&#8217;dan korktu\u011fum i\u00e7in bug\u00fcne kadar hi\u00e7bir \u015fey s\u00f6yleyemedim&#8221;\u00a0<\/span><\/strong><span class=\"ys-text-node\">s\u00f6zleriyle dikkat \u00e7eken bir itirafta bulunmu\u015ftu. Ortaya \u00e7\u0131kan yeni tan\u0131k \u00c7a\u011fr\u0131 Kutlu ise iddialar\u0131 daha da a\u011f\u0131rla\u015ft\u0131rd\u0131. Kutlu, G\u00fclter\u2019in kendisine<\/span><strong class=\"ys-bold-node\"><span class=\"ys-text-node\">\u00a0&#8220;Annemi \u00f6ld\u00fcrece\u011fim, evde 2 milyonluk alt\u0131n var&#8221;\u00a0<\/span><\/strong><span class=\"ys-text-node\">dedi\u011fini \u00f6ne s\u00fcrerek soru\u015fturman\u0131n seyrini de\u011fi\u015ftirebilecek yeni bilgiler payla\u015ft\u0131.<\/span><\/div>\n<\/div>\n<div><img decoding=\"async\" src=\"https:\/\/img.piri.net\/mnresize\/400\/-\/piri\/upload\/3\/2025\/11\/1\/049236b5-ebj5vem0azn21tt4qv57yt.webp\" \/><\/div>\n<div><\/div>\n<div>\n<div class=\"ys-paragraph-node\"><strong class=\"ys-bold-node\"><span class=\"ys-text-node\">G\u00fcnayd\u0131n&#8217;dan Kerim Cengil&#8217;in haberine g\u00f6re,\u00a0<\/span><\/strong><span class=\"ys-text-node\">yeni tan\u0131k \u00c7a\u011fr\u0131 Kutlu\u00a0<\/span><strong class=\"ys-bold-node\"><i class=\"ys-italic-node\"><span class=\"ys-text-node\">&#8220;Tu\u011fyan&#8217;la da yakla\u015f\u0131k 1 y\u0131l \u00f6nce tan\u0131\u015ft\u0131m. Bana asla uyu\u015fturucu madde kullanmad\u0131\u011f\u0131n\u0131 s\u00f6yledi ancak sonras\u0131nda kulland\u0131\u011f\u0131n\u0131 hem duydum hem de \u015fahit oldum&#8221;\u00a0<\/span><\/i><\/strong><span class=\"ys-text-node\">diyerek G\u00fcll\u00fc&#8217;n\u00fcn k\u0131z\u0131n\u0131n yasakl\u0131 madde kulland\u0131\u011f\u0131n\u0131 anlatt\u0131.<\/span><\/div>\n<h2 class=\"ys-heading-node\"><span class=\"ys-text-node\">&#8220;Ben bunu \u00f6ld\u00fcrece\u011fim&#8221;<\/span><\/h2>\n<div class=\"ys-paragraph-node\"><span class=\"ys-text-node\">Tu\u011fyan \u00dclkem G\u00fclter&#8217;in annesi G\u00fcll\u00fc&#8217;y\u00fc \u00f6ld\u00fcrmek i\u00e7in planlar yapt\u0131\u011f\u0131n\u0131 belirten \u00c7a\u011fr\u0131 Kutlu &#8220;<\/span><strong class=\"ys-bold-node\"><span class=\"ys-text-node\">Yakla\u015f\u0131k 7 ay \u00f6nce sahilde Tu\u011fyan&#8217;la otururken G\u00fcll\u00fc yan\u0131m\u0131za geldi. G\u00fcl ablayla o \u015fekilde tan\u0131\u015ft\u0131k, bana \u00e7ocuklar\u0131n\u0131n kendisini hi\u00e7 dinlemedi\u011fini s\u00f6yledi. Nisan ay\u0131nda Tu\u011fyan beni aray\u0131p annesini \u015fikayet etti, &#8220;Abi ben katil olaca\u011f\u0131m, kendisi her b.ku yiyor, hayat\u0131ma m\u00fcdahale ediyor, ben bunu \u00f6ld\u00fcrece\u011fim&#8221; dedi. Tu\u011fyan&#8217;\u0131n Kervan isminde evli \u00e7ocuklu bir sevgilisi vard\u0131, G\u00fcl abla Kervan&#8217;la g\u00f6r\u00fc\u015fmesini istemiyordu. Ben telefonda Tu\u011fyan&#8217;\u0131 sakinle\u015ftirdim. Sonras\u0131nda beni Bircan arad\u0131, &#8220;Ben Armutlu&#8217;day\u0131m Tu\u011fyan&#8217;a yeti\u015femem sen sakinle\u015ftir&#8221; dedi. 6-7 saat sonra Tu\u011fyan yan\u0131ma geldi, &#8220;\u00c7ocu\u011fumu, annemi \u00f6ld\u00fcrece\u011fim, evde 2 milyonluk alt\u0131n var, onu satsam beni idare etmez&#8221; \u015feklinde s\u00f6ylemlerde bulundu.&#8221;<\/span><\/strong><span class=\"ys-text-node\">\u00a0dedi.<\/span><\/div>\n<\/div>\n<div><img decoding=\"async\" src=\"https:\/\/img.piri.net\/mnresize\/533\/-\/piri\/upload\/3\/2025\/11\/1\/19a62bbc-v5alzjmqxd5ngs30w6nzt.webp\" \/><\/div>\n<div><\/div>\n<div>\n<h2 class=\"ys-heading-node\"><span class=\"ys-text-node\">&#8220;Annesini \u00f6ld\u00fcrmek i\u00e7in silah istedi&#8221;<\/span><\/h2>\n<p class=\"ys-paragraph-node\">\u00d6l\u00fcm haberini ald\u0131\u011f\u0131 s\u0131rada Adana\u2019da oldu\u011funu s\u00f6yleyen Kutlu, Tu\u011fyan \u00dclkem G\u00fclter\u2019in kumar al\u0131\u015fkanl\u0131\u011f\u0131n\u0131n aile i\u00e7inde ciddi sorunlara yol a\u00e7t\u0131\u011f\u0131n\u0131 \u00f6ne s\u00fcrd\u00fc.<\/p>\n<div class=\"ys-paragraph-node\"><span class=\"ys-text-node\">Kutlu, G\u00fclter\u2019in annesinin hesaplar\u0131n\u0131 y\u00f6netti\u011fini, para aktar\u0131mlar\u0131nda usuls\u00fczl\u00fck yapt\u0131\u011f\u0131n\u0131 iddia ederek,<\/span><strong class=\"ys-bold-node\"><span class=\"ys-text-node\">\u00a0&#8220;Bana defalarca annesini \u00f6ld\u00fcrece\u011fini s\u00f6ylemi\u015fti. Hatta k\u0131z\u0131n\u0131n bak\u0131c\u0131s\u0131n\u0131n o\u011flu olan Osman&#8217;dan benim yan\u0131mda silah bulmas\u0131n\u0131 istemi\u015fti. Silah\u0131 ne i\u00e7in kullanaca\u011f\u0131n\u0131 s\u00f6ylemedi, annesi i\u00e7in istedi\u011fini d\u00fc\u015f\u00fcn\u00fcyorum.&#8221;\u00a0<\/span><\/strong><span class=\"ys-text-node\">dedi.<\/span><\/div>\n<p class=\"ys-paragraph-node\">Ayr\u0131ca olay g\u00fcn\u00fc sonras\u0131nda K\u0131br\u0131s\u2019ta bulundu\u011funu belirten Kutlu, Bircan D\u00fclger\u2019in o\u011flunun kendisini aray\u0131p tehdit edildiklerini s\u00f6yledi\u011fini ifade etti. Kutlu, t\u00fcm bildiklerini G\u00fcll\u00fc\u2019n\u00fcn \u00e7al\u0131\u015ft\u0131\u011f\u0131 mekan\u0131n sahibiyle payla\u015fmak i\u00e7in kendisinin ileti\u015fime ge\u00e7ti\u011fini, kimseden para talebi ya da y\u00f6nlendirme almad\u0131\u011f\u0131n\u0131 da vurgulad\u0131.<\/p>\n<div class=\"news-detail-ads\">\n<div class=\"embed-bottom-ad detail-page-advertisement__container\"><\/div>\n<\/div>\n<h2 class=\"ys-heading-node\"><span class=\"ys-text-node\">&#8220;Tu\u011fyan ka\u00e7abilir&#8221;<\/span><\/h2>\n<div class=\"ys-paragraph-node\"><span class=\"ys-text-node\">Tu\u011fyan \u00dclkem G\u00fclter\u2019in olay sonras\u0131 ka\u00e7abilece\u011fini d\u00fc\u015f\u00fcnd\u00fc\u011f\u00fcn\u00fc belirten Kutlu, G\u00fclter\u2019in yak\u0131n \u00e7evresini de manip\u00fcle etti\u011fini \u00f6ne s\u00fcrererek<\/span><strong class=\"ys-bold-node\"><span class=\"ys-text-node\">\u00a0&#8220;Ben Tu\u011fyan&#8217;\u0131n ka\u00e7aca\u011f\u0131ndan eminim, olay\u0131n ayd\u0131nlat\u0131lmas\u0131n\u0131 istiyorum.&#8221;<\/span><\/strong><span class=\"ys-text-node\">\u00a0ifadelerini kulland\u0131.<\/span><\/div>\n<div class=\"ys-paragraph-node\"><span class=\"ys-text-node\">Kutlu, G\u00fclter\u2019in arkada\u015f\u0131 Sultan\u2019\u0131n \u201c\u00e7ok saf\u201d biri oldu\u011funu, su\u00e7un onun \u00fczerine y\u0131k\u0131labilece\u011finden endi\u015fe etti\u011fini dile getirerek<\/span><strong class=\"ys-bold-node\"><span class=\"ys-text-node\">\u00a0&#8220;Tu\u011fyan&#8217;\u0131n arkada\u015f\u0131 Sultan \u00e7ok saf bir k\u0131zd\u0131r, Tu\u011fyan&#8217;\u0131n o k\u0131z\u0131n \u00fczerine su\u00e7 atabilece\u011fini d\u00fc\u015f\u00fcn\u00fcyorum.&#8221;\u00a0<\/span><\/strong><span class=\"ys-text-node\">dedi. Ayr\u0131ca G\u00fclter\u2019in kendisini aray\u0131p Irakl\u0131 bir ki\u015fiyle tan\u0131\u015ft\u0131r\u0131ld\u0131\u011f\u0131n\u0131, adam\u0131n evli ve zengin oldu\u011funu s\u00f6yledi\u011fini aktaran Kutlu, s\u00f6z konusu ki\u015finin \u201cKervan\u201d adl\u0131 bir kuyumcu g\u00f6r\u00fcn\u00fcml\u00fc ancak ka\u00e7ak\u00e7\u0131l\u0131kla ba\u011flant\u0131l\u0131 oldu\u011funu iddia etti.<\/span><\/div>\n<p class=\"ys-paragraph-node\">Tan\u0131k, olay\u0131n kaza oldu\u011funa inanmad\u0131\u011f\u0131n\u0131 da vurgulayarak, G\u00fclter\u2019in daha \u00f6nce annesiyle ilgili tehdit i\u00e7erikli ifadeler kulland\u0131\u011f\u0131n\u0131 belirtti. Kutlu, Tu\u011fyan G\u00fclter\u2019in iki g\u00fcn \u00f6nce kendisini arayarak konu\u015fmamas\u0131 i\u00e7in bask\u0131 yapt\u0131\u011f\u0131n\u0131, ayr\u0131ca baz\u0131 telefon g\u00f6r\u00fc\u015fmelerinin Samsun\u2019daki bir arkada\u015flar\u0131 \u00fczerinden y\u00fcr\u00fct\u00fcld\u00fc\u011f\u00fcn\u00fc, farkl\u0131 hatlar \u00fczerinden konum takibi yap\u0131ld\u0131\u011f\u0131n\u0131 \u00f6ne s\u00fcrd\u00fc.<\/p>\n<\/div>\n<p>&nbsp;<\/p>\n","protected":false},"excerpt":{"rendered":"<p>Arabesk sanat\u00e7\u0131s\u0131 G\u00fcll\u00fc\u2019n\u00fcn \u00f6l\u00fcm\u00fcnde yeni bir tan\u0131k daha ortaya \u00e7\u0131kt\u0131. G\u00fcll\u00fc&#8217;n\u00fcn k\u0131z\u0131 Tu\u011fyan&#8217;\u0131 su\u00e7layan tan\u0131k, \u201cAnnemi \u00f6ld\u00fcrece\u011fim, evde 2 milyonluk alt\u0131n var\u201d dedi\u011fini \u00f6ne s\u00fcrerek olay\u0131n kaza olmad\u0131\u011f\u0131n\u0131 iddia etti. Tan\u0131k Tu\u011fyan \u00dclkem G\u00fclter\u2019in olay sonras\u0131 ka\u00e7abilece\u011fini d\u00fc\u015f\u00fcnd\u00fc\u011f\u00fcn\u00fc de belirtti. Yalova\u2019da evinin penceresinden d\u00fc\u015ferek ya\u015fam\u0131n\u0131 yitiren arabesk sanat\u00e7\u0131s\u0131 G\u00fcll\u00fc\u2019n\u00fcn k\u0131z\u0131 Tu\u011fyan \u00dclkem G\u00fclter\u2019le ilgili iddialar [&hellip;]<\/p>\n","protected":false},"author":1,"featured_media":3126,"comment_status":"closed","ping_status":"closed","sticky":false,"template":"","format":"standard","meta":{"footnotes":""},"categories":[7,39],"tags":[60,542,562],"class_list":["post-3125","post","type-post","status-publish","format-standard","has-post-thumbnail","hentry","category-gundem","category-haber","tag-cinayet","tag-gullu","tag-suphe"],"_links":{"self":[{"href":"https:\/\/avukatimtv.com\/index.php\/wp-json\/wp\/v2\/posts\/3125","targetHints":{"allow":["GET"]}}],"collection":[{"href":"https:\/\/avukatimtv.com\/index.php\/wp-json\/wp\/v2\/posts"}],"about":[{"href":"https:\/\/avukatimtv.com\/index.php\/wp-json\/wp\/v2\/types\/post"}],"author":[{"embeddable":true,"href":"https:\/\/avukatimtv.com\/index.php\/wp-json\/wp\/v2\/users\/1"}],"replies":[{"embeddable":true,"href":"https:\/\/avukatimtv.com\/index.php\/wp-json\/wp\/v2\/comments?post=3125"}],"version-history":[{"count":1,"href":"https:\/\/avukatimtv.com\/index.php\/wp-json\/wp\/v2\/posts\/3125\/revisions"}],"predecessor-version":[{"id":3127,"href":"https:\/\/avukatimtv.com\/index.php\/wp-json\/wp\/v2\/posts\/3125\/revisions\/3127"}],"wp:featuredmedia":[{"embeddable":true,"href":"https:\/\/avukatimtv.com\/index.php\/wp-json\/wp\/v2\/media\/3126"}],"wp:attachment":[{"href":"https:\/\/avukatimtv.com\/index.php\/wp-json\/wp\/v2\/media?parent=3125"}],"wp:term":[{"taxonomy":"category","embeddable":true,"href":"https:\/\/avukatimtv.com\/index.php\/wp-json\/wp\/v2\/categories?post=3125"},{"taxonomy":"post_tag","embeddable":true,"href":"https:\/\/avukatimtv.com\/index.php\/wp-json\/wp\/v2\/tags?post=3125"}],"curies":[{"name":"wp","href":"https:\/\/api.w.org\/{rel}","templated":true}]}}