{"id":3129,"date":"2025-11-01T20:19:50","date_gmt":"2025-11-01T17:19:50","guid":{"rendered":"https:\/\/avukatimtv.com\/?p=3129"},"modified":"2025-11-01T20:19:50","modified_gmt":"2025-11-01T17:19:50","slug":"istanbulda-korkunc-cinayet-konusmak-icin-cagirdigi-sevgilisini-katletti","status":"publish","type":"post","link":"https:\/\/avukatimtv.com\/index.php\/2025\/11\/01\/istanbulda-korkunc-cinayet-konusmak-icin-cagirdigi-sevgilisini-katletti\/","title":{"rendered":"\u0130stanbul&#8217;da korkun\u00e7 cinayet: Konu\u015fmak i\u00e7in \u00e7a\u011f\u0131rd\u0131\u011f\u0131 sevgilisini katletti"},"content":{"rendered":"<h2 class=\"category-detail-sub-title\">\u0130stanbul&#8217;un Sar\u0131yer il\u00e7esinde bir ki\u015fi, konu\u015fmak i\u00e7in evine \u00e7a\u011f\u0131rd\u0131\u011f\u0131 k\u0131z arkada\u015f\u0131n\u0131 silahla vurup \u00f6ld\u00fcrd\u00fckten sonra intihar etti.<\/h2>\n<div class=\"category-detail-social-area\">\n<div class=\"news-info-text\">\n<p>\u0130stanbul&#8217;da korkun\u00e7 bir cinayet i\u015flendi. Olay, Sar\u0131yer il\u00e7esi Emirgan Mahallesi Emirgan 1. Sokak&#8217;ta sabah saatlerinde meydana geldi.<\/p>\n<p>Edinilen bilgiye g\u00f6re, G\u00f6khan Meral (36) bir s\u00fcredir iki \u00e7ocuk annesi Aydan Vural ile g\u00f6r\u00fc\u015f\u00fcyordu.<\/p>\n<\/div>\n<p><img decoding=\"async\" src=\"https:\/\/cdn1.ntv.com.tr\/gorsel\/dmmdI8hV5kia1hhzeTMBMw.jpg?width=1000&amp;mode=both&amp;scale=both&amp;v=1762005210588\" alt=\"\u0130stanbul'da korkun\u00e7 cinayet: Konu\u015fmak i\u00e7in \u00e7a\u011f\u0131rd\u0131\u011f\u0131 sevgilisini katletti - 2\" \/><\/p>\n<\/div>\n<p>D\u00fcn gece de G\u00f6khan Meral g\u00f6r\u00fc\u015fmek i\u00e7in Aydan Vural&#8217;\u0131 evine \u00e7a\u011f\u0131rd\u0131.<\/p>\n<p>Aydan Vural&#8217;a ula\u015famayan yak\u0131nlar\u0131 sabah saatlerinde G\u00f6khan Meral&#8217;in evine gitti.<\/p>\n<p>&nbsp;<\/p>\n<p><img decoding=\"async\" src=\"https:\/\/cdn1.ntv.com.tr\/gorsel\/ksYVLmqmIUSq0Y-kXDCefQ.jpg?width=1000&amp;mode=both&amp;scale=both&amp;v=1762005210588\" alt=\"\u0130stanbul'da korkun\u00e7 cinayet: Konu\u015fmak i\u00e7in \u00e7a\u011f\u0131rd\u0131\u011f\u0131 sevgilisini katletti - 3\" \/><\/p>\n<p>&nbsp;<\/p>\n<div class=\"card card--gallery category-detail-large-card\" data-pictureid=\"ksYVLmqmIUSq0Y-kXDCefQ\" data-category=\"turkiye\" data-gemiusid=\"zNuQzP.R2_pQFclhyAEGD2X238NZUQdzlmYVhEsbxir.n7\">\n<div class=\"card-text-wrapper\">\n<p>Yerde hareketsiz yatan iki ki\u015fi oldu\u011funu g\u00f6ren yak\u0131nlar\u0131 hemen polise ve sa\u011fl\u0131k ekibine haber verdi.<\/p>\n<\/div>\n<\/div>\n<div class=\"card card--gallery category-detail-large-card\" data-pictureid=\"oJN4KmO_-06FPqhnKZPCwA\" data-category=\"turkiye\" data-gemiusid=\"zNuQzP.R2_pQFclhyAEGD2X238NZUQdzlmYVhEsbxir.n7\">\n<div class=\"card-img-wrapper lazy-loading-img\"><picture class=\"native-lazy\"><source srcset=\"https:\/\/cdn1.ntv.com.tr\/gorsel\/oJN4KmO_-06FPqhnKZPCwA.jpg?width=767&amp;height=575&amp;mode=both&amp;scale=both&amp;v=1762005210588\" media=\"(max-width: 767px)\" \/><source srcset=\"https:\/\/cdn1.ntv.com.tr\/gorsel\/oJN4KmO_-06FPqhnKZPCwA.jpg?width=991&amp;mode=both&amp;scale=both&amp;v=1762005210588\" media=\"(max-width: 991px)\" \/><source srcset=\"https:\/\/cdn1.ntv.com.tr\/gorsel\/oJN4KmO_-06FPqhnKZPCwA.jpg?width=1000&amp;mode=both&amp;scale=both&amp;v=1762005210588\" media=\"(min-width: 992px)\" \/><\/picture><\/div>\n<\/div>\n<div><\/div>\n<div><\/div>\n<div><img decoding=\"async\" src=\"https:\/\/cdn1.ntv.com.tr\/gorsel\/oJN4KmO_-06FPqhnKZPCwA.jpg?width=1000&amp;mode=both&amp;scale=both&amp;v=1762005210588\" alt=\"\u0130stanbul'da korkun\u00e7 cinayet: Konu\u015fmak i\u00e7in \u00e7a\u011f\u0131rd\u0131\u011f\u0131 sevgilisini katletti - 4\" \/><\/div>\n<div><\/div>\n<div>\n<p>K\u0131sa s\u00fcrede adrese gelen sa\u011fl\u0131k ekipleri yerde yatan iki ki\u015finin hayat\u0131n\u0131 kaybetti\u011fini belirledi.<\/p>\n<p>Olay yeri inceleme ekiplerinin yapt\u0131\u011f\u0131 \u00e7al\u0131\u015fmada Vural&#8217;\u0131n ba\u015f\u0131ndan vuruldu\u011funu ve Meral&#8217;in daha sonra intihar etti\u011fini belirlendi.<\/p>\n<\/div>\n<p><img decoding=\"async\" src=\"https:\/\/cdn1.ntv.com.tr\/gorsel\/VUXs1YwdEEWRq8i4dgt99A.jpg?width=1000&amp;mode=both&amp;scale=both&amp;v=1762005210588\" alt=\"\u0130stanbul'da korkun\u00e7 cinayet: Konu\u015fmak i\u00e7in \u00e7a\u011f\u0131rd\u0131\u011f\u0131 sevgilisini katletti - 5\" \/><\/p>\n<p>&nbsp;<\/p>\n<div class=\"card card--gallery category-detail-large-card\" data-pictureid=\"VUXs1YwdEEWRq8i4dgt99A\" data-category=\"turkiye\" data-gemiusid=\"zNuQzP.R2_pQFclhyAEGD2X238NZUQdzlmYVhEsbxir.n7\">\n<div class=\"card-text-wrapper\">\n<p>\u0130ncelemelerin ard\u0131ndan cenazeler Adli T\u0131p Kurumu morguna g\u00f6t\u00fcr\u00fcld\u00fc.<\/p>\n<\/div>\n<\/div>\n<div class=\"social social--for-label\">\n<ul class=\"social-items\">\n<li class=\"social-item\"><\/li>\n<\/ul>\n<\/div>\n","protected":false},"excerpt":{"rendered":"<p>\u0130stanbul&#8217;un Sar\u0131yer il\u00e7esinde bir ki\u015fi, konu\u015fmak i\u00e7in evine \u00e7a\u011f\u0131rd\u0131\u011f\u0131 k\u0131z arkada\u015f\u0131n\u0131 silahla vurup \u00f6ld\u00fcrd\u00fckten sonra intihar etti. \u0130stanbul&#8217;da korkun\u00e7 bir cinayet i\u015flendi. Olay, Sar\u0131yer il\u00e7esi Emirgan Mahallesi Emirgan 1. Sokak&#8217;ta sabah saatlerinde meydana geldi. Edinilen bilgiye g\u00f6re, G\u00f6khan Meral (36) bir s\u00fcredir iki \u00e7ocuk annesi Aydan Vural ile g\u00f6r\u00fc\u015f\u00fcyordu. D\u00fcn gece de G\u00f6khan Meral g\u00f6r\u00fc\u015fmek [&hellip;]<\/p>\n","protected":false},"author":1,"featured_media":3130,"comment_status":"closed","ping_status":"closed","sticky":false,"template":"","format":"standard","meta":{"footnotes":""},"categories":[7,39],"tags":[60],"class_list":["post-3129","post","type-post","status-publish","format-standard","has-post-thumbnail","hentry","category-gundem","category-haber","tag-cinayet"],"_links":{"self":[{"href":"https:\/\/avukatimtv.com\/index.php\/wp-json\/wp\/v2\/posts\/3129","targetHints":{"allow":["GET"]}}],"collection":[{"href":"https:\/\/avukatimtv.com\/index.php\/wp-json\/wp\/v2\/posts"}],"about":[{"href":"https:\/\/avukatimtv.com\/index.php\/wp-json\/wp\/v2\/types\/post"}],"author":[{"embeddable":true,"href":"https:\/\/avukatimtv.com\/index.php\/wp-json\/wp\/v2\/users\/1"}],"replies":[{"embeddable":true,"href":"https:\/\/avukatimtv.com\/index.php\/wp-json\/wp\/v2\/comments?post=3129"}],"version-history":[{"count":1,"href":"https:\/\/avukatimtv.com\/index.php\/wp-json\/wp\/v2\/posts\/3129\/revisions"}],"predecessor-version":[{"id":3131,"href":"https:\/\/avukatimtv.com\/index.php\/wp-json\/wp\/v2\/posts\/3129\/revisions\/3131"}],"wp:featuredmedia":[{"embeddable":true,"href":"https:\/\/avukatimtv.com\/index.php\/wp-json\/wp\/v2\/media\/3130"}],"wp:attachment":[{"href":"https:\/\/avukatimtv.com\/index.php\/wp-json\/wp\/v2\/media?parent=3129"}],"wp:term":[{"taxonomy":"category","embeddable":true,"href":"https:\/\/avukatimtv.com\/index.php\/wp-json\/wp\/v2\/categories?post=3129"},{"taxonomy":"post_tag","embeddable":true,"href":"https:\/\/avukatimtv.com\/index.php\/wp-json\/wp\/v2\/tags?post=3129"}],"curies":[{"name":"wp","href":"https:\/\/api.w.org\/{rel}","templated":true}]}}