{"id":3133,"date":"2025-11-05T18:49:22","date_gmt":"2025-11-05T15:49:22","guid":{"rendered":"https:\/\/avukatimtv.com\/?p=3133"},"modified":"2025-11-05T18:49:22","modified_gmt":"2025-11-05T15:49:22","slug":"gullunun-sorusturmasi-buyudukce-buyuyor-kizi-tugyana-soke-eden-sozler-gelirsen-kadese-basarim","status":"publish","type":"post","link":"https:\/\/avukatimtv.com\/index.php\/2025\/11\/05\/gullunun-sorusturmasi-buyudukce-buyuyor-kizi-tugyana-soke-eden-sozler-gelirsen-kadese-basarim\/","title":{"rendered":"G\u00fcll\u00fc&#8217;n\u00fcn soru\u015fturmas\u0131 b\u00fcy\u00fcd\u00fck\u00e7e b\u00fcy\u00fcyor! K\u0131z\u0131 Tu\u011fyan&#8217;a \u015foke eden s\u00f6zler: Gelirsen KADES&#8217;e basar\u0131m!"},"content":{"rendered":"<h2 class=\"rhd-article-spot\">6. kattaki evinin penceresinden d\u00fc\u015ferek hayat\u0131n\u0131 kaybeden sanat\u00e7\u0131\u00a0G\u00fcll\u00fc&#8217;n\u00fcn \u00f6l\u00fcm\u00fcyle ilgili soru\u015fturma devam ediyor. Annesini \u00f6ld\u00fcrme plan\u0131 yapt\u0131\u011f\u0131na dair yaz\u0131\u015fmalar\u0131 ortaya \u00e7\u0131kan G\u00fcll\u00fc\u2019n\u00fcn k\u0131z\u0131\u00a0Tu\u011fyan\u00a0\u00dclkem G\u00fclter, yeniden savc\u0131l\u0131\u011fa \u00e7a\u011fr\u0131ld\u0131. Gen\u00e7 kad\u0131n\u0131n ifadesinde s\u00f6yledi\u011fi s\u00f6zler ise \u015foke etti. \u0130\u015fte detaylar&#8230;<\/h2>\n<div class=\"date-font-tools\">\n<div class=\"rhd-category-box-row\"><img decoding=\"async\" src=\"https:\/\/image.posta.com.tr\/i\/posta\/75\/750x0\/690ad9b11462bbbda3a58d7b.jpg\" alt=\"G\u00fcll\u00fcn\u00fcn soru\u015fturmas\u0131 b\u00fcy\u00fcd\u00fck\u00e7e b\u00fcy\u00fcyor K\u0131z\u0131 Tu\u011fyana \u015foke eden s\u00f6zler: Gelirsen KADESe basar\u0131m\" \/><\/div>\n<\/div>\n<div><\/div>\n<div><\/div>\n<div>\n<section class=\"flex-col flex-col-left\" data-left-id=\"2929365_1\">\n<figure class=\"infinitegallery-picture-container \"><figcaption class=\"lower\">\n<div class=\"text-container \">\n<p>Arabesk m\u00fczi\u011finin unutulmaz isimlerinden G\u00fcll\u00fc, Yalova&#8217;daki evinin penceresinden d\u00fc\u015ferek hayat\u0131n\u0131 kaybetti. Sanat\u00e7\u0131n\u0131n \u00f6l\u00fcm\u00fc sevenlerini yasa bo\u011farken \u00e7ocuklar\u0131 hakk\u0131ndaki iddialar herkesi \u015fa\u015fk\u0131na \u00e7evirdi. \u015eark\u0131c\u0131n\u0131n k\u0131z\u0131\u00a0Tu\u011fyan\u00a0\u00dclkem G\u00fclter&#8217;in annesinin \u00f6lmesi i\u00e7in att\u0131\u011f\u0131 mesajlar ortaya \u00e7\u0131kt\u0131.<\/p>\n<\/div>\n<figure class=\"infinitegallery-picture-container \"><figcaption class=\"lower\">\n<div class=\"text-container \">\n<p>Annesini \u00f6ld\u00fcrme plan\u0131 yapt\u0131\u011f\u0131na dair yaz\u0131\u015fmalar\u0131 ortaya \u00e7\u0131kan G\u00fcll\u00fc&#8217;n\u00fcn k\u0131z\u0131 Tu\u011fyan \u00dclkem G\u00fclter, bir kez daha savc\u0131l\u0131\u011fa \u00e7a\u011fr\u0131l\u0131p\u00a0ifade\u00a0verdi. \u0130\u015fte \u015foke eden o s\u00f6zler&#8230;<\/p>\n<\/div>\n<\/figcaption><\/figure>\n<figure class=\"infinitegallery-picture-container \">\n<div class=\"upper check-in-view passed\" data-count=\"4\" data-count-total=\"17\">\n<div class=\"_picture\"><\/div>\n<\/div>\n<\/figure>\n<h2 class=\"title\">EVE GELME, SEN\u0130 \u0130STEM\u0130YORUM&#8217;<\/h2>\n<p>G\u00fcnayd\u0131n&#8217;dan Kerim Cengil&#8217;in haberine g\u00f6re; G\u00fclter, &#8220;Annemle kavga etti\u011fimiz d\u00f6nem duygusal bir an\u0131mda o mesajlar\u0131 dertle\u015fme maksad\u0131yla atm\u0131\u015ft\u0131m&#8221; dedi G\u00fclter ifadesinde &#8220;Annem kavgal\u0131 oldu\u011fumuz bir g\u00fcn beni arad\u0131. Alkol\u00fcn etkisiyle &#8216;Eve gelme, seni istemiyorum, gelirsen\u00a0KADES&#8217;e basar\u0131m, seni \u00f6ld\u00fcr\u00fcr\u00fcm&#8217; dedi. Bazen sinirle birbirimize b\u00f6yle s\u00f6zler sarf ederdik&#8221; dedi.<\/p>\n<p>&nbsp;<\/p>\n<\/figcaption><\/figure>\n<p><img decoding=\"async\" src=\"https:\/\/image.posta.com.tr\/i\/posta\/75\/750x0\/690ad9af1462bbbda3a58d77.jpg\" alt=\"HEP AYNI EVDE YA\u015eAMAYA DEVAM ETT\u0130K\" \/><\/p>\n<\/section>\n<h2 class=\"title\">&#8216;HEP AYNI EVDE YA\u015eAMAYA DEVAM ETT\u0130K&#8217;<\/h2>\n<p>G\u00fcll\u00fc&#8217;n\u00fcn \u00f6l\u00fcm\u00fcn ard\u0131ndan k\u0131z\u0131 Tu\u011fyan \u00dclkem G\u00fclter ile olay\u0131n ya\u015fand\u0131\u011f\u0131 gece evde olan Sultan Nur Ulu savc\u0131l\u0131\u011fa \u00e7a\u011fr\u0131larak yeniden ifade verdi. G\u00fcll\u00fc&#8217;n\u00fcn k\u0131z\u0131 \u015funlar\u0131 anlatt\u0131:<\/p>\n<p>&#8220;Annemle herhangi bir husumetim yok. Zaman zaman anne-k\u0131z tart\u0131\u015fmas\u0131 her evde oldu\u011fu gibi bizde de olurdu. Ama hep ayn\u0131 evde ya\u015famaya devam ettik. Bu duruma \u00e7evremiz de \u015fahittir.&#8221;<\/p>\n<\/div>\n<p>&nbsp;<\/p>\n<p><img decoding=\"async\" src=\"https:\/\/image.posta.com.tr\/i\/posta\/75\/750x0\/690ad9b11462bbbda3a58d7f.jpg\" alt=\"ANNEM S\u0130N\u0130RLEN\u0130NCE NE KONU\u015eTU\u011eUNU B\u0130LMEZD\u0130\" \/><\/p>\n<p>&nbsp;<\/p>\n<h2 class=\"title\">&#8216;ANNEM S\u0130N\u0130RLEN\u0130NCE NE KONU\u015eTU\u011eUNU B\u0130LMEZD\u0130&#8217;<\/h2>\n<p>&#8220;Biz annemle ara ara tart\u0131\u015ft\u0131\u011f\u0131m\u0131zda sinirle birbirimize bu t\u00fcr laflar ederdik. Annem \u00f6zellikle alkol al\u0131nca sinirlenen biriydi. Sinirlenince de ne konu\u015ftu\u011funu bilmezdi. \u0130ncitici veya tehdit i\u00e7eren s\u00f6zler s\u00f6yleyince ben de sinirlenirdim. &#8216;Annemi \u00f6ld\u00fcrece\u011fim, kendimi de \u00f6ld\u00fcrece\u011fim&#8217; tarz\u0131 mesajlar\u0131 bir arkada\u015f\u0131ma duygusal an\u0131mda dertle\u015fmek maksad\u0131yla att\u0131m.&#8221;<\/p>\n<p>&nbsp;<\/p>\n<p><img decoding=\"async\" src=\"https:\/\/image.posta.com.tr\/i\/posta\/75\/750x0\/690ad9b11462bbbda3a58d81.jpg\" alt=\"\u0130\u015eKENCE \u0130DD\u0130ALARI ASILSIZ\" \/><\/p>\n<p>&nbsp;<\/p>\n<h2 class=\"title\">&#8216;\u0130\u015eKENCE \u0130DD\u0130ALARI ASILSIZ&#8217;<\/h2>\n<p>&#8220;Annemin; benim ve karde\u015fim taraf\u0131ndan i\u015fkence g\u00f6rd\u00fc\u011f\u00fc iddialar\u0131 as\u0131ls\u0131z&#8230; O gece annem \u00e7ok alkoll\u00fcyd\u00fc. Bizim oldu\u011fumuz odaya geldi, biz oynuyorduk. Annem de bizimle oynamaya ba\u015flad\u0131. Ben gard\u0131robun yan\u0131nda arkam cama d\u00f6n\u00fck \u015fekilde oynarken g\u00fcm diye bir ses duydum. Arkam\u0131 d\u00f6n\u00fcp cama do\u011fru bakt\u0131\u011f\u0131mda annem d\u00fc\u015fm\u00fc\u015ft\u00fc.&#8221;<\/p>\n<p>&nbsp;<\/p>\n<p><img decoding=\"async\" src=\"https:\/\/image.posta.com.tr\/i\/posta\/75\/750x0\/690ad9b11462bbbda3a58d85.jpg\" alt=\"ANNE-KIZ BAZEN ATI\u015eIRDI AMA.... \u00d6YLE KONU\u015eMADIK\" \/><\/p>\n<p>&nbsp;<\/p>\n<h2 class=\"title\">&#8216;ANNE-KIZ BAZEN ATI\u015eIRDI AMA&#8230;. \u00d6YLE KONU\u015eMADIK&#8217;<\/h2>\n<p>G\u00fcll\u00fc&#8217;nun manevi k\u0131z\u0131 Sultan Nur Ulu ise ifadesinde \u015funlar\u0131 s\u00f6yledi:<\/p>\n<p>&#8220;Son d\u00f6nemde G\u00fcll\u00fc annenin de iste\u011fiyle onlarda kal\u0131yordum. K\u0131z\u0131 ile annesi bazen at\u0131\u015f\u0131rlard\u0131 ama ben b\u00fcy\u00fck bir kavgalar\u0131na \u015fahit olmad\u0131m. \u00dclkem&#8217;in &#8216;Annemi \u00f6ld\u00fcrece\u011fim&#8217; gibi s\u00f6zlerini hi\u00e7 duymad\u0131m. Biz \u015faka dahi olsa camdan atlayal\u0131m veya atal\u0131m gibi bir laf s\u00f6ylemedik.&#8221;<\/p>\n<p>&nbsp;<\/p>\n<p><img decoding=\"async\" src=\"https:\/\/image.posta.com.tr\/i\/posta\/75\/750x0\/690ad9af1462bbbda3a58d75.jpg\" alt=\"G\u00fcll\u00fcn\u00fcn soru\u015fturmas\u0131 b\u00fcy\u00fcd\u00fck\u00e7e b\u00fcy\u00fcyor K\u0131z\u0131 Tu\u011fyana \u015foke eden s\u00f6zler: Gelirsen KADESe basar\u0131m\" \/><\/p>\n<figure class=\"infinitegallery-picture-container \"><figcaption class=\"lower\">\n<div class=\"text-container \">\n<p>Arabesk m\u00fczi\u011finin sevilen ismi G\u00fcll\u00fc&#8217;n\u00fcn \u00f6l\u00fcm\u00fc \u00fczerinden uzun s\u00fcredir g\u00fcndemde olan k\u0131z\u0131 Tu\u011fyan \u00dclkem G\u00fclter, sosyal medya hesab\u0131ndan yapt\u0131\u011f\u0131 payla\u015f\u0131mla dikkatleri \u00fczerine \u00e7ekti.<\/p>\n<\/div>\n<\/figcaption><\/figure>\n<div class=\"_picture\"><img decoding=\"async\" src=\"https:\/\/image.posta.com.tr\/i\/posta\/75\/750x0\/690ad9b11462bbbda3a58d83.jpg\" alt=\"G\u0130DENE M\u0130 YANAYIM, KALANA MI ANNE\" \/><\/div>\n<div><\/div>\n<div>\n<h2 class=\"title\">&#8216;G\u0130DENE M\u0130 YANAYIM, KALANA MI ANNE?&#8217;<\/h2>\n<p>Tu\u011fyan \u00dclkem G\u00fclter annesiyle olan bir foto\u011fraf\u0131n\u0131 payla\u015farak, &#8220;Gidene mi yanay\u0131m, kalana m\u0131 anne? Ben de annemin yavrusuydum&#8221; notunu d\u00fc\u015ft\u00fc.<\/p>\n<\/div>\n<p><img decoding=\"async\" src=\"https:\/\/image.posta.com.tr\/i\/posta\/75\/750x0\/690ad9af1462bbbda3a58d71.jpg\" alt=\"G\u00fcll\u00fcn\u00fcn soru\u015fturmas\u0131 b\u00fcy\u00fcd\u00fck\u00e7e b\u00fcy\u00fcyor K\u0131z\u0131 Tu\u011fyana \u015foke eden s\u00f6zler: Gelirsen KADESe basar\u0131m\" \/><\/p>\n<p>&nbsp;<\/p>\n<p>\u00d6te yandan G\u00fcll\u00fc&#8217;n\u00fcn \u00f6l\u00fcm\u00fcyle ilgili Bircan D\u00fclger&#8217;in, G\u00fcll\u00fc&#8217;n\u00fcn k\u0131z\u0131 Tu\u011fyan \u00dclkem G\u00fclter&#8217;i su\u00e7layan ifadesinin ard\u0131ndan, ba\u015fka bir tan\u0131k olan \u00c7a\u011fr\u0131 Kutlu&#8217;nun ifadesine de G\u00fcnayd\u0131n ula\u015fm\u0131\u015ft\u0131. \u0130\u015fte Kutlu&#8217;nun anlatt\u0131klar\u0131:<\/p>\n<p>&#8220;Tu\u011fyan&#8217;\u0131 Bircan vas\u0131tas\u0131yla tan\u0131d\u0131m. Bircan evime temizli\u011fe gelirdi, daha sonra aram\u0131zda abi karde\u015f ili\u015fkisi olu\u015ftu. Tu\u011fyan&#8217;la da yakla\u015f\u0131k 1 y\u0131l \u00f6nce tan\u0131\u015ft\u0131m, bana problemlerini anlat\u0131rd\u0131, \u00e7ocu\u011fu oldu\u011funu, \u00e7ocu\u011funun babas\u0131n\u0131n uyu\u015fturucu ticaretinden cezaevinde bulundu\u011funu s\u00f6ylemi\u015fti. Bana asla uyu\u015fturucu madde kullanmad\u0131\u011f\u0131n\u0131 s\u00f6yledi ancak sonras\u0131nda kulland\u0131\u011f\u0131n\u0131 hem duydum hem de \u015fahit oldum.&#8221;<\/p>\n<p>&nbsp;<\/p>\n<p>&nbsp;<\/p>\n<p><img decoding=\"async\" src=\"https:\/\/image.posta.com.tr\/i\/posta\/75\/750x0\/690ad9ae1462bbbda3a58d6d.jpg\" alt=\"AB\u0130 BEN KAT\u0130L OLACA\u011eIM\" \/><\/p>\n<p>&nbsp;<\/p>\n<h2 class=\"title\">&#8216;AB\u0130 BEN KAT\u0130L OLACA\u011eIM&#8217;<\/h2>\n<p>&#8220;Yakla\u015f\u0131k 7 ay \u00f6nce sahilde Tu\u011fyan&#8217;la otururken G\u00fcll\u00fc yan\u0131m\u0131za geldi. G\u00fcl ablayla o \u015fekilde tan\u0131\u015ft\u0131k, bana \u00e7ocuklar\u0131n\u0131n kendisini hi\u00e7 dinlemedi\u011fini s\u00f6yledi. Nisan ay\u0131nda Tu\u011fyan beni aray\u0131p annesini \u015fikayet etti, &#8220;Abi ben katil olaca\u011f\u0131m, kendisi her b.ku yiyor, hayat\u0131ma m\u00fcdahale ediyor, ben bunu \u00f6ld\u00fcrece\u011fim&#8221; dedi. Tu\u011fyan&#8217;\u0131n Kervan isminde evli \u00e7ocuklu bir sevgilisi vard\u0131, G\u00fcl abla Kervan&#8217;la g\u00f6r\u00fc\u015fmesini istemiyordu. Ben telefonda Tu\u011fyan&#8217;\u0131 sakinle\u015ftirdim. Sonras\u0131nda beni Bircan arad\u0131, &#8220;Ben Armutlu&#8217;day\u0131m Tu\u011fyan&#8217;a yeti\u015femem sen sakinle\u015ftir&#8221; dedi. 6-7 saat sonra Tu\u011fyan yan\u0131ma geldi, &#8220;\u00c7ocu\u011fumu, annemi \u00f6ld\u00fcrece\u011fim, evde 2 milyonluk alt\u0131n var, onu satsam beni idare etmez&#8221; \u015feklinde s\u00f6ylemlerde bulundu.<\/p>\n<p>&nbsp;<\/p>\n<p>&nbsp;<\/p>\n<p><img decoding=\"async\" src=\"https:\/\/image.posta.com.tr\/i\/posta\/75\/750x0\/690ad9af1462bbbda3a58d73.jpg\" alt=\"G\u00fcll\u00fcn\u00fcn soru\u015fturmas\u0131 b\u00fcy\u00fcd\u00fck\u00e7e b\u00fcy\u00fcyor K\u0131z\u0131 Tu\u011fyana \u015foke eden s\u00f6zler: Gelirsen KADESe basar\u0131m\" \/><\/p>\n<p>&nbsp;<\/p>\n<p>&#8220;May\u0131s ay\u0131nda Tu\u011fyan benden para istedi. Paray\u0131 al\u0131p Tekirda\u011f&#8217;a gitti, orada konsomatrislik yapm\u0131\u015f, kendisi s\u00f6yledi. Haziran&#8217;da pet \u015fi\u015feyle evime geldi, \u015fi\u015fenin i\u00e7inde madde vard\u0131. Annesi i\u00e7in &#8220;Bu kad\u0131n \u00f6lecek. Ben annemle dost olup sonra onu \u00f6ld\u00fcrece\u011fim&#8221; dedi.<\/p>\n<p>&#8220;Tu\u011fyan \u00e7ok fazla kumar oynard\u0131. Hatta G\u00fcl Han\u0131m&#8217;\u0131 da kumara al\u0131\u015ft\u0131rm\u0131\u015ft\u0131. G\u00fcl Han\u0131m internet bankac\u0131l\u0131\u011f\u0131ndan anlamad\u0131\u011f\u0131 i\u00e7in o hususlarda Tu\u011fyan ve Deniz ilgilenirdi. Tu\u011fyan annesine yat\u0131raca\u011f\u0131 miktarlar\u0131 farkl\u0131 s\u00f6yleyip kalan miktarlar\u0131 kendine al\u0131rd\u0131. Annesiyle aras\u0131nda kumar mevzusundan ve Kervan isimli \u015fah\u0131s y\u00fcz\u00fcnden hep tart\u0131\u015fmalar \u00e7\u0131kard\u0131. Bana defalarca annesini \u00f6ld\u00fcrece\u011fini s\u00f6ylemi\u015fti. Hatta k\u0131z\u0131n\u0131n bak\u0131c\u0131s\u0131n\u0131n o\u011flu olan Osman&#8217;dan benim yan\u0131mda silah bulmas\u0131n\u0131 istemi\u015fti. Silah\u0131 ne i\u00e7in kullanaca\u011f\u0131n\u0131 s\u00f6ylemedi, annesi i\u00e7in istedi\u011fini d\u00fc\u015f\u00fcn\u00fcyorum.&#8221;<\/p>\n<p>&nbsp;<\/p>\n<p><img decoding=\"async\" src=\"https:\/\/image.posta.com.tr\/i\/posta\/75\/750x0\/690ad9b11462bbbda3a58d79.jpg\" alt=\"G\u00fcll\u00fcn\u00fcn soru\u015fturmas\u0131 b\u00fcy\u00fcd\u00fck\u00e7e b\u00fcy\u00fcyor K\u0131z\u0131 Tu\u011fyana \u015foke eden s\u00f6zler: Gelirsen KADESe basar\u0131m\" \/><\/p>\n<p>&nbsp;<\/p>\n<p>&#8220;G\u00fcll\u00fc&#8217;n\u00fcn \u00f6ld\u00fc\u011f\u00fc tarihte Adana&#8217;dayd\u0131m. Daha sonra K\u0131br\u0131s&#8217;a ge\u00e7tim. K\u0131br\u0131s&#8217;tayken Bircan&#8217;\u0131n o\u011flu Emre beni arayarak &#8220;Day\u0131 bir \u015feyler oluyor, annem \u00e7ok tela\u015fl\u0131, Tu\u011fyan ve Sultan annemi tehdit ediyor&#8221; dedi. Bircan da, benim G\u00fcll\u00fc&#8217;n\u00fcn \u00e7\u0131kt\u0131\u011f\u0131 mekan\u0131n sahibi Ferdi Bey&#8217;le o tarihlerde ileti\u015fim halinde oldu\u011fumu zannediyormu\u015f. Bunlar\u0131 duyunca internetten Ferdi Bey&#8217;in menajerine ula\u015ft\u0131m, bildiklerimi Ferdi Bey&#8217;e anlatt\u0131m. Ferdi Bey konu\u015fmam i\u00e7in bana asla para teklifinde bulunmad\u0131, aksine ben ileti\u015fime ge\u00e7tim.&#8221;<\/p>\n<p>&#8220;Ben Tu\u011fyan&#8217;\u0131n ka\u00e7aca\u011f\u0131ndan eminim, olay\u0131n ayd\u0131nlat\u0131lmas\u0131n\u0131 istiyorum. Tu\u011fyan&#8217;\u0131n arkada\u015f\u0131 Sultan \u00e7ok saf bir k\u0131zd\u0131r, Tu\u011fyan&#8217;\u0131n o k\u0131z\u0131n \u00fczerine su\u00e7 atabilece\u011fini d\u00fc\u015f\u00fcn\u00fcyorum.&#8221;<\/p>\n<p>&nbsp;<\/p>\n<p><img decoding=\"async\" src=\"https:\/\/image.posta.com.tr\/i\/posta\/75\/750x0\/690adcf21462bbbda3a58d8e.jpg\" alt=\"BEN\u0130 TU\u011eYANDAN KURTAR DED\u0130\" \/><\/p>\n<p>&nbsp;<\/p>\n<p>&nbsp;<\/p>\n<h2 class=\"title\">&#8216;BEN\u0130 TU\u011eYAN&#8217;DAN KURTAR&#8217; DED\u0130&#8217;<\/h2>\n<p>&#8220;Bir g\u00fcn Tu\u011fyan beni whatsapptan arayarak &#8220;Beni sak\u0131n arama, burada Bur\u00e7e G\u00fclhan G\u00f6zeler isimli avukat beni Irak&#8217;tan biriyle tan\u0131\u015ft\u0131rd\u0131. Adam zengin, evli ancak ben paras\u0131n\u0131 yiyece\u011fim, \u00e7ok k\u0131skan\u00e7 sak\u0131n beni arama&#8221; dedi. Kast etti\u011fi ki\u015fi Kervan isimli \u015fah\u0131sm\u0131\u015f. Kervan Yalova&#8217;da kuyumcu olarak g\u00f6r\u00fcn\u00fcr ancak asl\u0131nda ka\u00e7ak\u00e7\u0131. Kervan&#8217;la ben de tan\u0131\u015ft\u0131m, bana Tu\u011fyan i\u00e7in &#8220;Beni bundan kurtar\u0131n, bu kadar\u0131n\u0131 istemiyorum&#8221; demi\u015fti. Ancak Tu\u011fyan bize hep annesinin Kervan&#8217;\u0131 istemedi\u011fi i\u00e7in birlikte olamad\u0131klar\u0131n\u0131 s\u00f6ylemi\u015fti.&#8221;<\/p>\n<p>&nbsp;<\/p>\n<p><img decoding=\"async\" src=\"https:\/\/image.posta.com.tr\/i\/posta\/75\/750x0\/690adcf21462bbbda3a58d8c.jpg\" alt=\"OLAYIN KAZA OLDU\u011eUNA \u0130NANMIYORUM\" \/><\/p>\n<p>&nbsp;<\/p>\n<p>&nbsp;<\/p>\n<h2 class=\"title\">&#8216;OLAYIN KAZA OLDU\u011eUNA \u0130NANMIYORUM&#8217;<\/h2>\n<p>&#8220;Tu\u011fyan&#8217;\u0131n hep annesini \u00f6ld\u00fcrme d\u00fc\u015f\u00fcncesi vard\u0131. 2 g\u00fcn \u00f6nce Tu\u011fyan beni arayarak &#8220;Ben sana annemi \u00f6ld\u00fcrece\u011fimi s\u00f6yledim ama hi\u00e7 b\u00f6yle bir \u015fey yapt\u0131m m\u0131, annemi \u00f6ld\u00fcrsem burada m\u0131 dururdum, ka\u00e7ard\u0131m, b\u00f6yle bir imkan\u0131m vard\u0131&#8221; dedi. Beni konu\u015fmamam i\u00e7in arad\u0131.&#8221;<\/p>\n<p>&#8220;Ben bu olay\u0131n kaza oldu\u011funa inanm\u0131yorum. Bunlar\u0131n Samsun&#8217;da Sultan isimli bir arkada\u015flar\u0131 daha var, t\u00fcm telefon konu\u015fmalar\u0131n\u0131 o \u015fah\u0131s \u00fczerinden yap\u0131yorlar. Bur\u00e7e Han\u0131m&#8217;la da s\u00fcrekli g\u00f6r\u00fc\u015f\u00fcyorlar, hatta Tu\u011fyan&#8217;lara hat ayarlam\u0131\u015f, hatla erkek arkada\u015f\u0131 konum takibi yap\u0131yormu\u015f.&#8221;<\/p>\n<p>&nbsp;<\/p>\n<p><img decoding=\"async\" src=\"https:\/\/image.posta.com.tr\/i\/posta\/75\/750x0\/690adcf21462bbbda3a58d8a.jpg\" alt=\"G\u00fcll\u00fcn\u00fcn soru\u015fturmas\u0131 b\u00fcy\u00fcd\u00fck\u00e7e b\u00fcy\u00fcyor K\u0131z\u0131 Tu\u011fyana \u015foke eden s\u00f6zler: Gelirsen KADESe basar\u0131m\" \/><\/p>\n<p>&nbsp;<\/p>\n<p>\u00d6te yandan tan\u0131k olarak ifade veren Tu\u011fyan \u00dclkem G\u00fclter&#8217;in yak\u0131n arkada\u015f\u0131 Bircan D\u00fclger, Tu\u011fyan&#8217;\u0131n y\u0131llar \u00f6nce annesini mutfak \u00f6nl\u00fc\u011f\u00fcyle ba\u011flad\u0131\u011f\u0131n\u0131, Erkek arkada\u015f\u0131 i\u00e7in annesini d\u00f6vd\u00fc\u011f\u00fcn\u00fc, annesinin arabas\u0131n\u0131n frenlerini kesmekle tehdit etti\u011fini ve b\u0131\u00e7akla kendine zarar verdi\u011fini anlatm\u0131\u015ft\u0131. \u0130fadesinde \u00e7ok \u00e7arp\u0131c\u0131 anlat\u0131mlarda bulunan Bircan D\u00fclger, Tu\u011fyan&#8217;\u0131n annesiyle sevgilisi Kervan y\u00fcz\u00fcnden s\u00fcrekli gerilim ya\u015fad\u0131\u011f\u0131n\u0131, annesiyle olan mesajlar\u0131 sildi\u011fini ve olay\u0131n ard\u0131ndan kendisini, &#8220;Beni kim yakarsa ben de onu yakar\u0131m&#8221; s\u00f6zleriyle tehdit etti\u011fini s\u00f6yledi. G\u00fcll\u00fc&#8217;n\u00fcn d\u00fc\u015fmesinin bir kaza olmad\u0131\u011f\u0131n\u0131 \u00f6ne s\u00fcren D\u00fclger, G\u00fcll\u00fc&#8217;n\u00fcn Tu\u011fyan taraf\u0131ndan itildi\u011fini s\u00f6yledi. Sanat\u00e7\u0131n\u0131n patronu Ferdi Ayd\u0131n da G\u00fcll\u00fc&#8217;n\u00fcn olaydan \u00f6nce k\u0131z\u0131ndan korktu\u011funu ve &#8220;Ben \u00f6l\u00fcrsem k\u0131z\u0131m yapm\u0131\u015ft\u0131r&#8221; dedi\u011fini belirtti. Ayr\u0131ca, G\u00fcll\u00fc&#8217;n\u00fcn o\u011flu Emre&#8217;nin olay sonras\u0131 kasadaki alt\u0131nlar\u0131 alarak evi toplad\u0131\u011f\u0131n\u0131 iddia etti.<\/p>\n","protected":false},"excerpt":{"rendered":"<p>6. kattaki evinin penceresinden d\u00fc\u015ferek hayat\u0131n\u0131 kaybeden sanat\u00e7\u0131\u00a0G\u00fcll\u00fc&#8217;n\u00fcn \u00f6l\u00fcm\u00fcyle ilgili soru\u015fturma devam ediyor. Annesini \u00f6ld\u00fcrme plan\u0131 yapt\u0131\u011f\u0131na dair yaz\u0131\u015fmalar\u0131 ortaya \u00e7\u0131kan G\u00fcll\u00fc\u2019n\u00fcn k\u0131z\u0131\u00a0Tu\u011fyan\u00a0\u00dclkem G\u00fclter, yeniden savc\u0131l\u0131\u011fa \u00e7a\u011fr\u0131ld\u0131. Gen\u00e7 kad\u0131n\u0131n ifadesinde s\u00f6yledi\u011fi s\u00f6zler ise \u015foke etti. \u0130\u015fte detaylar&#8230; Arabesk m\u00fczi\u011finin unutulmaz isimlerinden G\u00fcll\u00fc, Yalova&#8217;daki evinin penceresinden d\u00fc\u015ferek hayat\u0131n\u0131 kaybetti. Sanat\u00e7\u0131n\u0131n \u00f6l\u00fcm\u00fc sevenlerini yasa bo\u011farken \u00e7ocuklar\u0131 hakk\u0131ndaki [&hellip;]<\/p>\n","protected":false},"author":1,"featured_media":3134,"comment_status":"closed","ping_status":"closed","sticky":false,"template":"","format":"standard","meta":{"footnotes":""},"categories":[7,39],"tags":[60,67,542,563],"class_list":["post-3133","post","type-post","status-publish","format-standard","has-post-thumbnail","hentry","category-gundem","category-haber","tag-cinayet","tag-sorusturma","tag-gullu","tag-sanatci"],"_links":{"self":[{"href":"https:\/\/avukatimtv.com\/index.php\/wp-json\/wp\/v2\/posts\/3133","targetHints":{"allow":["GET"]}}],"collection":[{"href":"https:\/\/avukatimtv.com\/index.php\/wp-json\/wp\/v2\/posts"}],"about":[{"href":"https:\/\/avukatimtv.com\/index.php\/wp-json\/wp\/v2\/types\/post"}],"author":[{"embeddable":true,"href":"https:\/\/avukatimtv.com\/index.php\/wp-json\/wp\/v2\/users\/1"}],"replies":[{"embeddable":true,"href":"https:\/\/avukatimtv.com\/index.php\/wp-json\/wp\/v2\/comments?post=3133"}],"version-history":[{"count":1,"href":"https:\/\/avukatimtv.com\/index.php\/wp-json\/wp\/v2\/posts\/3133\/revisions"}],"predecessor-version":[{"id":3135,"href":"https:\/\/avukatimtv.com\/index.php\/wp-json\/wp\/v2\/posts\/3133\/revisions\/3135"}],"wp:featuredmedia":[{"embeddable":true,"href":"https:\/\/avukatimtv.com\/index.php\/wp-json\/wp\/v2\/media\/3134"}],"wp:attachment":[{"href":"https:\/\/avukatimtv.com\/index.php\/wp-json\/wp\/v2\/media?parent=3133"}],"wp:term":[{"taxonomy":"category","embeddable":true,"href":"https:\/\/avukatimtv.com\/index.php\/wp-json\/wp\/v2\/categories?post=3133"},{"taxonomy":"post_tag","embeddable":true,"href":"https:\/\/avukatimtv.com\/index.php\/wp-json\/wp\/v2\/tags?post=3133"}],"curies":[{"name":"wp","href":"https:\/\/api.w.org\/{rel}","templated":true}]}}