{"id":3140,"date":"2025-11-05T19:35:54","date_gmt":"2025-11-05T16:35:54","guid":{"rendered":"https:\/\/avukatimtv.com\/?p=3140"},"modified":"2025-11-05T19:35:54","modified_gmt":"2025-11-05T16:35:54","slug":"erzurumda-kadin-cinayeti-cezaevinden-cikti-nermin-tiriti-oldurdu","status":"publish","type":"post","link":"https:\/\/avukatimtv.com\/index.php\/2025\/11\/05\/erzurumda-kadin-cinayeti-cezaevinden-cikti-nermin-tiriti-oldurdu\/","title":{"rendered":"Erzurum&#8217;da kad\u0131n cinayeti: Cezaevinden \u00e7\u0131kt\u0131, Nermin Tirit&#8217;i \u00f6ld\u00fcrd\u00fc"},"content":{"rendered":"<div class=\"w-full mt-1\">\n<div class=\"info-text-card w-full text-primary mb-4\">\n<h2 class=\"text-size-20 md:text-size-24 text-black font-semibold leading-tight\">Erzurum&#8217;da Nermin Tirit isimli kad\u0131na \u015fiddet ve \u00f6ld\u00fcrmeye te\u015febb\u00fcs su\u00e7lamas\u0131yla tutuklanan Salih Aybas isimli adam, cezaevinden \u00e7\u0131kt\u0131ktan birka\u00e7 g\u00fcn sonra Tirit&#8217;i sokak ortas\u0131nda \u00f6ld\u00fcrd\u00fc.<\/h2>\n<\/div>\n<\/div>\n<div class=\"w-full flex flex-col my-2.5\">\n<div class=\"flex flex-col bg-creme-light mb-4 pb-4\" data-imageindex=\"1\">\n<p>Kad\u0131n cinayetlerine bir yenisi daha eklendi.<\/p>\n<p>Cinayetin adresi bu kez Erzurum.<\/p>\n<p>Olay, sabah erken saatlerde Yakutiye il\u00e7esindeki \u00d6mer Nasuhi Bilmen Mahallesi&#8217;nde ya\u015fand\u0131.<\/p>\n<\/div>\n<p><img decoding=\"async\" src=\"https:\/\/images.ntv.com.tr\/images\/2db15c74-51c0-4a97-b307-f66ac56b8aba.jpg?width=880&amp;format=webp\" alt=\"Erzurum'da kad\u0131n cinayeti: Cezaevinden \u00e7\u0131kt\u0131, Nermin Tirit'i \u00f6ld\u00fcrd\u00fc 1\" \/><\/p>\n<\/div>\n<p>Salih Aybas, kovalad\u0131\u011f\u0131 Nermin Tirit&#8217;i oturdu\u011fu sitenin bah\u00e7esinde tabancayla vurduktan sonra kendi ba\u015f\u0131na ate\u015f etti.<\/p>\n<p>\u0130hbarla olay yerine \u00e7ok say\u0131da polis ve sa\u011fl\u0131k ekibi sevk edildi.<\/p>\n<p>&nbsp;<\/p>\n<p><img decoding=\"async\" src=\"https:\/\/images.ntv.com.tr\/images\/f192c76a-913c-4f57-a3b8-aea8e3920618.jpg?width=880&amp;format=webp\" alt=\"Erzurum'da kad\u0131n cinayeti: Cezaevinden \u00e7\u0131kt\u0131, Nermin Tirit'i \u00f6ld\u00fcrd\u00fc 2\" \/><\/p>\n<p>&nbsp;<\/p>\n<p>Sa\u011fl\u0131k ekiplerinin incelemesinde, Aybas ile Tirit&#8217;in olay yerinde ya\u015fam\u0131n\u0131 yitirdi\u011fi belirlendi.<\/p>\n<p>\u0130nceleme sonras\u0131 Tirit ve Aybas&#8217;\u0131n cans\u0131z bedenleri Erzurum Adli T\u0131p Kurumu morguna kald\u0131r\u0131ld\u0131.<\/p>\n<p>&nbsp;<\/p>\n<p><img decoding=\"async\" src=\"https:\/\/images.ntv.com.tr\/images\/82f0fc2c-e2c7-4278-bb50-d5009cf3a1ef.jpg?width=880&amp;format=webp\" alt=\"22 EK\u0130M'DE TAHL\u0130YE OLDU, 3 KASIM'DA \u00d6LD\u00dcRD\u00dc 3\" \/><\/p>\n<p>&nbsp;<\/p>\n<h2 class=\"text-size-20 md:text-size-24 px-2.5 mt-2 text-black font-bold pt-2\">22 EK\u0130M&#8217;DE TAHL\u0130YE OLDU, 3 KASIM&#8217;DA \u00d6LD\u00dcRD\u00dc<\/h2>\n<div class=\"text-size-18 md:text-size-20 p-3 pb-1 font-medium text-black ck ck-content break-words leading-normal\">Nermin Tirit&#8217;in Erzurum Teknik \u00dcniversitesi&#8217;nde temizlik i\u015f\u00e7isi olarak \u00e7al\u0131\u015ft\u0131\u011f\u0131, Salih Aybas&#8217;\u0131n da Nermin Tirit&#8217;e y\u00f6nelik eylemleri nedeniyle 2023 y\u0131l\u0131nda kad\u0131na y\u00f6nelik \u015fiddet, kasten \u00f6ld\u00fcrmeye te\u015febb\u00fcs ve tehdit su\u00e7lar\u0131ndan cezaevine girdi\u011fi ve 22 Ekim&#8217;de tahliye oldu\u011fu \u00f6\u011frenildi.<\/div>\n<div><\/div>\n<div><img decoding=\"async\" src=\"https:\/\/images.ntv.com.tr\/images\/48f79b31-ebe4-49a8-a018-8ba78cea0bbb.jpg?width=880&amp;format=webp\" alt=\"CUMHUR\u0130YET BA\u015eSAVCILI\u011eINDAN A\u00c7IKLAMA 4\" \/><\/div>\n<div><\/div>\n<div>\n<h2 class=\"text-size-20 md:text-size-24 px-2.5 mt-2 text-black font-bold pt-2\">CUMHUR\u0130YET BA\u015eSAVCILI\u011eINDAN A\u00c7IKLAMA<\/h2>\n<div class=\"text-size-18 md:text-size-20 p-3 pb-1 font-medium text-black ck ck-content break-words leading-normal\">\n<p>Erzurum Cumhuriyet Ba\u015fsavc\u0131l\u0131\u011f\u0131n a\u00e7\u0131klamas\u0131nda, bug\u00fcn \u00d6mer Nasuhi Bilmen Mahallesi&#8217;nde kasten \u00f6ld\u00fcrme ve intihar olay\u0131na ili\u015fkin baz\u0131 bas\u0131n yay\u0131n organlar\u0131ndaki payla\u015f\u0131mlar nedeniyle, kamuoyunu do\u011fru bilgilendirme amac\u0131yla a\u00e7\u0131klama yap\u0131lmas\u0131na ihtiya\u00e7 duyuldu\u011fu belirtildi.<\/p>\n<p>Olay\u0131n ard\u0131ndan soru\u015fturma ba\u015flat\u0131ld\u0131\u011f\u0131 ifade edilen a\u00e7\u0131klamada, \u015funlar kaydedildi:<\/p>\n<p>\u201c(Cinayet zanl\u0131s\u0131) S.A&#8217;n\u0131n izne ayr\u0131ld\u0131\u011f\u0131 bilgisinin ilgili ceza infaz kurumu taraf\u0131ndan Cumhuriyet Ba\u015fsavc\u0131l\u0131\u011f\u0131m\u0131z ve Aile ve Sosyal Hizmetler \u0130l M\u00fcd\u00fcrl\u00fc\u011f\u00fcne, ayr\u0131ca kolluk birimleri taraf\u0131ndan 22 Ekim\u2019de maktul N.T&#8217;ye bildirildi\u011fi, N.T&#8217;nin herhangi bir tedbir talebinin bulunmad\u0131\u011f\u0131n\u0131 kolluk birimlerine iletti\u011fi, S.A&#8217;n\u0131n bug\u00fcn saat 10.00&#8217;da ceza infaz kurumuna teslim olmas\u0131 gerekti\u011fi ancak saat 07.30 s\u0131ralar\u0131nda at\u0131l\u0131 su\u00e7u i\u015fledi\u011fi olay yeri incelemesi ve kamera g\u00f6r\u00fcnt\u00fclerinden tespit edilmi\u015ftir&#8221;<\/p>\n<\/div>\n<p><img decoding=\"async\" src=\"https:\/\/images.ntv.com.tr\/images\/d7eb2e3d-120c-499a-82d6-bc4a4a3b3fd8.jpg?width=880&amp;format=webp\" alt=\"Erzurum'da kad\u0131n cinayeti: Cezaevinden \u00e7\u0131kt\u0131, Nermin Tirit'i \u00f6ld\u00fcrd\u00fc 5\" \/><\/p>\n<\/div>\n<p>&nbsp;<\/p>\n","protected":false},"excerpt":{"rendered":"<p>Erzurum&#8217;da Nermin Tirit isimli kad\u0131na \u015fiddet ve \u00f6ld\u00fcrmeye te\u015febb\u00fcs su\u00e7lamas\u0131yla tutuklanan Salih Aybas isimli adam, cezaevinden \u00e7\u0131kt\u0131ktan birka\u00e7 g\u00fcn sonra Tirit&#8217;i sokak ortas\u0131nda \u00f6ld\u00fcrd\u00fc. Kad\u0131n cinayetlerine bir yenisi daha eklendi. Cinayetin adresi bu kez Erzurum. Olay, sabah erken saatlerde Yakutiye il\u00e7esindeki \u00d6mer Nasuhi Bilmen Mahallesi&#8217;nde ya\u015fand\u0131. Salih Aybas, kovalad\u0131\u011f\u0131 Nermin Tirit&#8217;i oturdu\u011fu sitenin bah\u00e7esinde tabancayla [&hellip;]<\/p>\n","protected":false},"author":1,"featured_media":3141,"comment_status":"closed","ping_status":"closed","sticky":false,"template":"","format":"standard","meta":{"footnotes":""},"categories":[7,39],"tags":[132,403],"class_list":["post-3140","post","type-post","status-publish","format-standard","has-post-thumbnail","hentry","category-gundem","category-haber","tag-cezaevi","tag-erzurum"],"_links":{"self":[{"href":"https:\/\/avukatimtv.com\/index.php\/wp-json\/wp\/v2\/posts\/3140","targetHints":{"allow":["GET"]}}],"collection":[{"href":"https:\/\/avukatimtv.com\/index.php\/wp-json\/wp\/v2\/posts"}],"about":[{"href":"https:\/\/avukatimtv.com\/index.php\/wp-json\/wp\/v2\/types\/post"}],"author":[{"embeddable":true,"href":"https:\/\/avukatimtv.com\/index.php\/wp-json\/wp\/v2\/users\/1"}],"replies":[{"embeddable":true,"href":"https:\/\/avukatimtv.com\/index.php\/wp-json\/wp\/v2\/comments?post=3140"}],"version-history":[{"count":1,"href":"https:\/\/avukatimtv.com\/index.php\/wp-json\/wp\/v2\/posts\/3140\/revisions"}],"predecessor-version":[{"id":3142,"href":"https:\/\/avukatimtv.com\/index.php\/wp-json\/wp\/v2\/posts\/3140\/revisions\/3142"}],"wp:featuredmedia":[{"embeddable":true,"href":"https:\/\/avukatimtv.com\/index.php\/wp-json\/wp\/v2\/media\/3141"}],"wp:attachment":[{"href":"https:\/\/avukatimtv.com\/index.php\/wp-json\/wp\/v2\/media?parent=3140"}],"wp:term":[{"taxonomy":"category","embeddable":true,"href":"https:\/\/avukatimtv.com\/index.php\/wp-json\/wp\/v2\/categories?post=3140"},{"taxonomy":"post_tag","embeddable":true,"href":"https:\/\/avukatimtv.com\/index.php\/wp-json\/wp\/v2\/tags?post=3140"}],"curies":[{"name":"wp","href":"https:\/\/api.w.org\/{rel}","templated":true}]}}