{"id":3143,"date":"2025-11-05T19:40:53","date_gmt":"2025-11-05T16:40:53","guid":{"rendered":"https:\/\/avukatimtv.com\/?p=3143"},"modified":"2025-11-05T19:40:53","modified_gmt":"2025-11-05T16:40:53","slug":"cadde-ortasindaki-cinayetin-nedeni-kufurlesme","status":"publish","type":"post","link":"https:\/\/avukatimtv.com\/index.php\/2025\/11\/05\/cadde-ortasindaki-cinayetin-nedeni-kufurlesme\/","title":{"rendered":"Cadde ortas\u0131ndaki cinayetin nedeni k\u00fcf\u00fcrle\u015fme"},"content":{"rendered":"<h2 class=\"spot\">Adana&#8217;da kahvehanede tart\u0131\u015f\u0131p, k\u00fcf\u00fcrle\u015fti\u011fi Sabahattin Mumcuo\u011flu\u2019nu (58) cadde ortas\u0131nda av t\u00fcfe\u011fiyle \u00f6ld\u00fcr\u00fcp, otomobilinin lasti\u011fi patlay\u0131nca polise yakalanan Mustafa \u00c7. (76), tutukland\u0131. Taraflar\u0131n bir s\u00fcre \u00f6nce k\u00fcf\u00fcrle\u015ftikleri cinayetin bu y\u00fcz\u00fcnden i\u015flendi\u011fi ileri s\u00fcr\u00fcld\u00fc.<\/h2>\n<div class=\"news-detail-info\">\n<div class=\"authorDetail\">Olay, 3 Kas\u0131m&#8217;da Sar\u0131\u00e7am il\u00e7esi Orhangazi Mahallesi Toros Caddesi&#8217;nde meydana geldi. Mustafa \u00c7., kahvehanede tart\u0131\u015ft\u0131\u011f\u0131 Sabahattin Mumcuo\u011flu&#8217;na av t\u00fcfe\u011fini do\u011frultup, teti\u011fe bast\u0131 ancak silah ate\u015f almad\u0131. Ko\u015farak ka\u00e7maya \u00e7al\u0131\u015fan Mumcuo\u011flu, Mustafa \u00c7. taraf\u0131ndan cadde \u00fczerinde yakaland\u0131. T\u00fcfe\u011fini ate\u015fleyen Mustafa \u00c7., Mumcuo\u011flu&#8217;nu kas\u0131\u011f\u0131ndan vurarak \u00f6ld\u00fcrd\u00fckten sonra 01 NF 772 plakal\u0131 otomobiline binerek, ka\u00e7t\u0131.<\/div>\n<\/div>\n<div><img decoding=\"async\" src=\"https:\/\/iasbh.tmgrup.com.tr\/3edad5\/0\/0\/0\/0\/0\/0?u=https:\/\/isbh.tmgrup.com.tr\/sbh\/2025\/11\/05\/cadde-ortasindaki-cinayetin-nedeni-kufurlesme-1762325899213.jpg&amp;mw=600\" \/><\/div>\n<div><\/div>\n<div>\n<p><strong>LAST\u0130\u011e\u0130 PATLAYINCA\u2026<\/strong><\/p>\n<p>&nbsp;<\/p>\n<p>\u00c7evredeki vatanda\u015flar\u0131n ihbar \u00fczerine b\u00f6lgeye sevk edilen Cinayet B\u00fcro Amirli\u011fi ekipleri, \u015f\u00fcphelinin kent merkezine ka\u00e7t\u0131\u011f\u0131n\u0131 tespit etti. Polisin takibe ald\u0131\u011f\u0131 \u015f\u00fcpheli, otomobilinin lasti\u011fi patlay\u0131nca Y\u00fcre\u011fir il\u00e7esi Girne Bulvar\u0131&#8217;ndaki bir akaryak\u0131t istasyonuna girdi. Arac\u0131n\u0131n etraf\u0131 polis taraf\u0131ndan \u00e7evrilen Mustafa \u00c7., g\u00f6zalt\u0131na al\u0131nd\u0131. Otomobilde yap\u0131lan aramada, \u015f\u00fcphelinin cinayette kulland\u0131\u011f\u0131 av t\u00fcfe\u011fi ele ge\u00e7irildi.<\/p>\n<\/div>\n<p><img decoding=\"async\" src=\"https:\/\/iasbh.tmgrup.com.tr\/213d46\/0\/0\/0\/0\/0\/0?u=https:\/\/isbh.tmgrup.com.tr\/sbh\/2025\/11\/05\/cadde-ortasindaki-cinayetin-nedeni-kufurlesme-1762325889570.jpg&amp;mw=600\" \/><\/p>\n<p>&nbsp;<\/p>\n<p><strong>C\u0130NAYET NEDEN\u0130 K\u00dcF\u00dcRLE\u015eME<\/strong><\/p>\n<p>Taraflar\u0131n, kahvehanede otururken sohbet s\u0131ras\u0131nda k\u00fcf\u00fcrle\u015ftikleri ortaya \u00e7\u0131kt\u0131. Masadan kalkan \u015f\u00fcphelinin, otomobilinin bagaj\u0131ndan ald\u0131\u011f\u0131 av t\u00fcfe\u011fiyle kahvehaneye d\u00f6n\u00fcp, cinayeti i\u015fledi\u011fi bildirildi. Emniyette sorguya al\u0131nan \u015f\u00fcphelinin, susma hakk\u0131n\u0131 kulland\u0131\u011f\u0131 belirtildi. \u0130\u015flemlerinin ard\u0131ndan adliyeye sevk edilen Mustafa \u00c7., \u00e7\u0131kar\u0131ld\u0131\u011f\u0131 mahkemede tutukland\u0131.<\/p>\n","protected":false},"excerpt":{"rendered":"<p>Adana&#8217;da kahvehanede tart\u0131\u015f\u0131p, k\u00fcf\u00fcrle\u015fti\u011fi Sabahattin Mumcuo\u011flu\u2019nu (58) cadde ortas\u0131nda av t\u00fcfe\u011fiyle \u00f6ld\u00fcr\u00fcp, otomobilinin lasti\u011fi patlay\u0131nca polise yakalanan Mustafa \u00c7. (76), tutukland\u0131. Taraflar\u0131n bir s\u00fcre \u00f6nce k\u00fcf\u00fcrle\u015ftikleri cinayetin bu y\u00fcz\u00fcnden i\u015flendi\u011fi ileri s\u00fcr\u00fcld\u00fc. Olay, 3 Kas\u0131m&#8217;da Sar\u0131\u00e7am il\u00e7esi Orhangazi Mahallesi Toros Caddesi&#8217;nde meydana geldi. Mustafa \u00c7., kahvehanede tart\u0131\u015ft\u0131\u011f\u0131 Sabahattin Mumcuo\u011flu&#8217;na av t\u00fcfe\u011fini do\u011frultup, teti\u011fe bast\u0131 ancak [&hellip;]<\/p>\n","protected":false},"author":1,"featured_media":3144,"comment_status":"closed","ping_status":"closed","sticky":false,"template":"","format":"standard","meta":{"footnotes":""},"categories":[7,39],"tags":[60],"class_list":["post-3143","post","type-post","status-publish","format-standard","has-post-thumbnail","hentry","category-gundem","category-haber","tag-cinayet"],"_links":{"self":[{"href":"https:\/\/avukatimtv.com\/index.php\/wp-json\/wp\/v2\/posts\/3143","targetHints":{"allow":["GET"]}}],"collection":[{"href":"https:\/\/avukatimtv.com\/index.php\/wp-json\/wp\/v2\/posts"}],"about":[{"href":"https:\/\/avukatimtv.com\/index.php\/wp-json\/wp\/v2\/types\/post"}],"author":[{"embeddable":true,"href":"https:\/\/avukatimtv.com\/index.php\/wp-json\/wp\/v2\/users\/1"}],"replies":[{"embeddable":true,"href":"https:\/\/avukatimtv.com\/index.php\/wp-json\/wp\/v2\/comments?post=3143"}],"version-history":[{"count":1,"href":"https:\/\/avukatimtv.com\/index.php\/wp-json\/wp\/v2\/posts\/3143\/revisions"}],"predecessor-version":[{"id":3145,"href":"https:\/\/avukatimtv.com\/index.php\/wp-json\/wp\/v2\/posts\/3143\/revisions\/3145"}],"wp:featuredmedia":[{"embeddable":true,"href":"https:\/\/avukatimtv.com\/index.php\/wp-json\/wp\/v2\/media\/3144"}],"wp:attachment":[{"href":"https:\/\/avukatimtv.com\/index.php\/wp-json\/wp\/v2\/media?parent=3143"}],"wp:term":[{"taxonomy":"category","embeddable":true,"href":"https:\/\/avukatimtv.com\/index.php\/wp-json\/wp\/v2\/categories?post=3143"},{"taxonomy":"post_tag","embeddable":true,"href":"https:\/\/avukatimtv.com\/index.php\/wp-json\/wp\/v2\/tags?post=3143"}],"curies":[{"name":"wp","href":"https:\/\/api.w.org\/{rel}","templated":true}]}}