{"id":3146,"date":"2025-11-10T19:06:46","date_gmt":"2025-11-10T16:06:46","guid":{"rendered":"https:\/\/avukatimtv.com\/?p=3146"},"modified":"2025-11-10T19:06:46","modified_gmt":"2025-11-10T16:06:46","slug":"istanbulda-korkunc-cinayet-olen-60-olduren-13-yasinda","status":"publish","type":"post","link":"https:\/\/avukatimtv.com\/index.php\/2025\/11\/10\/istanbulda-korkunc-cinayet-olen-60-olduren-13-yasinda\/","title":{"rendered":"\u0130stanbul&#8217;da korkun\u00e7 cinayet: \u00d6len 60, \u00f6ld\u00fcren 13 ya\u015f\u0131nda!"},"content":{"rendered":"<div class=\"w-full flex flex-wrap gap-3\">\n<div class=\"w-full mt-1\">\n<div class=\"info-text-card w-full text-primary mb-4\">\n<h2 class=\"text-size-20 md:text-size-24 text-black font-semibold leading-tight\">\u0130stanbul&#8217;da 13 ya\u015f\u0131ndaki bir \u00e7ocuk, tart\u0131\u015ft\u0131\u011f\u0131 16 ya\u015f\u0131ndaki \u00e7ocu\u011fu silahla yaralay\u0131p dedesini de \u00f6ld\u00fcrd\u00fc. 9 su\u00e7 kayd\u0131 olan \u00e7ocuk tutukland\u0131. (Haber: Tugay Saday)<\/h2>\n<\/div>\n<\/div>\n<\/div>\n<div class=\"w-full flex flex-col my-2.5\">\n<div class=\"text-size-20 text-black ck ck-content break-words leading-normal\">\n<p>\u0130stanbul&#8217;da 60 ya\u015f\u0131ndaki bir adam, 13 ya\u015f\u0131ndaki \u00e7ocuk taraf\u0131ndan sokak ortas\u0131nda \u00f6ld\u00fcr\u00fcld\u00fc. Olay Gaziosmanpa\u015fa il\u00e7esinde ge\u00e7ti\u011fimiz pazartesi g\u00fcn\u00fc ya\u015fand\u0131.<\/p>\n<p>&nbsp;<\/p>\n<p><strong>\u0130K\u0130 \u00c7OCUK B\u0130RB\u0130R\u0130YLE KAVGA ETT\u0130<\/strong><\/p>\n<p>&nbsp;<\/p>\n<p>\u0130ddiaya g\u00f6re mahalle d\u00fc\u011f\u00fcn\u00fcne gelen 13 ya\u015f\u0131ndaki \u00e7ocuk ta\u015fk\u0131nl\u0131k \u00e7\u0131karmaya ba\u015flad\u0131. Zanl\u0131, tart\u0131\u015ft\u0131\u011f\u0131 16 ya\u015f\u0131ndaki bir \u00e7ocu\u011fu da d\u00f6vd\u00fc.<\/p>\n<p>&nbsp;<\/p>\n<p><strong>13 YA\u015eINDAK\u0130 \u00c7OCUK S\u0130LAHLA ATE\u015e ETT\u0130<\/strong><\/p>\n<p>&nbsp;<\/p>\n<p>Dede Servet Macit torununa zorbal\u0131k yapan \u00e7ocu\u011fu uyard\u0131, ard\u0131ndan yoluna devam etmek istedi ancak o \u00e7ocuk belindeki silah\u0131 \u00e7\u0131kar\u0131p dede ve toruna kur\u015fun ya\u011fd\u0131rd\u0131. Vurulan dede ve torun yere y\u0131\u011f\u0131ld\u0131.<\/p>\n<p>&nbsp;<\/p>\n<p><strong>DEDE YA\u015eAMINI Y\u0130T\u0130RD\u0130, TORUN TEDAV\u0130 ALTINDA<\/strong><\/p>\n<p>&nbsp;<\/p>\n<p>60 ya\u015f\u0131ndaki adam kald\u0131r\u0131ld\u0131\u011f\u0131 hastanede hayat\u0131n\u0131 kaybetti, torunu ise tedavi alt\u0131nda. Ate\u015flenen kur\u015funlardan biri de sokaktaki bir i\u015f yerine isabet etti.<\/p>\n<p>&nbsp;<\/p>\n<p><strong>\u00c7OCU\u011eUN 9 SU\u00c7 KAYDI \u00c7IKTI<\/strong><\/p>\n<p>&nbsp;<\/p>\n<p>Silahl\u0131 sald\u0131rgan\u0131n su\u00e7 dosyas\u0131 kabar\u0131k \u00e7\u0131kt\u0131. \u00c7ocu\u011fun tam 9 kez \u015f\u00fcpheli s\u0131fat\u0131yla adli i\u015flem g\u00f6rd\u00fc\u011f\u00fc \u00f6\u011frenildi.<\/p>\n<p>&nbsp;<\/p>\n<p><strong>TUTUKLANDI<\/strong><\/p>\n<p>&nbsp;<\/p>\n<p>Sald\u0131r\u0131n\u0131n ard\u0131ndan ka\u00e7an \u015f\u00fcpheli g\u00f6zalt\u0131na al\u0131nd\u0131, sevk edildi\u011fi mahkemece tutukland\u0131.<\/p>\n<p>&nbsp;<\/p>\n<p><strong>A\u011eABEY\u0130 DE C\u0130NAYETTEN CEZAEV\u0130NDE<\/strong><\/p>\n<p>&nbsp;<\/p>\n<p>\u015e\u00fcpheli \u00e7ocu\u011fun a\u011fabeyinin de i\u015fledi\u011fi\u00a0cinayet\u00a0nedeniyle cezaevinde oldu\u011fu \u00f6\u011frenildi.<\/p>\n<\/div>\n<\/div>\n","protected":false},"excerpt":{"rendered":"<p>\u0130stanbul&#8217;da 13 ya\u015f\u0131ndaki bir \u00e7ocuk, tart\u0131\u015ft\u0131\u011f\u0131 16 ya\u015f\u0131ndaki \u00e7ocu\u011fu silahla yaralay\u0131p dedesini de \u00f6ld\u00fcrd\u00fc. 9 su\u00e7 kayd\u0131 olan \u00e7ocuk tutukland\u0131. (Haber: Tugay Saday) \u0130stanbul&#8217;da 60 ya\u015f\u0131ndaki bir adam, 13 ya\u015f\u0131ndaki \u00e7ocuk taraf\u0131ndan sokak ortas\u0131nda \u00f6ld\u00fcr\u00fcld\u00fc. Olay Gaziosmanpa\u015fa il\u00e7esinde ge\u00e7ti\u011fimiz pazartesi g\u00fcn\u00fc ya\u015fand\u0131. &nbsp; \u0130K\u0130 \u00c7OCUK B\u0130RB\u0130R\u0130YLE KAVGA ETT\u0130 &nbsp; \u0130ddiaya g\u00f6re mahalle d\u00fc\u011f\u00fcn\u00fcne gelen 13 [&hellip;]<\/p>\n","protected":false},"author":1,"featured_media":3147,"comment_status":"closed","ping_status":"closed","sticky":false,"template":"","format":"standard","meta":{"footnotes":""},"categories":[7,39],"tags":[60,47,69,71,564],"class_list":["post-3146","post","type-post","status-publish","format-standard","has-post-thumbnail","hentry","category-gundem","category-haber","tag-cinayet","tag-haber","tag-istanbul","tag-suc","tag-cocukkatil"],"_links":{"self":[{"href":"https:\/\/avukatimtv.com\/index.php\/wp-json\/wp\/v2\/posts\/3146","targetHints":{"allow":["GET"]}}],"collection":[{"href":"https:\/\/avukatimtv.com\/index.php\/wp-json\/wp\/v2\/posts"}],"about":[{"href":"https:\/\/avukatimtv.com\/index.php\/wp-json\/wp\/v2\/types\/post"}],"author":[{"embeddable":true,"href":"https:\/\/avukatimtv.com\/index.php\/wp-json\/wp\/v2\/users\/1"}],"replies":[{"embeddable":true,"href":"https:\/\/avukatimtv.com\/index.php\/wp-json\/wp\/v2\/comments?post=3146"}],"version-history":[{"count":1,"href":"https:\/\/avukatimtv.com\/index.php\/wp-json\/wp\/v2\/posts\/3146\/revisions"}],"predecessor-version":[{"id":3148,"href":"https:\/\/avukatimtv.com\/index.php\/wp-json\/wp\/v2\/posts\/3146\/revisions\/3148"}],"wp:featuredmedia":[{"embeddable":true,"href":"https:\/\/avukatimtv.com\/index.php\/wp-json\/wp\/v2\/media\/3147"}],"wp:attachment":[{"href":"https:\/\/avukatimtv.com\/index.php\/wp-json\/wp\/v2\/media?parent=3146"}],"wp:term":[{"taxonomy":"category","embeddable":true,"href":"https:\/\/avukatimtv.com\/index.php\/wp-json\/wp\/v2\/categories?post=3146"},{"taxonomy":"post_tag","embeddable":true,"href":"https:\/\/avukatimtv.com\/index.php\/wp-json\/wp\/v2\/tags?post=3146"}],"curies":[{"name":"wp","href":"https:\/\/api.w.org\/{rel}","templated":true}]}}