{"id":3149,"date":"2025-11-10T19:14:50","date_gmt":"2025-11-10T16:14:50","guid":{"rendered":"https:\/\/avukatimtv.com\/?p=3149"},"modified":"2025-11-10T19:14:50","modified_gmt":"2025-11-10T16:14:50","slug":"cinayet-evi-yikildi-sinemin-katili-kayip","status":"publish","type":"post","link":"https:\/\/avukatimtv.com\/index.php\/2025\/11\/10\/cinayet-evi-yikildi-sinemin-katili-kayip\/","title":{"rendered":"Cinayet evi y\u0131k\u0131ld\u0131, Sinem&#8217;in katili kay\u0131p"},"content":{"rendered":"<h2 class=\"mb-24\">\u0130stanbul \u00c7atalca&#8217;da 7 ay \u00f6nce 27 ya\u015f\u0131ndaki Sinem \u00c7e\u015fim&#8217;i b\u0131\u00e7aklayarak \u00f6ld\u00fcrd\u00fc\u011f\u00fc belirlenen Mehmet \u015eerif Tanr\u0131kulu&#8217;nu yakalama \u00e7al\u0131\u015fmalar\u0131 s\u00fcrerken, cinayetin i\u015flendi\u011fi villa ka\u00e7ak yap\u0131 oldu\u011funun tespitinin ard\u0131ndan y\u0131k\u0131ld\u0131. Y\u0131k\u0131m \u00e7al\u0131\u015fmalar\u0131 havadan g\u00f6r\u00fcnt\u00fclendi.<\/h2>\n<div class=\"new3key-points px-md-16 mx-md-16\">\n<p>\u00c7atalca&#8217;da 7 ay \u00f6nce 27 ya\u015f\u0131ndaki Sinem \u00c7e\u015fim&#8217;in \u00f6ld\u00fcr\u00fcld\u00fc\u011f\u00fc villan\u0131n da aras\u0131nda oldu\u011fu ka\u00e7ak yap\u0131lar y\u0131k\u0131ld\u0131.<\/p>\n<h3>S\u0130NEM&#8217;\u0130 BI\u00c7AKLAYIP KA\u00c7TI<\/h3>\n<p>Olay, 9 Nisan \u00c7ar\u015famba g\u00fcn\u00fc saat 14.00 s\u0131ralar\u0131nda Bink\u0131l\u0131\u00e7&#8217;ta bulunan villada meydana geldi. Edinilen bilgiye g\u00f6re; Sinem \u00c7e\u015fim, bulu\u015ftu\u011fu erkek arkada\u015f\u0131 Mehmet \u015eerif Tanr\u0131kulu&#8217;na ayr\u0131lmak istedi\u011fini s\u00f6yleyince aralar\u0131nda tart\u0131\u015fma \u00e7\u0131kt\u0131. Bunun \u00fczerine \u015f\u00fcpheli Tanr\u0131kulu, \u00c7e\u015fim&#8217;i b\u0131\u00e7aklad\u0131. Olay\u0131 g\u00f6renlerin ihbar\u0131 \u00fczerine b\u00f6lgeye jandarma ve sa\u011fl\u0131k ekipleri sevk edilirken, b\u0131\u00e7akl\u0131 sald\u0131rgan olay yerinden ka\u00e7t\u0131. Sa\u011fl\u0131k ekibi taraf\u0131ndan ambulansla hastaneye kald\u0131r\u0131larak yo\u011fun bak\u0131ma al\u0131nan Sinem \u00c7e\u015fim, hayat\u0131n\u0131 kaybetti. \u00c7e\u015fim&#8217;in cenazesi Yakac\u0131k Pir Sultan Cemevi&#8217;nde k\u0131l\u0131nan cenaze namaz\u0131n\u0131n ard\u0131ndan Pendik Yeni \u015eeyhli Mezarl\u0131\u011f\u0131&#8217;nda topra\u011fa verildi.<\/p>\n<p><img decoding=\"async\" src=\"https:\/\/foto.haberler.com\/crop\/640x361\/haber\/2025\/11\/09\/catalca-da-sinem-in-bicaklanarak-olduruldugu-19234410_o.jpg\" alt=\"Cinayet evi y\u0131k\u0131ld\u0131, Sinem'in katili kay\u0131p\" \/><\/p>\n<\/div>\n<h3>C\u0130NAYET\u0130N \u0130\u015eLEND\u0130\u011e\u0130 V\u0130LLA \u0130LE B\u0130RL\u0130KTE TOPLAM 4 V\u0130LLA YIKILDI<\/h3>\n<p>Cinayetin i\u015flendi\u011fi villan\u0131n ka\u00e7ak oldu\u011funun belirlenmesi \u00fczerine belediye ekipleri \u00e7al\u0131\u015fma ba\u015flatt\u0131. Villada yap\u0131lan incelemelerin ard\u0131ndan y\u0131k\u0131m karar\u0131 \u00e7\u0131kt\u0131. D\u00fcn saat 10.30 s\u0131ralar\u0131nda jandarma ve zab\u0131ta e\u015fli\u011finde olay yerine gelen ekipler, y\u0131k\u0131m\u0131 ger\u00e7ekle\u015ftirdi. Ayr\u0131ca cinayetin i\u015flendi\u011fi villan\u0131n yan\u0131nda bulunan ve ka\u00e7ak oldu\u011fu tespit edilen 3 villa daha y\u0131k\u0131ld\u0131.<\/p>\n<p><img decoding=\"async\" src=\"https:\/\/foto.haberler.com\/crop\/640x361\/haber\/2025\/11\/09\/catalca-da-sinem-in-bicaklanarak-olduruldugu-2-19234410_o.jpg\" alt=\"Cinayet evi y\u0131k\u0131ld\u0131, Sinem'in katili kay\u0131p\" \/><\/p>\n<p>&nbsp;<\/p>\n<h3>KAT\u0130L ZANLISINI YAKALAMA \u00c7ALI\u015eMALARI S\u00dcR\u00dcYOR<\/h3>\n<p>Olay\u0131n ard\u0131ndan \u015f\u00fcphelinin villadan ka\u00e7t\u0131\u011f\u0131 anlar g\u00fcvenlik kameralar\u0131na yans\u0131m\u0131\u015f ve yakalanmas\u0131 i\u00e7in \u00e7al\u0131\u015fma ba\u015flat\u0131lm\u0131\u015ft\u0131. \u00c7atalca Jandarma Komutanl\u0131\u011f\u0131&#8217;na ba\u011fl\u0131 Jandarma Su\u00e7 Ara\u015ft\u0131rma Timi(JASAT) cinayetin ard\u0131ndan ka\u00e7an katil zanl\u0131s\u0131 Mehmet \u015eerif Tanr\u0131kulu&#8217;nu yakalamak i\u00e7in 7 ayd\u0131r \u00e7al\u0131\u015fmalar\u0131n\u0131 s\u00fcrd\u00fcr\u00fcyor.<\/p>\n","protected":false},"excerpt":{"rendered":"<p>\u0130stanbul \u00c7atalca&#8217;da 7 ay \u00f6nce 27 ya\u015f\u0131ndaki Sinem \u00c7e\u015fim&#8217;i b\u0131\u00e7aklayarak \u00f6ld\u00fcrd\u00fc\u011f\u00fc belirlenen Mehmet \u015eerif Tanr\u0131kulu&#8217;nu yakalama \u00e7al\u0131\u015fmalar\u0131 s\u00fcrerken, cinayetin i\u015flendi\u011fi villa ka\u00e7ak yap\u0131 oldu\u011funun tespitinin ard\u0131ndan y\u0131k\u0131ld\u0131. Y\u0131k\u0131m \u00e7al\u0131\u015fmalar\u0131 havadan g\u00f6r\u00fcnt\u00fclendi. \u00c7atalca&#8217;da 7 ay \u00f6nce 27 ya\u015f\u0131ndaki Sinem \u00c7e\u015fim&#8217;in \u00f6ld\u00fcr\u00fcld\u00fc\u011f\u00fc villan\u0131n da aras\u0131nda oldu\u011fu ka\u00e7ak yap\u0131lar y\u0131k\u0131ld\u0131. S\u0130NEM&#8217;\u0130 BI\u00c7AKLAYIP KA\u00c7TI Olay, 9 Nisan \u00c7ar\u015famba g\u00fcn\u00fc [&hellip;]<\/p>\n","protected":false},"author":1,"featured_media":3150,"comment_status":"closed","ping_status":"closed","sticky":false,"template":"","format":"standard","meta":{"footnotes":""},"categories":[7,39],"tags":[60,565],"class_list":["post-3149","post","type-post","status-publish","format-standard","has-post-thumbnail","hentry","category-gundem","category-haber","tag-cinayet","tag-istanbul-catalca"],"_links":{"self":[{"href":"https:\/\/avukatimtv.com\/index.php\/wp-json\/wp\/v2\/posts\/3149","targetHints":{"allow":["GET"]}}],"collection":[{"href":"https:\/\/avukatimtv.com\/index.php\/wp-json\/wp\/v2\/posts"}],"about":[{"href":"https:\/\/avukatimtv.com\/index.php\/wp-json\/wp\/v2\/types\/post"}],"author":[{"embeddable":true,"href":"https:\/\/avukatimtv.com\/index.php\/wp-json\/wp\/v2\/users\/1"}],"replies":[{"embeddable":true,"href":"https:\/\/avukatimtv.com\/index.php\/wp-json\/wp\/v2\/comments?post=3149"}],"version-history":[{"count":1,"href":"https:\/\/avukatimtv.com\/index.php\/wp-json\/wp\/v2\/posts\/3149\/revisions"}],"predecessor-version":[{"id":3151,"href":"https:\/\/avukatimtv.com\/index.php\/wp-json\/wp\/v2\/posts\/3149\/revisions\/3151"}],"wp:featuredmedia":[{"embeddable":true,"href":"https:\/\/avukatimtv.com\/index.php\/wp-json\/wp\/v2\/media\/3150"}],"wp:attachment":[{"href":"https:\/\/avukatimtv.com\/index.php\/wp-json\/wp\/v2\/media?parent=3149"}],"wp:term":[{"taxonomy":"category","embeddable":true,"href":"https:\/\/avukatimtv.com\/index.php\/wp-json\/wp\/v2\/categories?post=3149"},{"taxonomy":"post_tag","embeddable":true,"href":"https:\/\/avukatimtv.com\/index.php\/wp-json\/wp\/v2\/tags?post=3149"}],"curies":[{"name":"wp","href":"https:\/\/api.w.org\/{rel}","templated":true}]}}