{"id":3156,"date":"2025-11-12T19:52:52","date_gmt":"2025-11-12T16:52:52","guid":{"rendered":"https:\/\/avukatimtv.com\/?p=3156"},"modified":"2025-11-12T19:52:52","modified_gmt":"2025-11-12T16:52:52","slug":"once-melisayi-vurmus-3-seri-cinayet","status":"publish","type":"post","link":"https:\/\/avukatimtv.com\/index.php\/2025\/11\/12\/once-melisayi-vurmus-3-seri-cinayet\/","title":{"rendered":"\u00d6nce Melisa&#8217;y\u0131 vurmu\u015f&#8230; 3 seri cinayet!"},"content":{"rendered":"<div class=\"pl-5 aspect-h-1\">\n<h2 class=\"text-base mb-4 text-red-600 dark:text-inherit\">\u0130stanbul B\u00fcy\u00fck\u00e7ekmece&#8217;de 3 ki\u015finin \u00f6ld\u00fcr\u00fcld\u00fc\u011f\u00fc seri katliamda ayr\u0131nt\u0131lar ortaya \u00e7\u0131kt\u0131. \u00c7ok say\u0131da &#8220;asayi\u015fe m\u00fcessir su\u00e7&#8221; kayd\u0131 bulunan 32 ya\u015f\u0131ndaki katil zanl\u0131s\u0131 Hakan K., \u00f6nce otel odas\u0131nda 27 ya\u015f\u0131ndaki Melisa K\u00f6lek\u00e7i&#8217;yi kafas\u0131ndan vurup \u00f6ld\u00fcrd\u00fc. Ard\u0131ndan otelin yakla\u015f\u0131k 20 metre ilerisinde ara\u00e7 i\u00e7inde bekleyen Emre G\u00fc\u00e7l\u00fc ile Emrah Y\u0131lmaz&#8217;a arac\u0131n arka kap\u0131s\u0131n\u0131 a\u00e7arak ate\u015f etti. Her ikisini de ba\u015flar\u0131ndan vurarak \u00f6ld\u00fcren zanl\u0131, yaya olarak gitti\u011fi evinden k\u0131yafetlerini de\u011fi\u015ftirip ara\u00e7la ka\u00e7t\u0131. Olayla ilgili geni\u015f \u00e7apl\u0131 soru\u015fturmaya devam ediliyor<\/h2>\n<\/div>\n<p>\u0130stanbul&#8217;da, kan donduran olay 10 Kas\u0131m gecesi saat 22.43 s\u0131ralar\u0131nda B\u00fcy\u00fck\u00e7ekmece Mimarsinan Mahallesi\u2019nde ya\u015fand\u0131.<\/p>\n<p>&nbsp;<\/p>\n<h2 class=\"widget-title mb-5 font-bold text-base\">POL\u0130SE \u0130HBARDA BULUNULDU<\/h2>\n<p>Habert\u00fcrk muhabiri Mustafa \u015eekero\u011flu\u2019nun haberine g\u00f6re \u201cElaman\u0131m\u0131z \u00e7al\u0131\u015f\u0131yor; o arad\u0131. Ara\u00e7 gelmi\u015f silah sesi duyulmu\u015f. Kamerada biri g\u00f6r\u00fcn\u00fcyor; yatm\u0131\u015f hareket etmiyor&#8221; ihbar\u0131 \u00fczerine b\u00f6lgeye giden polis ekipleri, E5 Londra Asfalt\u0131 \u00fczerinde 39 plakal\u0131 k\u0131rm\u0131z\u0131 renkli bir ara\u00e7ta, iki ki\u015fiyi silahla vurulmu\u015f halde buldu.<\/p>\n<p><img decoding=\"async\" src=\"https:\/\/im.haberturk.com\/2025\/11\/12\/3837194_1062084bfd5c1e1f6ec352d073296ac6.jpg\" \/><\/p>\n<p>&nbsp;<\/p>\n<h2 class=\"widget-title mb-5 font-bold text-base\">B\u0130R\u0130 HASTANEDE D\u0130\u011eER\u0130 OLAY YER\u0130NDE \u00d6LD\u00dc<\/h2>\n<p>\u015eof\u00f6r koltu\u011fundaki ki\u015finin 31 ya\u015f\u0131ndaki Emre G\u00fc\u00e7l\u00fc oldu\u011fu, ba\u015f\u0131n\u0131n arka k\u0131sm\u0131ndan vuruldu\u011fu ve kald\u0131r\u0131ld\u0131\u011f\u0131 Mimar Sinan Devlet Hastanesi\u2019nde hayat\u0131n\u0131 kaybetti\u011fi \u00f6\u011frenildi. Yan koltukta bulunan 33 ya\u015f\u0131ndaki Emrah Y\u0131lmaz isimli ki\u015fininse ense k\u0131sm\u0131ndan vurularak olay yerinde ya\u015fam\u0131n\u0131 yitirdi\u011fi saptand\u0131.<\/p>\n<p><img decoding=\"async\" src=\"https:\/\/im.haberturk.com\/2025\/11\/12\/3837194_9cf620881a269f7902a5d2b3d09114c5.jpg\" \/><\/p>\n<p>&nbsp;<\/p>\n<h2 class=\"widget-title mb-5 font-bold text-base\">OTEL ODASINDA KADIN CESED\u0130<\/h2>\n<p>Olay\u0131n ard\u0131ndan yakla\u015f\u0131k 20 metre ilerideki otelin g\u00fcvenlik kameralar\u0131 inceleye al\u0131nd\u0131. Otel \u00e7al\u0131\u015fanlar\u0131, 311 numaral\u0131 odada da bir kad\u0131n\u0131n \u00f6l\u00fc bulundu\u011funu bildirmesi \u00fczerine polis ekipleri olay yerinde inceleme ba\u015flatt\u0131.<\/p>\n<p><img decoding=\"async\" src=\"https:\/\/im.haberturk.com\/2025\/11\/12\/3837194_b095b300f4d6c28c02568f9eaeac502d.jpg\" \/><\/p>\n<p>&nbsp;<\/p>\n<h2 class=\"widget-title mb-5 font-bold text-base\">MEL\u0130SA&#8217;YI DA BA\u015eINDAN VURDU<\/h2>\n<p>Burada 27 ya\u015f\u0131ndaki Melisa K\u00f6lek\u00e7i isimli kad\u0131n\u0131n ba\u015f\u0131n\u0131n sa\u011f k\u0131sm\u0131ndan vurularak \u00f6ld\u00fcr\u00fcld\u00fc\u011f\u00fc tespit edildi. Olay yerinde iki adet 9 mm bo\u015f kovan bulundu.<\/p>\n<div class=\"relative flex justify-between items-center mb-5 py-3 border-t border-b border-dashed dark:border-gray-800\">\n<div class=\"h-10 flex flex-col justify-center text-xs mr-3 pr-3 relative after:absolute after:top-0 after:right-0 after:border-r after:border-dashed after:dark:border-gray-700 after:w-full after:h-full after:text-gray-300 after:dark:text-white\"><\/div>\n<\/div>\n","protected":false},"excerpt":{"rendered":"<p>\u0130stanbul B\u00fcy\u00fck\u00e7ekmece&#8217;de 3 ki\u015finin \u00f6ld\u00fcr\u00fcld\u00fc\u011f\u00fc seri katliamda ayr\u0131nt\u0131lar ortaya \u00e7\u0131kt\u0131. \u00c7ok say\u0131da &#8220;asayi\u015fe m\u00fcessir su\u00e7&#8221; kayd\u0131 bulunan 32 ya\u015f\u0131ndaki katil zanl\u0131s\u0131 Hakan K., \u00f6nce otel odas\u0131nda 27 ya\u015f\u0131ndaki Melisa K\u00f6lek\u00e7i&#8217;yi kafas\u0131ndan vurup \u00f6ld\u00fcrd\u00fc. Ard\u0131ndan otelin yakla\u015f\u0131k 20 metre ilerisinde ara\u00e7 i\u00e7inde bekleyen Emre G\u00fc\u00e7l\u00fc ile Emrah Y\u0131lmaz&#8217;a arac\u0131n arka kap\u0131s\u0131n\u0131 a\u00e7arak ate\u015f etti. Her ikisini [&hellip;]<\/p>\n","protected":false},"author":1,"featured_media":3157,"comment_status":"closed","ping_status":"closed","sticky":false,"template":"","format":"standard","meta":{"footnotes":""},"categories":[7,39],"tags":[60,566],"class_list":["post-3156","post","type-post","status-publish","format-standard","has-post-thumbnail","hentry","category-gundem","category-haber","tag-cinayet","tag-istanbul-buyukcekmece"],"_links":{"self":[{"href":"https:\/\/avukatimtv.com\/index.php\/wp-json\/wp\/v2\/posts\/3156","targetHints":{"allow":["GET"]}}],"collection":[{"href":"https:\/\/avukatimtv.com\/index.php\/wp-json\/wp\/v2\/posts"}],"about":[{"href":"https:\/\/avukatimtv.com\/index.php\/wp-json\/wp\/v2\/types\/post"}],"author":[{"embeddable":true,"href":"https:\/\/avukatimtv.com\/index.php\/wp-json\/wp\/v2\/users\/1"}],"replies":[{"embeddable":true,"href":"https:\/\/avukatimtv.com\/index.php\/wp-json\/wp\/v2\/comments?post=3156"}],"version-history":[{"count":1,"href":"https:\/\/avukatimtv.com\/index.php\/wp-json\/wp\/v2\/posts\/3156\/revisions"}],"predecessor-version":[{"id":3158,"href":"https:\/\/avukatimtv.com\/index.php\/wp-json\/wp\/v2\/posts\/3156\/revisions\/3158"}],"wp:featuredmedia":[{"embeddable":true,"href":"https:\/\/avukatimtv.com\/index.php\/wp-json\/wp\/v2\/media\/3157"}],"wp:attachment":[{"href":"https:\/\/avukatimtv.com\/index.php\/wp-json\/wp\/v2\/media?parent=3156"}],"wp:term":[{"taxonomy":"category","embeddable":true,"href":"https:\/\/avukatimtv.com\/index.php\/wp-json\/wp\/v2\/categories?post=3156"},{"taxonomy":"post_tag","embeddable":true,"href":"https:\/\/avukatimtv.com\/index.php\/wp-json\/wp\/v2\/tags?post=3156"}],"curies":[{"name":"wp","href":"https:\/\/api.w.org\/{rel}","templated":true}]}}