{"id":3160,"date":"2025-11-12T20:15:08","date_gmt":"2025-11-12T17:15:08","guid":{"rendered":"https:\/\/avukatimtv.com\/?p=3160"},"modified":"2025-11-12T20:15:14","modified_gmt":"2025-11-12T17:15:14","slug":"adanada-cinayet-intikam-almaya-gitti","status":"publish","type":"post","link":"https:\/\/avukatimtv.com\/index.php\/2025\/11\/12\/adanada-cinayet-intikam-almaya-gitti\/","title":{"rendered":"Adana&#8217;da Cinayet: \u0130ntikam Almaya Gitti"},"content":{"rendered":"<h2 id=\"spot\" class=\"mt10 haber_ozet\">Muhammed Kaplan, darp edildikten bir g\u00fcn sonra husumetli oldu\u011fu Emrah Tutal&#8217;\u0131 markette vurdu.<\/h2>\n<div class=\"news-detail-container\">\n<div class=\"left-block\">\n<div class=\"wrapper detay-v3_3 haber_metni\">\n<p>Adana&#8217;da Emrah Tutal&#8217;\u0131, i\u015fletti\u011fi markette tabancayla \u00f6ld\u00fcren Muhammed Kaplan tutukland\u0131. Kaplan&#8217;\u0131n, cinayetten bir g\u00fcn \u00f6nce parkta i\u00e7ki i\u00e7erken Tutal ve beraberindekiler taraf\u0131ndan darbedildi\u011fi ortaya \u00e7\u0131kt\u0131.<\/p>\n<h3>G\u00d6\u011eS\u00dcNDEN VURDU<\/h3>\n<p>Olay, 10 Kas\u0131m g\u00fcn\u00fc Seyhan il\u00e7esine ba\u011fl\u0131 Barbaros Mahallesi&#8217;ndeki bir markette meydana geldi. \u0130ddiaya g\u00f6re, M.K. (20) husumetli oldu\u011fu Emrah Tutal (38)&#8217;a ait markete gitti. \u0130kili aras\u0131nda ba\u015flayan tart\u0131\u015fma k\u0131sa s\u00fcrede b\u00fcy\u00fcd\u00fc. M.K., belinden \u00e7\u0131kard\u0131\u011f\u0131 tabancayla Tutal&#8217;a ate\u015f a\u00e7t\u0131. G\u00f6\u011fs\u00fcnden vurulan Tutal, kanlar i\u00e7inde yere y\u0131\u011f\u0131l\u0131rken, M.K. olay yerinden ka\u00e7t\u0131.<\/p>\n<h3>HASTANEDE HAYATINI KAYBETT\u0130<\/h3>\n<p>Silah seslerini duyan mahallelinin ihbar\u0131yla adrese polis ve sa\u011fl\u0131k ekipleri sevk edildi. Yaral\u0131 Tutal, ambulansla Kar\u015f\u0131yaka Devlet Hastanesi&#8217;ne kald\u0131r\u0131ld\u0131. Doktorlar\u0131n t\u00fcm \u00e7abas\u0131na ra\u011fmen hayat\u0131n\u0131 kaybetti.<\/p>\n<h3>&#8220;PARKTA BEN\u0130 D\u00d6VD\u00dcLER, KALDIRAMADIM&#8221;<\/h3>\n<p>Olaydan sonra\u00a0Cinayet\u00a0B\u00fcro Amirli\u011fi ekipleri, \u015f\u00fcpheliyi Yenibey Mahallesi&#8217;nde sokakta yakalad\u0131. G\u00f6zalt\u0131na al\u0131nan M.K.&#8217;n\u0131n, bir g\u00fcn \u00f6nce parkta otururken Tutal ve arkada\u015flar\u0131 taraf\u0131ndan darp edilip b\u0131\u00e7akland\u0131\u011f\u0131 ortaya \u00e7\u0131kt\u0131. M.K. sorgusunda, &#8220;Ben parkta oturup, i\u00e7ki i\u00e7erken yan\u0131ma gelip, konu\u015fmak istediklerini s\u00f6ylediler. Konu\u015fmak istemeyince bana sald\u0131r\u0131p, d\u00f6vd\u00fcler. Hastanede tedavi olduktan sonra eve geldim. Yapt\u0131klar\u0131 zoruma gitti, kald\u0131ramad\u0131m. Bu nedenle marketine gidip, vurdum&#8221; dedi.<\/p>\n<p>Emniyetteki i\u015flemleri tamamlanan M.K., \u00e7\u0131kar\u0131ld\u0131\u011f\u0131 mahkemece tutuklanarak cezaevine g\u00f6nderildi.<\/p>\n<\/div>\n<\/div>\n<\/div>\n","protected":false},"excerpt":{"rendered":"<p>Muhammed Kaplan, darp edildikten bir g\u00fcn sonra husumetli oldu\u011fu Emrah Tutal&#8217;\u0131 markette vurdu. Adana&#8217;da Emrah Tutal&#8217;\u0131, i\u015fletti\u011fi markette tabancayla \u00f6ld\u00fcren Muhammed Kaplan tutukland\u0131. Kaplan&#8217;\u0131n, cinayetten bir g\u00fcn \u00f6nce parkta i\u00e7ki i\u00e7erken Tutal ve beraberindekiler taraf\u0131ndan darbedildi\u011fi ortaya \u00e7\u0131kt\u0131. G\u00d6\u011eS\u00dcNDEN VURDU Olay, 10 Kas\u0131m g\u00fcn\u00fc Seyhan il\u00e7esine ba\u011fl\u0131 Barbaros Mahallesi&#8217;ndeki bir markette meydana geldi. \u0130ddiaya g\u00f6re, [&hellip;]<\/p>\n","protected":false},"author":1,"featured_media":3161,"comment_status":"closed","ping_status":"closed","sticky":false,"template":"","format":"standard","meta":{"footnotes":""},"categories":[1,7,39],"tags":[128,60,175,71],"class_list":["post-3160","post","type-post","status-publish","format-standard","has-post-thumbnail","hentry","category-genel","category-gundem","category-haber","tag-adana","tag-cinayet","tag-guvenlik","tag-suc"],"_links":{"self":[{"href":"https:\/\/avukatimtv.com\/index.php\/wp-json\/wp\/v2\/posts\/3160","targetHints":{"allow":["GET"]}}],"collection":[{"href":"https:\/\/avukatimtv.com\/index.php\/wp-json\/wp\/v2\/posts"}],"about":[{"href":"https:\/\/avukatimtv.com\/index.php\/wp-json\/wp\/v2\/types\/post"}],"author":[{"embeddable":true,"href":"https:\/\/avukatimtv.com\/index.php\/wp-json\/wp\/v2\/users\/1"}],"replies":[{"embeddable":true,"href":"https:\/\/avukatimtv.com\/index.php\/wp-json\/wp\/v2\/comments?post=3160"}],"version-history":[{"count":1,"href":"https:\/\/avukatimtv.com\/index.php\/wp-json\/wp\/v2\/posts\/3160\/revisions"}],"predecessor-version":[{"id":3162,"href":"https:\/\/avukatimtv.com\/index.php\/wp-json\/wp\/v2\/posts\/3160\/revisions\/3162"}],"wp:featuredmedia":[{"embeddable":true,"href":"https:\/\/avukatimtv.com\/index.php\/wp-json\/wp\/v2\/media\/3161"}],"wp:attachment":[{"href":"https:\/\/avukatimtv.com\/index.php\/wp-json\/wp\/v2\/media?parent=3160"}],"wp:term":[{"taxonomy":"category","embeddable":true,"href":"https:\/\/avukatimtv.com\/index.php\/wp-json\/wp\/v2\/categories?post=3160"},{"taxonomy":"post_tag","embeddable":true,"href":"https:\/\/avukatimtv.com\/index.php\/wp-json\/wp\/v2\/tags?post=3160"}],"curies":[{"name":"wp","href":"https:\/\/api.w.org\/{rel}","templated":true}]}}