{"id":3164,"date":"2025-11-17T18:28:46","date_gmt":"2025-11-17T15:28:46","guid":{"rendered":"https:\/\/avukatimtv.com\/?p=3164"},"modified":"2025-11-17T18:28:46","modified_gmt":"2025-11-17T15:28:46","slug":"araba-icerisinde-pompali-tufekle-cinayet","status":"publish","type":"post","link":"https:\/\/avukatimtv.com\/index.php\/2025\/11\/17\/araba-icerisinde-pompali-tufekle-cinayet\/","title":{"rendered":"Araba i\u00e7erisinde pompal\u0131 t\u00fcfekle cinayet!"},"content":{"rendered":"<div class=\"news-content__inf\">\n<h2>Samsun&#8217;da oto kurtar\u0131c\u0131 \u00fczerinde ilerleyen ara\u00e7ta arkada\u015f\u0131n\u0131 pompal\u0131 t\u00fcfekle vurup \u00f6ld\u00fcren san\u0131k ve ayn\u0131 ara\u00e7ta bulunan 3 arkada\u015f\u0131 emniyetteki i\u015flemlerin ard\u0131ndan adliyeye sevk edildi.<\/h2>\n<\/div>\n<div class=\"news-content readingTime\">\n<p>Samsun&#8217;un Atakum il\u00e7esinde, ar\u0131za yapt\u0131\u011f\u0131 i\u00e7in \u00e7a\u011f\u0131rd\u0131klar\u0131 oto kurtar\u0131c\u0131n\u0131n \u00fczerindeki otomobillerinde arkada\u015f\u0131 G\u00f6khan G\u00fcney\u2019i (24) pompal\u0131 t\u00fcfekle ba\u015f\u0131ndan vuran Metin S. (23) ile otomobilin arka k\u0131sm\u0131nda oturan 3 arkada\u015f\u0131, adliyeye sevk edildi.<\/p>\n<p><strong>ARKADA\u015eINI, T\u00dcFEKLE BA\u015eINDAN VURDU<\/strong><\/p>\n<p>Akalan Mahallesi&#8217;nde, d\u00fcn saat 03.00 s\u0131ralar\u0131nda, avlan\u0131p i\u00e7ki i\u00e7mek i\u00e7in giden G\u00f6khan G\u00fcney, Metin S., Mertcan T. (23), Bedirhan K. (23) ve \u00d6zkan A.&#8217;n\u0131n (22) i\u00e7inde bulundu\u011fu otomobil ar\u0131za yapt\u0131. Arkada\u015f grubu, \u00e7a\u011f\u0131rd\u0131klar\u0131 oto kurtar\u0131c\u0131ya otomobillerini y\u00fckleyip, yola \u00e7\u0131kt\u0131.\u00a0Oto kurtar\u0131c\u0131, \u0130lkad\u0131m il\u00e7esi Toybelen Mahallesi Ankara Bulvar\u0131&#8217;na geldi\u011finde, 5 arkada\u015f\u0131n i\u00e7inde oldu\u011fu otomobildeki \u00f6nde oturan Metin S., s\u00fcr\u00fcc\u00fc koltu\u011fundaki arkada\u015f\u0131 G\u00f6khan G\u00fcney\u2019i pompal\u0131 t\u00fcfekle ba\u015f\u0131ndan vurdu.<\/p>\n<p><strong>T\u00dcM M\u00dcDAHALALELERE RA\u011eMEN KURTARILAMADI<\/strong><\/p>\n<p>\u0130hbarla b\u00f6lgeye polis ve sa\u011fl\u0131k ekipleri sevk edildi. G\u00fcney, sa\u011fl\u0131k ekibinin m\u00fcdahalesinin ard\u0131ndan kald\u0131r\u0131ld\u0131\u011f\u0131 Samsun E\u011fitim ve Ara\u015ft\u0131rma Hastanesi\u2019nde tedaviye al\u0131nd\u0131. G\u00f6khan G\u00fcney, doktorlar\u0131n m\u00fcdahalesine ra\u011fmen kurtar\u0131lamad\u0131.<\/p>\n<p><strong>\u015e\u00dcPHEL\u0130LER ADL\u0130YEYE SEVK ED\u0130LD\u0130\u00a0<\/strong><\/p>\n<p>Otomobilde 2\u00a0pompal\u0131 t\u00fcfek\u00a0ve 1 tabanca ele ge\u00e7irildi. Polis ekipleri, otomobildeki 4 arkada\u015f ile oto kurtar\u0131c\u0131daki 3 ki\u015fiyi hastanede g\u00f6zalt\u0131na ald\u0131. Metin S. ifadesinde, arkada\u015f\u0131 G\u00f6khan G\u00fcney\u2019i \u015fakala\u015f\u0131rken kazara vurdu\u011funu s\u00f6yledi\u011fi \u00f6\u011frenildi. Oto kurtar\u0131c\u0131daki 3 \u015f\u00fcpheli ifadesi sonras\u0131 serbest b\u0131rak\u0131l\u0131rken, Metin S. ile otomobildeki 3 \u015f\u00fcpheli ise bug\u00fcn adliyeye sevk edildi.<\/p>\n<\/div>\n","protected":false},"excerpt":{"rendered":"<p>Samsun&#8217;da oto kurtar\u0131c\u0131 \u00fczerinde ilerleyen ara\u00e7ta arkada\u015f\u0131n\u0131 pompal\u0131 t\u00fcfekle vurup \u00f6ld\u00fcren san\u0131k ve ayn\u0131 ara\u00e7ta bulunan 3 arkada\u015f\u0131 emniyetteki i\u015flemlerin ard\u0131ndan adliyeye sevk edildi. Samsun&#8217;un Atakum il\u00e7esinde, ar\u0131za yapt\u0131\u011f\u0131 i\u00e7in \u00e7a\u011f\u0131rd\u0131klar\u0131 oto kurtar\u0131c\u0131n\u0131n \u00fczerindeki otomobillerinde arkada\u015f\u0131 G\u00f6khan G\u00fcney\u2019i (24) pompal\u0131 t\u00fcfekle ba\u015f\u0131ndan vuran Metin S. (23) ile otomobilin arka k\u0131sm\u0131nda oturan 3 arkada\u015f\u0131, adliyeye sevk [&hellip;]<\/p>\n","protected":false},"author":1,"featured_media":3165,"comment_status":"closed","ping_status":"closed","sticky":false,"template":"","format":"standard","meta":{"footnotes":""},"categories":[7,39],"tags":[60,567],"class_list":["post-3164","post","type-post","status-publish","format-standard","has-post-thumbnail","hentry","category-gundem","category-haber","tag-cinayet","tag-pompali-tufek"],"_links":{"self":[{"href":"https:\/\/avukatimtv.com\/index.php\/wp-json\/wp\/v2\/posts\/3164","targetHints":{"allow":["GET"]}}],"collection":[{"href":"https:\/\/avukatimtv.com\/index.php\/wp-json\/wp\/v2\/posts"}],"about":[{"href":"https:\/\/avukatimtv.com\/index.php\/wp-json\/wp\/v2\/types\/post"}],"author":[{"embeddable":true,"href":"https:\/\/avukatimtv.com\/index.php\/wp-json\/wp\/v2\/users\/1"}],"replies":[{"embeddable":true,"href":"https:\/\/avukatimtv.com\/index.php\/wp-json\/wp\/v2\/comments?post=3164"}],"version-history":[{"count":1,"href":"https:\/\/avukatimtv.com\/index.php\/wp-json\/wp\/v2\/posts\/3164\/revisions"}],"predecessor-version":[{"id":3166,"href":"https:\/\/avukatimtv.com\/index.php\/wp-json\/wp\/v2\/posts\/3164\/revisions\/3166"}],"wp:featuredmedia":[{"embeddable":true,"href":"https:\/\/avukatimtv.com\/index.php\/wp-json\/wp\/v2\/media\/3165"}],"wp:attachment":[{"href":"https:\/\/avukatimtv.com\/index.php\/wp-json\/wp\/v2\/media?parent=3164"}],"wp:term":[{"taxonomy":"category","embeddable":true,"href":"https:\/\/avukatimtv.com\/index.php\/wp-json\/wp\/v2\/categories?post=3164"},{"taxonomy":"post_tag","embeddable":true,"href":"https:\/\/avukatimtv.com\/index.php\/wp-json\/wp\/v2\/tags?post=3164"}],"curies":[{"name":"wp","href":"https:\/\/api.w.org\/{rel}","templated":true}]}}