{"id":3167,"date":"2025-11-17T18:39:29","date_gmt":"2025-11-17T15:39:29","guid":{"rendered":"https:\/\/avukatimtv.com\/?p=3167"},"modified":"2025-11-17T18:39:29","modified_gmt":"2025-11-17T15:39:29","slug":"ayse-tokyaz-cinayeti-iddianamesi-cemil-k-icin-agirlastirilmis-muebbet-talebi","status":"publish","type":"post","link":"https:\/\/avukatimtv.com\/index.php\/2025\/11\/17\/ayse-tokyaz-cinayeti-iddianamesi-cemil-k-icin-agirlastirilmis-muebbet-talebi\/","title":{"rendered":"Ay\u015fe Tokyaz cinayeti iddianamesi: Cemil K. i\u00e7in a\u011f\u0131rla\u015ft\u0131r\u0131lm\u0131\u015f m\u00fcebbet talebi"},"content":{"rendered":"<div class=\"txt-wrapper\">\n<div class=\"desc\" tabindex=\"0\">Avukat Y\u0131lmaz, &#8220;Ay\u015fe\u2019yi \u00f6ld\u00fcrenler, su\u00e7a yard\u0131m edenler ve \u015fik\u00e2yetleri g\u00f6rmezden gelen polisler hakk\u0131nda gerekli i\u015flemlerin yap\u0131lmas\u0131 i\u00e7in hukuki m\u00fccadelemizi s\u00fcrd\u00fcrece\u011fiz&#8221; dedi.<\/div>\n<\/div>\n<div class=\"info-wrapper d-none d-lg-flex\">\n<div class=\"left-part\">\n<div class=\"authors-wrapper\">\n<p>\u0130stanbul Cumhuriyet Ba\u015fsavc\u0131l\u0131\u011f\u0131, 22 ya\u015f\u0131ndaki \u00fcniversite \u00f6\u011frencisi\u00a0Ay\u015fe Tokyaz\u2019\u0131n \u00f6ld\u00fcr\u00fclmesine ili\u015fkin iddianamesini tamamlad\u0131. Tokyaz\u2019\u0131 ayr\u0131lmak istedi\u011fi i\u00e7in eski polis Cemil K\u2019nin \u00f6ld\u00fcrd\u00fc\u011f\u00fc iddia ediliyor.<\/p>\n<p>Savc\u0131l\u0131k, iki san\u0131k hakk\u0131nda a\u011f\u0131rla\u015ft\u0131r\u0131lm\u0131\u015f m\u00fcebbet de dahil olmak \u00fczere \u00e7ok say\u0131da su\u00e7tan ceza talep ediyor.<\/p>\n<h2><strong>Birinci san\u0131k: Cemil K.<\/strong><\/h2>\n<p>\u0130ddianamede olay\u0131n ba\u015f \u015f\u00fcphelisi olarak yer alan eski polis Cemil K.\u2019nin, Ay\u015fe Tokyaz\u2019a y\u00f6nelik \u201ctasarlayarak \u00f6ld\u00fcrme\u201d, \u201ccanavarca hisle veya eziyet \u00e7ektirerek \u00f6ld\u00fcrme\u201d, \u201ckad\u0131na kar\u015f\u0131 \u00f6ld\u00fcrme\u201d, \u201ccinsel sald\u0131r\u0131\u201d, \u201ch\u00fcrriyetten yoksun k\u0131lma\u201d ve \u201c\u015fantaj\u201d su\u00e7lar\u0131n\u0131 i\u015fledi\u011fi belirtiliyor.<\/p>\n<p>Savc\u0131l\u0131k, K.\u2019nin TCK 82, 107, 109, 53, 54 ve 63. maddeleri uyar\u0131nca cezaland\u0131r\u0131lmas\u0131n\u0131 talep ederek a\u011f\u0131rla\u015ft\u0131r\u0131lm\u0131\u015f m\u00fcebbet hapis, \u00f6zg\u00fcrl\u00fc\u011f\u00fc k\u0131s\u0131tlamaya ili\u015fkin ek cezalar, \u015fantajdan ek hapis cezas\u0131, hak yoksunluklar\u0131 ve su\u00e7ta kullan\u0131lan ara\u00e7lar\u0131n m\u00fcsaderesini istiyor.<\/p>\n<p>Cemil K. 12\u201315 Temmuz 2025 aras\u0131nda g\u00f6zalt\u0131nda tutuldu, 16 Temmuz\u2019da \u00e7\u0131kar\u0131ld\u0131\u011f\u0131 mahkemece tutukland\u0131 ve h\u00e2len cezaevinde. Ko\u00e7&#8217;un, \u201ccesedi yok etme\u201d su\u00e7lamas\u0131n\u0131 reddetti\u011fi iddianamede yer al\u0131yor.<\/p>\n<h2><strong>\u0130kinci san\u0131k: O\u011fuz K.<\/strong><\/h2>\n<p>\u0130ddianamenin ikinci \u015f\u00fcphelisi O\u011fuz K.. Savc\u0131l\u0131k, O\u011fuz K.\u2019nin Cemil K. ile birlikte Ay\u015fe Tokyaz\u2019\u0131n tasarlayarak ve canavarca hisle \u00f6ld\u00fcr\u00fclmesine i\u015ftirak etti\u011fini, ayr\u0131ca Tokyaz\u2019\u0131n h\u00fcrriyetinden yoksun b\u0131rak\u0131lmas\u0131nda rol oynad\u0131\u011f\u0131n\u0131 belirtiyor.<\/p>\n<p>K. \u00a0hakk\u0131nda TCK 82 (kasten \u00f6ld\u00fcrmenin nitelikli halleri), 37 (i\u015ftirak), 109 (h\u00fcrriyetten yoksun k\u0131lma), ayr\u0131ca 53, 54 ve 63. maddelerden ceza talep ediliyor. Savc\u0131l\u0131k, K.\u2019nin de a\u011f\u0131rla\u015ft\u0131r\u0131lm\u0131\u015f m\u00fcebbet hapis cezas\u0131na \u00e7arpt\u0131r\u0131lmas\u0131n\u0131 istiyor.<\/p>\n<p>K.17\u201318 Temmuz\u2019da g\u00f6zalt\u0131na al\u0131nd\u0131ktan sonra 19 Temmuz 2025\u2019te tutukland\u0131 ve soru\u015fturma boyunca cezaevinde kald\u0131.<\/p>\n<h2><strong>Savc\u0131l\u0131\u011f\u0131n de\u011ferlendirmesi<\/strong><\/h2>\n<p>\u0130ddianamede Ay\u015fe Tokyaz\u2019\u0131n \u00f6zg\u00fcrl\u00fc\u011f\u00fcn\u00fcn elinden al\u0131nd\u0131\u011f\u0131, a\u011f\u0131r \u015fiddet ve i\u015fkenceye maruz b\u0131rak\u0131ld\u0131\u011f\u0131 ve ard\u0131ndan \u00f6ld\u00fcr\u00fcld\u00fc\u011f\u00fc vurgulan\u0131yor. San\u0131klar\u0131n, su\u00e7lar\u0131 tasarlayarak ve ortak hareket ederek i\u015fledikleri ifade ediliyor. Dosyada ayr\u0131ca delillerin yok edilmeye \u00e7al\u0131\u015f\u0131ld\u0131\u011f\u0131na dair tespitlere yer veriliyor.<\/p>\n<\/div>\n<h2><strong>Davan\u0131n takibi<\/strong><\/h2>\n<p>Davay\u0131,\u00a0\u00d6nce \u00c7ocuklar ve Kad\u0131nlar Derne\u011fi\u2019nin g\u00f6n\u00fcll\u00fc avukatlar\u0131ndan Beg\u00fcm Osma Y\u0131lmaz takip ediyor. Y\u0131lmaz, bianet\u2019e yapt\u0131\u011f\u0131 a\u00e7\u0131klamada s\u00fcrecin yaln\u0131zca iddianamenin haz\u0131rlanmas\u0131yla s\u0131n\u0131rl\u0131 olmad\u0131\u011f\u0131n\u0131 vurgulayarak \u015funlar\u0131 s\u00f6yledi:<\/p>\n<p>\u201cKamuoyunun bask\u0131s\u0131 sayesinde dosya bu a\u015famaya gelebildi ancak as\u0131l \u00f6nemli olan bundan sonras\u0131. Duru\u015fmalar\u0131 kad\u0131n \u00f6rg\u00fctleri ve avukatlarla birlikte, hep birlikte takip edece\u011fiz. Ay\u015fe\u2019yi \u00f6ld\u00fcrenler, su\u00e7a yard\u0131m edenler ve \u015fik\u00e2yetleri g\u00f6rmezden gelen polisler hakk\u0131nda gerekli i\u015flemlerin yap\u0131lmas\u0131 i\u00e7in hukuki m\u00fccadelemizi s\u00fcrd\u00fcrece\u011fiz.\u201d<\/p>\n<\/div>\n<\/div>\n","protected":false},"excerpt":{"rendered":"<p>Avukat Y\u0131lmaz, &#8220;Ay\u015fe\u2019yi \u00f6ld\u00fcrenler, su\u00e7a yard\u0131m edenler ve \u015fik\u00e2yetleri g\u00f6rmezden gelen polisler hakk\u0131nda gerekli i\u015flemlerin yap\u0131lmas\u0131 i\u00e7in hukuki m\u00fccadelemizi s\u00fcrd\u00fcrece\u011fiz&#8221; dedi. \u0130stanbul Cumhuriyet Ba\u015fsavc\u0131l\u0131\u011f\u0131, 22 ya\u015f\u0131ndaki \u00fcniversite \u00f6\u011frencisi\u00a0Ay\u015fe Tokyaz\u2019\u0131n \u00f6ld\u00fcr\u00fclmesine ili\u015fkin iddianamesini tamamlad\u0131. Tokyaz\u2019\u0131 ayr\u0131lmak istedi\u011fi i\u00e7in eski polis Cemil K\u2019nin \u00f6ld\u00fcrd\u00fc\u011f\u00fc iddia ediliyor. Savc\u0131l\u0131k, iki san\u0131k hakk\u0131nda a\u011f\u0131rla\u015ft\u0131r\u0131lm\u0131\u015f m\u00fcebbet de dahil olmak \u00fczere \u00e7ok [&hellip;]<\/p>\n","protected":false},"author":1,"featured_media":3168,"comment_status":"closed","ping_status":"closed","sticky":false,"template":"","format":"standard","meta":{"footnotes":""},"categories":[7,39],"tags":[60,568,569],"class_list":["post-3167","post","type-post","status-publish","format-standard","has-post-thumbnail","hentry","category-gundem","category-haber","tag-cinayet","tag-agirlastirilmis-muebbet","tag-muebbet-talebi"],"_links":{"self":[{"href":"https:\/\/avukatimtv.com\/index.php\/wp-json\/wp\/v2\/posts\/3167","targetHints":{"allow":["GET"]}}],"collection":[{"href":"https:\/\/avukatimtv.com\/index.php\/wp-json\/wp\/v2\/posts"}],"about":[{"href":"https:\/\/avukatimtv.com\/index.php\/wp-json\/wp\/v2\/types\/post"}],"author":[{"embeddable":true,"href":"https:\/\/avukatimtv.com\/index.php\/wp-json\/wp\/v2\/users\/1"}],"replies":[{"embeddable":true,"href":"https:\/\/avukatimtv.com\/index.php\/wp-json\/wp\/v2\/comments?post=3167"}],"version-history":[{"count":1,"href":"https:\/\/avukatimtv.com\/index.php\/wp-json\/wp\/v2\/posts\/3167\/revisions"}],"predecessor-version":[{"id":3169,"href":"https:\/\/avukatimtv.com\/index.php\/wp-json\/wp\/v2\/posts\/3167\/revisions\/3169"}],"wp:featuredmedia":[{"embeddable":true,"href":"https:\/\/avukatimtv.com\/index.php\/wp-json\/wp\/v2\/media\/3168"}],"wp:attachment":[{"href":"https:\/\/avukatimtv.com\/index.php\/wp-json\/wp\/v2\/media?parent=3167"}],"wp:term":[{"taxonomy":"category","embeddable":true,"href":"https:\/\/avukatimtv.com\/index.php\/wp-json\/wp\/v2\/categories?post=3167"},{"taxonomy":"post_tag","embeddable":true,"href":"https:\/\/avukatimtv.com\/index.php\/wp-json\/wp\/v2\/tags?post=3167"}],"curies":[{"name":"wp","href":"https:\/\/api.w.org\/{rel}","templated":true}]}}