{"id":3170,"date":"2025-11-17T18:52:42","date_gmt":"2025-11-17T15:52:42","guid":{"rendered":"https:\/\/avukatimtv.com\/?p=3170"},"modified":"2025-11-17T18:52:42","modified_gmt":"2025-11-17T15:52:42","slug":"ayse-tokyaz-cinayetinde-agirlastirilmis-muebbet-hapis-talebi","status":"publish","type":"post","link":"https:\/\/avukatimtv.com\/index.php\/2025\/11\/17\/ayse-tokyaz-cinayetinde-agirlastirilmis-muebbet-hapis-talebi\/","title":{"rendered":"Ay\u015fe Tokyaz cinayetinde a\u011f\u0131rla\u015ft\u0131r\u0131lm\u0131\u015f m\u00fcebbet hapis talebi"},"content":{"rendered":"<h2 class=\"nd-article__spot\">K\u00fc\u00e7\u00fck\u00e7ekmece\u2019de \u00f6ld\u00fcr\u00fclen Ay\u015fe Tokyaz cinayetine ili\u015fkin iddianame haz\u0131rland\u0131. K\u00fc\u00e7\u00fck\u00e7ekmece 2. A\u011f\u0131r Ceza Mahkemesi&#8217;nce kabul edilen iddianamede Cemil Ko\u00e7 hakk\u0131nda &#8216;Kad\u0131na Kar\u015f\u0131 Tasarlayarak ve Canavarca Hisle Eziyet \u00c7ektirerek \u00d6ld\u00fcrme&#8217; su\u00e7undan a\u011f\u0131rla\u015ft\u0131r\u0131lm\u0131\u015f m\u00fcebbet, &#8216;Cebir Tehdit veya Hile Kullanarak Ki\u015fiyi H\u00fcrriyetinden Yoksun K\u0131lma&#8217;, &#8216;\u015eantaj&#8217; su\u00e7lar\u0131ndan ise 4 y\u0131ldan 15 y\u0131la kadar, O\u011fuz Kal hakk\u0131nda ise a\u011f\u0131rla\u015ft\u0131r\u0131lm\u0131\u015f m\u00fcebbet ve 3 y\u0131ldan 12 y\u0131la kadar hapis cezas\u0131 talep edildi.<\/h2>\n<div class=\"nd-article__info\">\n<p>K\u00fc\u00e7\u00fck\u00e7ekmece\u00a0Cumhuriyet Ba\u015fsavc\u0131l\u0131\u011f\u0131 taraf\u0131ndan y\u00fcr\u00fct\u00fclen soru\u015fturma kapsam\u0131nda iddianame haz\u0131rland\u0131. 9 san\u0131\u011f\u0131n yer ald\u0131\u011f\u0131 iddianamede, Cemil Ko\u00e7&#8217;un ihra\u00e7 durumda polis memuru oldu\u011fu, 8 su\u00e7 kayd\u0131n\u0131n oldu\u011fu belirtildi. \u0130ddianamede, Ay\u015fe Tokyaz&#8217;\u0131n karde\u015fi Esra Tokyaz&#8217;\u0131n ifadelerine de yer verildi. Esra Tokyaz, 8 Temmuz 2025 ak\u015fam\u0131 Ay\u015fe Tokyaz&#8217;\u0131 g\u00f6r\u00fcnt\u00fcl\u00fc arad\u0131\u011f\u0131nda y\u00fcz\u00fcnde morluklar ve kanama g\u00f6rd\u00fc\u011f\u00fcn\u00fc, ne oldu\u011funu sordu\u011funda Ay\u015fe&#8217;nin Cemil Ko\u00e7 taraf\u0131ndan darbedildi\u011fini s\u00f6yledi\u011fini aktard\u0131\u011f\u0131 belirtildi. Esra Tokyaz, 10 Temmuz 2025 saat 23.30 s\u0131ralar\u0131nda bu kez Cemil Ko\u00e7&#8217;un kendisini arad\u0131\u011f\u0131n\u0131, Ay\u015fe Tokyaz&#8217;a hediye ald\u0131\u011f\u0131 7-8 adet y\u00fcz\u00fc\u011f\u00fc geri istedi\u011fini belirtti\u011fini, y\u00fcz\u00fckleri almak \u00fczere Cemal Arslan&#8217;\u0131 g\u00f6nderece\u011fini s\u00f6yledi\u011fini ifade etti. Bunun \u00fczerine y\u00fcz\u00fckleri alan Esra Tokyaz, Cemal Arslan&#8217;\u0131n kulland\u0131\u011f\u0131 ara\u00e7la Ay\u015fe&#8217;nin bulundu\u011fu eve gitti. Kap\u0131y\u0131 Cemil Ko\u00e7&#8217;un a\u00e7t\u0131\u011f\u0131n\u0131, y\u00fcz\u00fckleri teslim ettikten sonra karde\u015fini sordu\u011funda Ko\u00e7&#8217;un &#8216;Gitti, evde de\u011fil&#8217; dedi\u011fini, ancak Ay\u015fe&#8217;nin ayakkab\u0131lar\u0131n\u0131n kap\u0131 \u00f6n\u00fcnde durdu\u011funu g\u00f6r\u00fcnce karde\u015finin hayat\u0131ndan endi\u015fe ederek Polis Merkezi&#8217;ne gidip \u015fik\u00e2yet\u00e7i oldu\u011funu beyan etti.<\/p>\n<\/div>\n<div><\/div>\n<div><img decoding=\"async\" src=\"https:\/\/image.dha.com.tr\/i\/dha\/75\/770x0\/691b29d8a322c59cc784da8f.jpg\" alt=\"Ay\u015fe Tokyaz cinayetinde a\u011f\u0131rla\u015ft\u0131r\u0131lm\u0131\u015f m\u00fcebbet hapis talebi\" \/><\/div>\n<div><\/div>\n<div>\n<p><strong>MEMURLAR HAKKINDA AYRI SORU\u015eTURMA Y\u00dcR\u00dcT\u00dcLD\u00dc<\/strong><\/p>\n<p>Soru\u015fturma kapsam\u0131nda yap\u0131lan i\u015flemlerin devam\u0131nda, s\u00f6z konusu m\u00fcracaat \u00fczerine K\u00fc\u00e7\u00fck\u00e7ekmece \u0130l\u00e7e Emniyet M\u00fcd\u00fcrl\u00fc\u011f\u00fc ekiplerinin, 11 Temmuz 2025 tarihinde Cumhuriyet Ba\u015fsavc\u0131l\u0131\u011f\u0131 taraf\u0131ndan verilen arama karar\u0131n\u0131 uygulamak \u00fczere saat 06.45 s\u0131ralar\u0131nda ilgili daireye gittikleri belirtildi. D\u00fczenlenen tutanakta, dairede kimsenin bulunmad\u0131\u011f\u0131 ve evin da\u011f\u0131n\u0131k halde oldu\u011funun tespit edildi\u011fi kay\u0131t alt\u0131na al\u0131nd\u0131. Ancak, an\u0131lan arama karar\u0131n\u0131 yerine getiren polis memurlar\u0131yla ilgili olarak Cumhuriyet Ba\u015fsavc\u0131l\u0131\u011f\u0131 taraf\u0131ndan ayr\u0131ca bir soru\u015fturma y\u00fcr\u00fct\u00fcld\u00fc\u011f\u00fc de iddianamede ifade edildi.<\/p>\n<p>G\u00fcvenlik kameras\u0131 kay\u0131tlar\u0131n\u0131n incelenmesiyle, olay g\u00fcn\u00fc saat 01.36 s\u0131ralar\u0131nda \u015f\u00fcpheliler Cemil Ko\u00e7 ve O\u011fuz Kal&#8217;\u0131n blok \u00f6n\u00fcne geldikleri, O\u011fuz Kal&#8217;\u0131n maktul\u00fcn i\u00e7inde bulundu\u011fu valiz ile d\u0131\u015far\u0131 \u00e7\u0131kt\u0131\u011f\u0131 ve valizin arac\u0131n bagaj\u0131na yerle\u015ftirildi\u011finin tespit edildi\u011fi belirtildi. Ayr\u0131ca, tasarlayarak \u00f6ld\u00fcrme su\u00e7unun planlama a\u015famas\u0131 kapsam\u0131nda, \u015f\u00fcpheliler Cemil Ko\u00e7 ve O\u011fuz Kal&#8217;\u0131n 11 Temmuz 2025 g\u00fcn\u00fc saat 10.00 s\u0131ralar\u0131nda ikametg\u00e2h\u0131 temizletmek amac\u0131yla eve temizlik\u00e7ileri y\u00f6nlendirdikleri tespit edildi.<\/p>\n<\/div>\n<p><strong>ARACIN ANAHTARINI A\u011eA\u00c7LIK ALANA ATMI\u015e<\/strong><\/p>\n<p>Devam eden incelemelerde, 12 Temmuz 2025 g\u00fcn\u00fc, olaydan haberdar olan ve tasarlayarak \u00f6ld\u00fcrme eyleminin yard\u0131m safhas\u0131nda etkin rol \u00fcstlenen \u015f\u00fcpheliler Bar\u0131\u015f Can Ayd\u0131n, Yusuf Ziya Sancak ve Erhan Girgin&#8217;in, olayda kullan\u0131lan 03 DR 985 plakal\u0131 arac\u0131n bagaj\u0131n\u0131 a\u00e7arak maktul\u00fcn cesedinin bulundu\u011fu valizi ara\u00e7tan \u00e7\u0131kar\u0131p, 34 TG 1693 plakal\u0131 araca yerle\u015ftirdikleri belirlendi. Bu s\u0131rada yolun kar\u015f\u0131 taraf\u0131nda bekleyen, tasarlayarak \u00f6ld\u00fcrme eyleminden haberdar olan ve yard\u0131m a\u015famas\u0131nda aktif rol ald\u0131\u011f\u0131 de\u011ferlendirilen \u015f\u00fcpheli Necmettin E.&#8217;nin kolluk g\u00f6revlilerinin \u015f\u00fcpheliye y\u00f6neldi\u011fi s\u0131rada arac\u0131n anahtar\u0131n\u0131 a\u011fa\u00e7l\u0131k alana do\u011fru att\u0131\u011f\u0131n\u0131n g\u00fcvenlik kameras\u0131 ve kolluk tespitlerine yans\u0131d\u0131\u011f\u0131 ifade edildi.<\/p>\n<p>&nbsp;<\/p>\n<p><img decoding=\"async\" src=\"https:\/\/image.dha.com.tr\/i\/dha\/75\/770x0\/691b29d5a322c59cc784da85.jpg\" alt=\"Ay\u015fe Tokyaz cinayetinde a\u011f\u0131rla\u015ft\u0131r\u0131lm\u0131\u015f m\u00fcebbet hapis talebi\" \/><\/p>\n<p>&nbsp;<\/p>\n<p><strong>DUVAR D\u00d6\u015eEMELER\u0130N\u0130N BOYALI OLDU\u011eU BEL\u0130RLEND\u0130<\/strong><\/p>\n<p>Olay Yeri \u0130nceleme \u015eube M\u00fcd\u00fcrl\u00fc\u011f\u00fcn\u00fcn raporunda, ara\u00e7 kap\u0131 ceplerinde naylon po\u015fet, pet \u015fi\u015fe, bagaj i\u00e7erisinde, 1 adet bej renkli kanl\u0131 mont, siyah renkli kanl\u0131 mont, naylon po\u015fet, 15 farkl\u0131 operat\u00f6rlere ait sim kart\u0131 al\u0131nm\u0131\u015f kartl\u0131klar, karton telefon kutular\u0131 oldu\u011fu, ara\u00e7 bagaj\u0131nda bagaj paspas\u0131 \u00fczerinde s\u0131v\u0131 halde kan oldu\u011fu belirlendi. Ara\u00e7ta bulunan san\u0131klar Bar\u0131\u015f Can Ayd\u0131n, Yusuf Ziya Sancak ve Erhan Girgin&#8217;in, 13 Temmuz 2025 g\u00fcn\u00fc saat 01.00 s\u0131ralar\u0131nda arac\u0131n bulundu\u011fu konuma yak\u0131n bir noktada, Ey\u00fcpsultan G\u00f6kt\u00fcrk Mahallesi \u0130stanbul Caddesi \u00fczerinde yakaland\u0131klar\u0131 bildirildi. San\u0131klar, polis ekiplerine verdikleri s\u00f6zl\u00fc beyanlarda, Ay\u015fe Tokyaz&#8217;\u0131n cesedinin bulundu\u011fu valizi ye\u015fillik bir alana att\u0131klar\u0131n\u0131 s\u00f6yledi. Bunun \u00fczerine b\u00f6lgeye giden polis ekipleri, Ey\u00fcpsultan Mithatpa\u015fa Mahallesi&#8217;ndeki ye\u015fillik alanda kan lekeleri bulunan ve yo\u011fun koku gelen siyah bir valizi buldu. Valizin i\u00e7inde Ay\u015fe Tokyaz&#8217;\u0131n cans\u0131z bedenin g\u00f6r\u00fcld\u00fc\u011f\u00fc belirtildi. Ayr\u0131ca olay\u0131n ya\u015fand\u0131\u011f\u0131 evde yap\u0131lan incelemede, duvar d\u00f6\u015femelerinin komple ah\u015fap ve k\u0131rm\u0131z\u0131 renkli boyal\u0131 oldu\u011fu, merdiven \u00e7\u0131k\u0131\u015f\u0131nda sa\u011fda 1&#8217;i yerde di\u011feri koltu\u011fa yasl\u0131 vaziyette iki minderin oldu\u011fu, yerdeki minderin k\u0131l\u0131f\u0131nda yo\u011fun k\u0131rm\u0131z\u0131 lekeler bulundu\u011fu belirlendi.<\/p>\n<p>&nbsp;<\/p>\n<p><img decoding=\"async\" src=\"https:\/\/image.dha.com.tr\/i\/dha\/75\/770x0\/691b29d5a322c59cc784da83.jpg\" alt=\"Ay\u015fe Tokyaz cinayetinde a\u011f\u0131rla\u015ft\u0131r\u0131lm\u0131\u015f m\u00fcebbet hapis talebi\" \/><\/p>\n<p>&nbsp;<\/p>\n<p><strong>&#8216;AY\u015eE MERD\u0130VENDEN D\u00dc\u015e\u00dcP \u00d6LD\u00dc&#8217;<\/strong><\/p>\n<p>Cemil Ko\u00e7&#8217;un savunmas\u0131nda, &#8220;Ay\u015fe Tokyaz benim imam nikahl\u0131 e\u015fim, Ay\u015fe ile problemim yok kendisinin her dedi\u011fini yapt\u0131m laf\u0131n\u0131 ikiletmedim. Olay g\u00fcn\u00fc dubleks evimin \u00fcst kat\u0131ndayd\u0131k ve Ay\u015fe bana meze haz\u0131rlamak i\u00e7in alt katta bulunan mutfa\u011fa gitmek \u00fczere basamaklar\u0131 tahta y\u00fcksek ve dar olan merdivenden indi\u011fi s\u0131rada ses geldi. Bunun \u00fczerine Ay\u015fe&#8217;nin yan\u0131na gittim, Ay\u015fe&#8217;yi oturur vaziyette d\u00fc\u015fm\u00fc\u015f ve kafas\u0131n\u0131 duvara vurmu\u015f vaziyette buldum. Ay\u015fe&#8217;yi al\u0131p koltu\u011fa yat\u0131rd\u0131m, Ay\u015fe&#8217;nin a\u011fz\u0131ndan k\u00f6p\u00fckler geldi\u011fini g\u00f6rmem \u00fczerine yard\u0131m \u00e7a\u011f\u0131rmak i\u00e7in telefonunu almak i\u00e7in \u00fcst kata \u00e7\u0131kt\u0131m. Ay\u015fe&#8217;ye kalp mesaj\u0131 ve suni teref\u00fcs yapt\u0131m ancak Ay\u015fe&#8217;nin nefes almad\u0131\u011f\u0131n\u0131 fark ettim. Ay\u015fe&#8217;nin v\u00fccudu \u00f6l\u00fc v\u00fccudu olup so\u011fuduktan sonra U\u011fur abi diye hitap etti\u011fi O\u011fuz Kal&#8217;\u0131 arad\u0131m. O\u011fuz evin yak\u0131nlar\u0131na geldi daireye \u00e7\u0131kt\u0131k. Ay\u015fe&#8217;yi valize ben koydum O\u011fuz Kal kar\u0131\u015fmad\u0131. Sonras\u0131nda valizi alarak arac\u0131n yan\u0131na gittik valizi araca ben koydum. Sonras\u0131nda O\u011fuz&#8217;un ortakl\u0131\u011f\u0131n\u0131n bulundu\u011fu benzinli\u011fe gittik. Benzinlikten O\u011fuz ile birlikte ayr\u0131ld\u0131ktan sonra ne yapaca\u011f\u0131m\u0131z\u0131 konu\u015ftuk. Ancak O\u011fuz korkup beni satt\u0131\u011f\u0131n\u0131 s\u00f6yledi. O\u011fuz&#8217;un beni satmas\u0131 nedeniyle iyice korkuya kap\u0131larak d\u00fc\u015f\u00fcnmek i\u00e7in meyhaneye gittim ve meyhanedeyken Necmettin&#8217;i arayarak &#8216;Valizde s\u0131k\u0131nt\u0131l\u0131 bir \u015fey var bunu g\u00f6mmemiz laz\u0131m ilerleyen zamanda geri alaca\u011f\u0131m ama i\u00e7ini a\u00e7\u0131p bakmak yok&#8217; diyerek kar\u015f\u0131l\u0131\u011f\u0131nda para teklifinde bulundum. Ki\u015fi ba\u015f\u0131 100 bin lira \u015feklinde toplamda 500 bin lira kar\u015f\u0131l\u0131\u011f\u0131nda anla\u015ft\u0131k. Necmettin bana, bu i\u015fi kendisinin yapmayaca\u011f\u0131n\u0131 arac\u0131l\u0131k edece\u011fini ancak yapacak ki\u015fileri bulaca\u011f\u0131n\u0131 s\u00f6yledi. 4 ki\u015fi olduklar\u0131n\u0131 biliyordum ve Ay\u015fe&#8217;nin cesedinin bulundu\u011fu 03 DR 985 Plakal\u0131 arac\u0131n anahtar\u0131n\u0131 Necmettin&#8217;e verdim. Gerisi ile Necmettin&#8217;in ilgilendi, cesedin b\u0131rak\u0131ld\u0131\u011f\u0131na dair foto\u011fraf veya konum bilgisi almad\u0131m varsa da olay\u0131n s\u0131cakl\u0131\u011f\u0131 ile bakamam\u0131\u015f veya anlayamam\u0131\u015f olabilirim. Paran\u0131n bir k\u0131sm\u0131n\u0131 foto\u011fraf att\u0131klar\u0131nda ya da valizi geri istedi\u011fimde verece\u011fimi s\u00f6yledim. Ancak para veremeden olay a\u00e7\u0131\u011fa \u00e7\u0131kt\u0131. Ay\u015fe Tokyaz&#8217;\u0131 \u00f6ld\u00fcrmedim. Ay\u015fe Tokyaz d\u00fc\u015ferek vefat etti ben sadece korktu\u011fum i\u00e7in cesedi yok ettim. Ay\u015fe&#8217;yi hi\u00e7 darp etmedim, Esra Tokyaz&#8217;\u0131n iddialar\u0131 ger\u00e7ek d\u0131\u015f\u0131. Diyarbak\u0131r&#8217;da ger\u00e7ekle\u015fen imam nikahl\u0131 e\u015fi Ejeg\u00fcl&#8217;\u00fc de ben \u00f6ld\u00fcrmedim. Ejeg\u00fcl intihar etti&#8221; dedi.<\/p>\n<p>&nbsp;<\/p>\n<p><img decoding=\"async\" src=\"https:\/\/image.dha.com.tr\/i\/dha\/75\/770x0\/691b29d7a322c59cc784da8d.jpg\" alt=\"Ay\u015fe Tokyaz cinayetinde a\u011f\u0131rla\u015ft\u0131r\u0131lm\u0131\u015f m\u00fcebbet hapis talebi\" \/><\/p>\n<p>&nbsp;<\/p>\n<p><strong>&#8216;VAL\u0130ZE CESET BEN VARKEN KONULMADI&#8217;<\/strong><\/p>\n<p>San\u0131k O\u011fuz Kal savunmas\u0131nda; &#8220;15 y\u0131l kadar \u00f6nce Cemil&#8217;in Beykoz&#8217;da polis memuru oldu\u011fu d\u00f6nemde tan\u0131\u015ft\u0131k, aram\u0131zda abi-karde\u015f ili\u015fkisi vard\u0131. Alibeyk\u00f6y&#8217;de gasilhanenin kar\u015f\u0131s\u0131nda bulunan orta\u011f\u0131 oldu\u011fu \u015firkette bulundu\u011fu s\u0131rada olay tarihinde gece saat 1 s\u0131ralar\u0131nda Cemil Ko\u00e7 beni arayarak yurt d\u0131\u015f\u0131na gidece\u011fini ve benimle g\u00f6r\u00fc\u015fmek istedi\u011fini s\u00f6yledi. Bunun \u00fczerine petrole gelmesini s\u00f6yledim. Cemil sarho\u015f olmas\u0131 sebebiyle gelemeyece\u011fini s\u00f6yleyerek telefonu kapatt\u0131. Tekrar arad\u0131\u011f\u0131n\u0131 ve yurt d\u0131\u015f\u0131na gidece\u011fini arabas\u0131n\u0131 15-20 g\u00fcnl\u00fc\u011f\u00fcne emaneten almas\u0131n\u0131 ve g\u00f6r\u00fc\u015fme istedi\u011fini yeniden s\u00f6yleyerek evinin konumunu at\u0131p beni \u00e7a\u011f\u0131rd\u0131. Bahse konu olan eve 55 AOE 795 plakal\u0131 ara\u00e7la gittim. Cemil&#8217;in siteden k\u0131rm\u0131z\u0131 arac\u0131yla \u00e7\u0131kmas\u0131 \u00fczerine arac\u0131mdan inerek Cemil&#8217;in arac\u0131na bindim ve site i\u00e7erisine girerek arac\u0131 sitenin giri\u015fine park ettik. Cemil, valizleri almak i\u00e7in kendisiyle yukar\u0131 gelmemi s\u00f6ylemesi \u00fczerine valizleri tek ba\u015f\u0131na almas\u0131n\u0131 s\u00f6yledim. Ancak Cemil&#8217;in &#8216;abi gel&#8217; demesi \u00fczerine onu k\u0131ramayarak yukar\u0131 \u00e7\u0131kt\u0131m, evde bir tane kapal\u0131 vaziyette duran siyah valiz oldu\u011funu g\u00f6rd\u00fcm. Valize ceset ben varken konulmad\u0131, Cemil&#8217;e kesinlikle yard\u0131mc\u0131 olmad\u0131m. Olay yerinde ceset g\u00f6rmedim sadece valiz g\u00f6rd\u00fcm. Sabah 08.00 s\u0131ralar\u0131nda Cemil beni uyand\u0131rarak &#8216;Birlikte gidelim arac\u0131m\u0131 alal\u0131m, buradan taksiyle gidelim, 2 ara\u00e7 gitmeyelim&#8217; demesi \u00fczerine petrol\u00fcn \u00f6n\u00fcnden taksiye binip arac\u0131n bulundu\u011fu yere gittik. Tekrar petrole d\u00f6nd\u00fck Cemil bana &#8216;Temizlik\u00e7iyi arayay\u0131m, evi temizleteyim, evin anahtar\u0131n\u0131 da sana vereyim dursun&#8217; dedi ancak reddettim. Cemil&#8217;in gergin tav\u0131rlar\u0131ndan \u015f\u00fcphelenerek ara\u00e7la birini ezmi\u015f olabilece\u011fi veya arac\u0131n \u00e7al\u0131nt\u0131 olabilece\u011fi d\u00fc\u015f\u00fcncesiyle arac\u0131 almak istemedim ve beni ara\u00e7tan indirmesini istedim&#8221; dedi.<\/p>\n<p>&nbsp;<\/p>\n<p><img decoding=\"async\" src=\"https:\/\/image.dha.com.tr\/i\/dha\/75\/770x0\/691b29d7a322c59cc784da8b.jpg\" alt=\"Ay\u015fe Tokyaz cinayetinde a\u011f\u0131rla\u015ft\u0131r\u0131lm\u0131\u015f m\u00fcebbet hapis talebi\" \/><\/p>\n<p>&nbsp;<\/p>\n<p><strong>CEM\u0130L KO\u00c7 HAKKINDA A\u011eIRLA\u015eTIRILMI\u015e M\u00dcEBBET \u0130STEND\u0130<\/strong><\/p>\n<p>\u0130ddianamede, san\u0131k Cemil Ko\u00e7 hakk\u0131nda &#8216;Kad\u0131na Kar\u015f\u0131 Tasarlayarak ve Canavarca Hisle Eziyet \u00c7ektirerek \u00d6ld\u00fcrme&#8217; su\u00e7undan a\u011f\u0131rla\u015ft\u0131r\u0131lm\u0131\u015f m\u00fcebbet, &#8216;Cebir Tehdit veya Hile Kullanarak Ki\u015fiyi H\u00fcrriyetinden Yoksun K\u0131lma&#8217;, &#8216;\u015eantaj&#8217; su\u00e7lar\u0131ndan ise 4 y\u0131ldan 15 y\u0131la kadar, O\u011fuz Kal hakk\u0131nda ise a\u011f\u0131rla\u015ft\u0131r\u0131lm\u0131\u015f m\u00fcebbet ve di\u011fer su\u00e7lardan 3 y\u0131ldan 12 y\u0131la kadar hapis cezas\u0131 istendi. Tutuklu di\u011fer 7 san\u0131k hakk\u0131nda ise, &#8216;Kad\u0131na Kar\u015f\u0131 Tasarlayarak ve Canavarca Hisle Eziyet \u00c7ektirerek \u00d6ld\u00fcrmeye Yard\u0131m Etme&#8217; su\u00e7undan 15 y\u0131ldan 20 y\u0131la kadar hapis cezas\u0131 istendi.<\/p>\n<p>&nbsp;<\/p>\n<p><img decoding=\"async\" src=\"https:\/\/image.dha.com.tr\/i\/dha\/75\/770x0\/691b29d6a322c59cc784da89.jpg\" alt=\"Ay\u015fe Tokyaz cinayetinde a\u011f\u0131rla\u015ft\u0131r\u0131lm\u0131\u015f m\u00fcebbet hapis talebi\" \/><\/p>\n<p><img decoding=\"async\" src=\"https:\/\/image.dha.com.tr\/i\/dha\/75\/770x0\/691b29d6a322c59cc784da87.jpg\" alt=\"Ay\u015fe Tokyaz cinayetinde a\u011f\u0131rla\u015ft\u0131r\u0131lm\u0131\u015f m\u00fcebbet hapis talebi\" \/><\/p>\n","protected":false},"excerpt":{"rendered":"<p>K\u00fc\u00e7\u00fck\u00e7ekmece\u2019de \u00f6ld\u00fcr\u00fclen Ay\u015fe Tokyaz cinayetine ili\u015fkin iddianame haz\u0131rland\u0131. K\u00fc\u00e7\u00fck\u00e7ekmece 2. A\u011f\u0131r Ceza Mahkemesi&#8217;nce kabul edilen iddianamede Cemil Ko\u00e7 hakk\u0131nda &#8216;Kad\u0131na Kar\u015f\u0131 Tasarlayarak ve Canavarca Hisle Eziyet \u00c7ektirerek \u00d6ld\u00fcrme&#8217; su\u00e7undan a\u011f\u0131rla\u015ft\u0131r\u0131lm\u0131\u015f m\u00fcebbet, &#8216;Cebir Tehdit veya Hile Kullanarak Ki\u015fiyi H\u00fcrriyetinden Yoksun K\u0131lma&#8217;, &#8216;\u015eantaj&#8217; su\u00e7lar\u0131ndan ise 4 y\u0131ldan 15 y\u0131la kadar, O\u011fuz Kal hakk\u0131nda ise a\u011f\u0131rla\u015ft\u0131r\u0131lm\u0131\u015f m\u00fcebbet ve [&hellip;]<\/p>\n","protected":false},"author":1,"featured_media":3171,"comment_status":"closed","ping_status":"closed","sticky":false,"template":"","format":"standard","meta":{"footnotes":""},"categories":[7,39],"tags":[251,136,568,570],"class_list":["post-3170","post","type-post","status-publish","format-standard","has-post-thumbnail","hentry","category-gundem","category-haber","tag-hapis","tag-kucukcekmece","tag-agirlastirilmis-muebbet","tag-cinayeti"],"_links":{"self":[{"href":"https:\/\/avukatimtv.com\/index.php\/wp-json\/wp\/v2\/posts\/3170","targetHints":{"allow":["GET"]}}],"collection":[{"href":"https:\/\/avukatimtv.com\/index.php\/wp-json\/wp\/v2\/posts"}],"about":[{"href":"https:\/\/avukatimtv.com\/index.php\/wp-json\/wp\/v2\/types\/post"}],"author":[{"embeddable":true,"href":"https:\/\/avukatimtv.com\/index.php\/wp-json\/wp\/v2\/users\/1"}],"replies":[{"embeddable":true,"href":"https:\/\/avukatimtv.com\/index.php\/wp-json\/wp\/v2\/comments?post=3170"}],"version-history":[{"count":1,"href":"https:\/\/avukatimtv.com\/index.php\/wp-json\/wp\/v2\/posts\/3170\/revisions"}],"predecessor-version":[{"id":3172,"href":"https:\/\/avukatimtv.com\/index.php\/wp-json\/wp\/v2\/posts\/3170\/revisions\/3172"}],"wp:featuredmedia":[{"embeddable":true,"href":"https:\/\/avukatimtv.com\/index.php\/wp-json\/wp\/v2\/media\/3171"}],"wp:attachment":[{"href":"https:\/\/avukatimtv.com\/index.php\/wp-json\/wp\/v2\/media?parent=3170"}],"wp:term":[{"taxonomy":"category","embeddable":true,"href":"https:\/\/avukatimtv.com\/index.php\/wp-json\/wp\/v2\/categories?post=3170"},{"taxonomy":"post_tag","embeddable":true,"href":"https:\/\/avukatimtv.com\/index.php\/wp-json\/wp\/v2\/tags?post=3170"}],"curies":[{"name":"wp","href":"https:\/\/api.w.org\/{rel}","templated":true}]}}