{"id":3173,"date":"2025-11-17T19:09:00","date_gmt":"2025-11-17T16:09:00","guid":{"rendered":"https:\/\/avukatimtv.com\/?p=3173"},"modified":"2025-11-17T19:09:00","modified_gmt":"2025-11-17T16:09:00","slug":"yan-baktin-cinayeti","status":"publish","type":"post","link":"https:\/\/avukatimtv.com\/index.php\/2025\/11\/17\/yan-baktin-cinayeti\/","title":{"rendered":"\u2018Yan Bakt\u0131n\u2019 Cinayeti"},"content":{"rendered":"<p>Bir kafede ba\u015flayan \u2018yan bakma\u2019 tart\u0131\u015fmas\u0131 k\u0131sa s\u00fcrede kavgaya d\u00f6n\u00fc\u015ft\u00fc ve b\u0131\u00e7akl\u0131 sald\u0131r\u0131yla son buldu. 23 ya\u015f\u0131ndaki Kenan Tayyip Y\u0131lmaz, ald\u0131\u011f\u0131 b\u0131\u00e7ak darbeleri sonucu ya\u015fam\u0131n\u0131 yitirdi. Olayla ilgili 17 ya\u015f\u0131ndaki katil zanl\u0131s\u0131 dahil \u00fc\u00e7 ki\u015fi g\u00f6zalt\u0131na al\u0131nd\u0131. Gen\u00e7 zanl\u0131n\u0131n daha \u00f6nce silahl\u0131 foto\u011fraf payla\u015ft\u0131\u011f\u0131 belirtilirken, olay b\u00fcy\u00fck yank\u0131 uyand\u0131rd\u0131.<\/p>\n<div class=\"esenhaber-author-box mb-2\">\n<div class=\"author-details\">\n<p data-path-to-node=\"5\">D\u00fcn ak\u015fam saatlerinde merkezdeki bir kafede trajik bir olay ya\u015fand\u0131. Kafede arkada\u015flar\u0131yla oturan 23 ya\u015f\u0131ndaki Kenan Tayyip Y\u0131lmaz ile yan masada bulunan 17 ya\u015f\u0131ndaki M.D.T. ve yan\u0131ndaki M.A.A. ile K.\u00c7. aras\u0131nda \u2018yan bakma\u2019 iddias\u0131yla bir tart\u0131\u015fma ba\u015flad\u0131. Bu k\u00fc\u00e7\u00fck s\u00fcrt\u00fc\u015fme k\u0131sa s\u00fcrede b\u00fcy\u00fcyerek kafeninin d\u0131\u015f\u0131ndaki otopark alan\u0131na ta\u015f\u0131nd\u0131.<\/p>\n<h3>B\u0131\u00e7akl\u0131 Sald\u0131r\u0131 ve Silah Sesleri<\/h3>\n<p data-path-to-node=\"7\">Otoparkta devam eden kavga s\u0131ras\u0131nda, 17 ya\u015f\u0131ndaki M.D.T., yan\u0131nda ta\u015f\u0131d\u0131\u011f\u0131 b\u0131\u00e7a\u011f\u0131 kullanarak Y\u0131lmaz\u2019a sald\u0131rd\u0131. \u0130ddialara g\u00f6re, kavgay\u0131 ay\u0131rmaya \u00e7al\u0131\u015ft\u0131\u011f\u0131 \u00f6ne s\u00fcr\u00fclen M.A.A. ve K.\u00c7. ise silahla havaya ate\u015f a\u00e7t\u0131. A\u00e7\u0131lan ate\u015f sonucu bir mermi, park halinde duran bir araca isabet etti.<\/p>\n<p data-path-to-node=\"8\">\u00c7evredekilerin durumu fark edip hemen ihbarda bulunmas\u0131 \u00fczerine olay yerine acil sa\u011fl\u0131k ve polis ekipleri sevk edildi. V\u00fccuduna alt\u0131 b\u0131\u00e7ak darbesi alan Kenan Tayyip Y\u0131lmaz, derhal Tokat Devlet Hastanesi\u2019ne kald\u0131r\u0131ld\u0131. Hastanede yap\u0131lan t\u00fcm m\u00fcdahalelere ra\u011fmen gen\u00e7 Y\u0131lmaz kurtar\u0131lamayarak hayat\u0131n\u0131 kaybetti.<\/p>\n<h3>\u00dc\u00e7 \u015e\u00fcpheli Yakaland\u0131<\/h3>\n<p data-path-to-node=\"10\">Olay\u0131n ard\u0131ndan kapsaml\u0131 bir soru\u015fturma ba\u015flatan \u0130l Emniyet M\u00fcd\u00fcrl\u00fc\u011f\u00fc Asayi\u015f \u015eube M\u00fcd\u00fcrl\u00fc\u011f\u00fc Cinayet B\u00fcro Amirli\u011fi ekipleri, k\u0131sa s\u00fcrede harekete ge\u00e7ti. Cinayetin zanl\u0131lar\u0131 olan \u00fc\u00e7 \u015f\u00fcpheli, olay yerinin yak\u0131nlar\u0131nda, cinayet aleti b\u0131\u00e7ak ve silahla birlikte yakalanarak g\u00f6zalt\u0131na al\u0131nd\u0131.<\/p>\n<p data-path-to-node=\"11\">Emniyetteki i\u015flemlerin tamamlanmas\u0131n\u0131n ard\u0131ndan katil zanl\u0131s\u0131 M.D.T. adliyeye sevk edildi. Di\u011fer iki \u015f\u00fcphelinin emniyetteki sorgu ve i\u015flemlerinin ise devam etti\u011fi \u00f6\u011frenildi.<\/p>\n<h3>Zanl\u0131n\u0131n Sosyal Medya Payla\u015f\u0131m\u0131<\/h3>\n<p data-path-to-node=\"13\">Hayat\u0131n\u0131 kaybeden gen\u00e7 Kenan Tayyip Y\u0131lmaz\u2019\u0131n ard\u0131ndan, olay\u0131n faili M.D.T.\u2019nin daha \u00f6nce silahla \u00e7ekilmi\u015f bir foto\u011fraf\u0131n\u0131 sosyal medya hesab\u0131ndan payla\u015ft\u0131\u011f\u0131 bilgisi de ortaya \u00e7\u0131kt\u0131. Bu durum, olay\u0131n kentte yaratt\u0131\u011f\u0131 b\u00fcy\u00fck tepkiyi daha da art\u0131rd\u0131.<\/p>\n<\/div>\n<\/div>\n","protected":false},"excerpt":{"rendered":"<p>Bir kafede ba\u015flayan \u2018yan bakma\u2019 tart\u0131\u015fmas\u0131 k\u0131sa s\u00fcrede kavgaya d\u00f6n\u00fc\u015ft\u00fc ve b\u0131\u00e7akl\u0131 sald\u0131r\u0131yla son buldu. 23 ya\u015f\u0131ndaki Kenan Tayyip Y\u0131lmaz, ald\u0131\u011f\u0131 b\u0131\u00e7ak darbeleri sonucu ya\u015fam\u0131n\u0131 yitirdi. Olayla ilgili 17 ya\u015f\u0131ndaki katil zanl\u0131s\u0131 dahil \u00fc\u00e7 ki\u015fi g\u00f6zalt\u0131na al\u0131nd\u0131. Gen\u00e7 zanl\u0131n\u0131n daha \u00f6nce silahl\u0131 foto\u011fraf payla\u015ft\u0131\u011f\u0131 belirtilirken, olay b\u00fcy\u00fck yank\u0131 uyand\u0131rd\u0131. D\u00fcn ak\u015fam saatlerinde merkezdeki bir kafede [&hellip;]<\/p>\n","protected":false},"author":1,"featured_media":3174,"comment_status":"closed","ping_status":"closed","sticky":false,"template":"","format":"standard","meta":{"footnotes":""},"categories":[7,39],"tags":[72,121,572,570,571],"class_list":["post-3173","post","type-post","status-publish","format-standard","has-post-thumbnail","hentry","category-gundem","category-haber","tag-supheli","tag-zanli","tag-bicakli-saldiri","tag-cinayeti","tag-yan-baktin"],"_links":{"self":[{"href":"https:\/\/avukatimtv.com\/index.php\/wp-json\/wp\/v2\/posts\/3173","targetHints":{"allow":["GET"]}}],"collection":[{"href":"https:\/\/avukatimtv.com\/index.php\/wp-json\/wp\/v2\/posts"}],"about":[{"href":"https:\/\/avukatimtv.com\/index.php\/wp-json\/wp\/v2\/types\/post"}],"author":[{"embeddable":true,"href":"https:\/\/avukatimtv.com\/index.php\/wp-json\/wp\/v2\/users\/1"}],"replies":[{"embeddable":true,"href":"https:\/\/avukatimtv.com\/index.php\/wp-json\/wp\/v2\/comments?post=3173"}],"version-history":[{"count":1,"href":"https:\/\/avukatimtv.com\/index.php\/wp-json\/wp\/v2\/posts\/3173\/revisions"}],"predecessor-version":[{"id":3175,"href":"https:\/\/avukatimtv.com\/index.php\/wp-json\/wp\/v2\/posts\/3173\/revisions\/3175"}],"wp:featuredmedia":[{"embeddable":true,"href":"https:\/\/avukatimtv.com\/index.php\/wp-json\/wp\/v2\/media\/3174"}],"wp:attachment":[{"href":"https:\/\/avukatimtv.com\/index.php\/wp-json\/wp\/v2\/media?parent=3173"}],"wp:term":[{"taxonomy":"category","embeddable":true,"href":"https:\/\/avukatimtv.com\/index.php\/wp-json\/wp\/v2\/categories?post=3173"},{"taxonomy":"post_tag","embeddable":true,"href":"https:\/\/avukatimtv.com\/index.php\/wp-json\/wp\/v2\/tags?post=3173"}],"curies":[{"name":"wp","href":"https:\/\/api.w.org\/{rel}","templated":true}]}}