{"id":3176,"date":"2025-11-18T18:53:37","date_gmt":"2025-11-18T15:53:37","guid":{"rendered":"https:\/\/avukatimtv.com\/?p=3176"},"modified":"2025-11-18T18:53:37","modified_gmt":"2025-11-18T15:53:37","slug":"yasak-aska-evde-sucustu-yapti-kacan-adami-oldurdu-cinayet-ani-kamerada","status":"publish","type":"post","link":"https:\/\/avukatimtv.com\/index.php\/2025\/11\/18\/yasak-aska-evde-sucustu-yapti-kacan-adami-oldurdu-cinayet-ani-kamerada\/","title":{"rendered":"Yasak a\u015fka evde su\u00e7\u00fcst\u00fc yapt\u0131, ka\u00e7an adam\u0131 \u00f6ld\u00fcrd\u00fc | Cinayet an\u0131 kamerada"},"content":{"rendered":"<div class=\"news-content__inf\">\n<h2>Adana&#8217;da, Derman Arslanhan (24), evde, e\u015fi cezaevinde olan k\u0131z karde\u015fi B.G. ile g\u00f6rd\u00fc\u011f\u00fc Baran Bayav\u2019\u0131 (23), sokakta b\u0131\u00e7aklay\u0131p \u00f6ld\u00fcrd\u00fc. \u0130fadesinde, \u201cBana b\u0131\u00e7akla sald\u0131rd\u0131. Arbede s\u0131ras\u0131nda yere d\u00fc\u015fen b\u0131\u00e7a\u011f\u0131 al\u0131p, pe\u015finden gittim. Sokaktaki arbedede b\u0131\u00e7aklad\u0131m\u201d diyen Arslanhan, tutukland\u0131.<\/h2>\n<\/div>\n<div class=\"news-content readingTime\">\n<p>Olay, 15 Kas\u0131m\u2019da saat 10.00 s\u0131ralar\u0131nda, Seyhan il\u00e7esi Fevzipa\u015fa Mahallesi\u2019nde meydana geldi. Evine gelen Derman Arslanhan, e\u015fi cezaevinde olan k\u0131z karde\u015fi B.G.\u2019yi sevgilisi Baran Bayav ile g\u00f6r\u00fcnce aralar\u0131nda tart\u0131\u015fma \u00e7\u0131kt\u0131. Tart\u0131\u015fma b\u00fcy\u00fcy\u00fcp kavgaya d\u00f6n\u00fc\u015ft\u00fc. Arslanhan, evden ko\u015farak ka\u00e7an Bayav\u2019\u0131n pe\u015finden gitti. Derman Arslanhan, sokakta yakalad\u0131\u011f\u0131 Baran Bayav\u2019\u0131 v\u00fccudunun \u00e7e\u015fitli yerlerinden b\u0131\u00e7aklay\u0131p ka\u00e7t\u0131. \u00c7evredekilerin ihbar\u0131 \u00fczerine adrese sa\u011fl\u0131k ve polis ekipleri sevk edildi. Sa\u011fl\u0131k g\u00f6revlilerinin ilk m\u00fcdahalesinin ard\u0131ndan Bayav hastaneye kald\u0131r\u0131ld\u0131. Tedaviye al\u0131nan Baran Bayav, kurtar\u0131lamad\u0131.<\/p>\n<\/div>\n<p><img decoding=\"async\" src=\"https:\/\/image.hurimg.com\/i\/hurriyet\/90\/770x0\/691c2d2f41322a828b4ce774.jpg\" alt=\"Yasak a\u015fka evde su\u00e7\u00fcst\u00fc yapt\u0131, ka\u00e7an adam\u0131 \u00f6ld\u00fcrd\u00fc | Cinayet an\u0131 kamerada\" \/><\/p>\n<p>&nbsp;<\/p>\n<p><strong>TUTUKLANDI\u00a0<\/strong><\/p>\n<p>Olayla ilgili \u00e7al\u0131\u015fma ba\u015flatan\u00a0Cinayet\u00a0B\u00fcro Amirli\u011fi ekipleri, \u015f\u00fcphelinin Mithatpa\u015fa Mahallesi\u2019ndeki bir evde sakland\u0131\u011f\u0131n\u0131 tespit etti. Polis, adrese yapt\u0131\u011f\u0131 bask\u0131nda Arslanhan\u2019\u0131 g\u00f6zalt\u0131na ald\u0131. Emniyete g\u00f6t\u00fcr\u00fclen Derman Arslanhan, ifadesinde, &#8220;K\u0131z karde\u015fimle birlikte g\u00f6r\u00fcnce \u2018Burada ne ar\u0131yorsun\u2019 dedim. Bana b\u0131\u00e7akla sald\u0131rd\u0131. Arbede s\u0131ras\u0131nda yere d\u00fc\u015fen b\u0131\u00e7a\u011f\u0131 al\u0131p, pe\u015finden gittim. Sokaktaki arbedede b\u0131\u00e7aklad\u0131m&#8221; dedi.<\/p>\n<p>\u0130\u015flemlerinin ard\u0131ndan adliyeye sevk edilen Arslanhan, \u00e7\u0131kar\u0131ld\u0131\u011f\u0131 mahkemede tutukland\u0131.<\/p>\n<p>&nbsp;<\/p>\n<p><img decoding=\"async\" src=\"https:\/\/image.hurimg.com\/i\/hurriyet\/90\/770x0\/691c2d2f41322a828b4ce772.jpg\" alt=\"Yasak a\u015fka evde su\u00e7\u00fcst\u00fc yapt\u0131, ka\u00e7an adam\u0131 \u00f6ld\u00fcrd\u00fc | Cinayet an\u0131 kamerada\" \/><\/p>\n<p><strong>OLAY ANI KAMERADA\u00a0<\/strong><\/p>\n<p>Derman Arslanhan&#8217;\u0131n, Baran Bayav\u2019\u0131 sokakta b\u0131\u00e7aklad\u0131\u011f\u0131 anlara ili\u015fkin g\u00fcvenlik kameras\u0131 g\u00f6r\u00fcnt\u00fcleri de ortaya \u00e7\u0131kt\u0131. G\u00f6r\u00fcnt\u00fclerde, yar\u0131 \u00e7\u0131plak halde sokakta ka\u00e7an Bayav\u2019\u0131n yere d\u00fc\u015ft\u00fckten sonra, arkadan gelen Arslanhan&#8217;\u0131n b\u0131\u00e7aklamaya devam etti\u011fi anlar yer ald\u0131.<\/p>\n<p>&nbsp;<\/p>\n<p><img decoding=\"async\" src=\"https:\/\/image.hurimg.com\/i\/hurriyet\/90\/770x0\/691c2d8841322a828b4ce779.jpg\" alt=\"Yasak a\u015fka evde su\u00e7\u00fcst\u00fc yapt\u0131, ka\u00e7an adam\u0131 \u00f6ld\u00fcrd\u00fc | Cinayet an\u0131 kamerada\" \/><\/p>\n<p>&nbsp;<\/p>\n<p>\u015e\u00fcphelinin eve girip bisikletini ald\u0131ktan sonra olay yerinden ka\u00e7arken yerde yatan Bayav&#8217;\u0131 1 kez daha b\u0131\u00e7aklad\u0131\u011f\u0131, 2 kad\u0131n\u0131n ise yaral\u0131ya yard\u0131ma ko\u015ftu\u011fu g\u00f6r\u00fcnt\u00fclerde yer ald\u0131.<\/p>\n<p>&nbsp;<\/p>\n<div class=\"news-fullwith-img\"><img decoding=\"async\" src=\"https:\/\/image.hurimg.com\/i\/hurriyet\/90\/770x0\/691c2d8841322a828b4ce777.jpg\" alt=\"Yasak a\u015fka evde su\u00e7\u00fcst\u00fc yapt\u0131, ka\u00e7an adam\u0131 \u00f6ld\u00fcrd\u00fc | Cinayet an\u0131 kamerada\" \/><\/div>\n","protected":false},"excerpt":{"rendered":"<p>Adana&#8217;da, Derman Arslanhan (24), evde, e\u015fi cezaevinde olan k\u0131z karde\u015fi B.G. ile g\u00f6rd\u00fc\u011f\u00fc Baran Bayav\u2019\u0131 (23), sokakta b\u0131\u00e7aklay\u0131p \u00f6ld\u00fcrd\u00fc. \u0130fadesinde, \u201cBana b\u0131\u00e7akla sald\u0131rd\u0131. Arbede s\u0131ras\u0131nda yere d\u00fc\u015fen b\u0131\u00e7a\u011f\u0131 al\u0131p, pe\u015finden gittim. Sokaktaki arbedede b\u0131\u00e7aklad\u0131m\u201d diyen Arslanhan, tutukland\u0131. Olay, 15 Kas\u0131m\u2019da saat 10.00 s\u0131ralar\u0131nda, Seyhan il\u00e7esi Fevzipa\u015fa Mahallesi\u2019nde meydana geldi. Evine gelen Derman Arslanhan, e\u015fi cezaevinde [&hellip;]<\/p>\n","protected":false},"author":1,"featured_media":3177,"comment_status":"closed","ping_status":"closed","sticky":false,"template":"","format":"standard","meta":{"footnotes":""},"categories":[7,39],"tags":[],"class_list":["post-3176","post","type-post","status-publish","format-standard","has-post-thumbnail","hentry","category-gundem","category-haber"],"_links":{"self":[{"href":"https:\/\/avukatimtv.com\/index.php\/wp-json\/wp\/v2\/posts\/3176","targetHints":{"allow":["GET"]}}],"collection":[{"href":"https:\/\/avukatimtv.com\/index.php\/wp-json\/wp\/v2\/posts"}],"about":[{"href":"https:\/\/avukatimtv.com\/index.php\/wp-json\/wp\/v2\/types\/post"}],"author":[{"embeddable":true,"href":"https:\/\/avukatimtv.com\/index.php\/wp-json\/wp\/v2\/users\/1"}],"replies":[{"embeddable":true,"href":"https:\/\/avukatimtv.com\/index.php\/wp-json\/wp\/v2\/comments?post=3176"}],"version-history":[{"count":1,"href":"https:\/\/avukatimtv.com\/index.php\/wp-json\/wp\/v2\/posts\/3176\/revisions"}],"predecessor-version":[{"id":3178,"href":"https:\/\/avukatimtv.com\/index.php\/wp-json\/wp\/v2\/posts\/3176\/revisions\/3178"}],"wp:featuredmedia":[{"embeddable":true,"href":"https:\/\/avukatimtv.com\/index.php\/wp-json\/wp\/v2\/media\/3177"}],"wp:attachment":[{"href":"https:\/\/avukatimtv.com\/index.php\/wp-json\/wp\/v2\/media?parent=3176"}],"wp:term":[{"taxonomy":"category","embeddable":true,"href":"https:\/\/avukatimtv.com\/index.php\/wp-json\/wp\/v2\/categories?post=3176"},{"taxonomy":"post_tag","embeddable":true,"href":"https:\/\/avukatimtv.com\/index.php\/wp-json\/wp\/v2\/tags?post=3176"}],"curies":[{"name":"wp","href":"https:\/\/api.w.org\/{rel}","templated":true}]}}