{"id":3179,"date":"2025-11-18T19:01:47","date_gmt":"2025-11-18T16:01:47","guid":{"rendered":"https:\/\/avukatimtv.com\/?p=3179"},"modified":"2025-11-18T19:01:47","modified_gmt":"2025-11-18T16:01:47","slug":"istanbulda-bocek-ailesinin-sir-olumu-cinayet-buro-sorusturmasinda-ilk-tespit","status":"publish","type":"post","link":"https:\/\/avukatimtv.com\/index.php\/2025\/11\/18\/istanbulda-bocek-ailesinin-sir-olumu-cinayet-buro-sorusturmasinda-ilk-tespit\/","title":{"rendered":"\u0130stanbul&#8217;da B\u00f6cek ailesinin s\u0131r \u00f6l\u00fcm\u00fc! Cinayet b\u00fcro soru\u015fturmas\u0131nda ilk tespit"},"content":{"rendered":"<div class=\"news-content__inf\">\n<h2>\u0130stanbul Fatih&#8217;te 2&#8217;si \u00e7ocuk 4 ki\u015finin hayat\u0131n\u0131 kaybetti\u011fi olaya ili\u015fkin y\u00fcr\u00fct\u00fclen soru\u015fturmada yeni detaylar ortaya \u00e7\u0131kt\u0131. Cinayet B\u00fcro Amirli\u011fi taraf\u0131ndan yap\u0131lan ara\u015ft\u0131rmada tek bir nokta \u00fczerinde yo\u011funla\u015f\u0131ld\u0131.<\/h2>\n<\/div>\n<div class=\"dailymotionVideo\" data-autoplay=\"scroll\">\n<div id=\"dailymotion_player_x9txqzs_d716\" class=\"dailymotion-player-root dailymotion-player-x8k1t\">\n<p>Fatih&#8217;te bir otelde konaklayan B\u00f6cek ailesi, rahats\u0131zlanarak hastaneye kald\u0131r\u0131lm\u0131\u015ft\u0131. Anne \u00c7i\u011fdem B\u00f6cek, baba Servet B\u00f6cek ve iki \u00e7ocu\u011funun hayat\u0131n\u0131 kaybetti\u011fi olaya ili\u015fkin y\u00fcr\u00fct\u00fclen soru\u015fturmada g\u00f6zalt\u0131na al\u0131nan 11 ki\u015fiden 4&#8217;\u00fc emniyetteki i\u015flemlerin i\u015flemlerinin tamamlanmas\u0131n\u0131n ard\u0131ndan adliyeye sevk edildi.<\/p>\n<p>Lokumcu F.T., midyeci Y.D., kokore\u00e7\u00e7i E.E. ve kafe \u00e7al\u0131\u015fan\u0131 F.M.O.&#8217;nun savc\u0131l\u0131k sorgusu devam ederken di\u011fer 7 \u015f\u00fcphelinin sorgular\u0131n\u0131n Asayi\u015f \u015eube M\u00fcd\u00fcrl\u00fc\u011f\u00fc, Cinayet B\u00fcro Amirli\u011fi&#8217;nde devam etti\u011fi \u00f6\u011frenildi. Halen g\u00f6zalt\u0131nda olan ki\u015filer aras\u0131nda\u00a0otel\u00a0sahibi, \u00e7al\u0131\u015fanlar\u0131, ila\u00e7lama \u015firketi sahibi, o\u011flu ve \u00e7al\u0131\u015fan\u0131 ile ailenin\u00a0po\u011fa\u00e7a\u00a0ald\u0131\u011f\u0131 f\u0131r\u0131n sahibinin oldu\u011fu belirtildi.<\/p>\n<\/div>\n<p><img decoding=\"async\" src=\"https:\/\/image.milimaj.com\/i\/milliyet\/75\/770x0\/691b176b610533a05f3a1425.jpg\" alt=\"Son dakika \u0130stanbulda B\u00f6cek ailesinin s\u0131r \u00f6l\u00fcm\u00fc Cinayet b\u00fcro soru\u015fturmas\u0131nda ilk tespit\" \/><\/p>\n<\/div>\n<p><strong>EN\u0130 DETAYLAR ORTAYA \u00c7IKTI<\/strong><\/p>\n<p>Cinayet B\u00fcro Amirli\u011fi taraf\u0131ndan yap\u0131lan soru\u015fturmada olayla ilgili yeni detaylar ortaya \u00e7\u0131kt\u0131. Ailenin zehirlenmesinden saatler \u00f6nce tahtakurusuyla m\u00fccadele etmek i\u00e7in otelin giri\u015f kat\u0131nda bulunan bir odan\u0131n ila\u00e7land\u0131\u011f\u0131 belirlendi. Kullan\u0131lan ila\u00e7ta bulunan &#8216;al\u00fcminyum fosfit&#8217; i\u00e7eren maddenin, ailenin bulundu\u011fu odaya banyo bo\u015flu\u011fundaki havaland\u0131rmadan ula\u015farak ve odadakileri zehirlemi\u015f olabilece\u011fi ihtimali \u00fczerinde duruluyor.<\/p>\n<p><strong>PANZEH\u0130R\u0130 OLMADI\u011eI BEL\u0130RT\u0130LD\u0130<\/strong><\/p>\n<p>\u00d6zellikle tahtakurusu ve hamam b\u00f6ce\u011fi ila\u00e7lamas\u0131nda kullan\u0131lan &#8216;al\u00fcminyum fosfit&#8217; maddesinin panzehirinin olmad\u0131\u011f\u0131 belirtildi. En \u00e7ok tar\u0131mda ve konutlarda &#8216;pestisit&#8217; ad\u0131yla kullan\u0131lan ilac\u0131n olduk\u00e7a g\u00fc\u00e7l\u00fc bir zehir oldu\u011fu, a\u015f\u0131r\u0131 solunmas\u0131 halinde kolayl\u0131kla \u00f6l\u00fcme sebep olabilece\u011fini ifade edildi. Soru\u015fturma sonucunda \u015f\u00fcpheliler aras\u0131nda bulunan ila\u00e7lama firmas\u0131 \u00e7al\u0131\u015fan\u0131n\u0131n bu konuda hi\u00e7bir sertifikas\u0131n\u0131n bulunmad\u0131\u011f\u0131 tespit edildi.<\/p>\n","protected":false},"excerpt":{"rendered":"<p>\u0130stanbul Fatih&#8217;te 2&#8217;si \u00e7ocuk 4 ki\u015finin hayat\u0131n\u0131 kaybetti\u011fi olaya ili\u015fkin y\u00fcr\u00fct\u00fclen soru\u015fturmada yeni detaylar ortaya \u00e7\u0131kt\u0131. Cinayet B\u00fcro Amirli\u011fi taraf\u0131ndan yap\u0131lan ara\u015ft\u0131rmada tek bir nokta \u00fczerinde yo\u011funla\u015f\u0131ld\u0131. Fatih&#8217;te bir otelde konaklayan B\u00f6cek ailesi, rahats\u0131zlanarak hastaneye kald\u0131r\u0131lm\u0131\u015ft\u0131. Anne \u00c7i\u011fdem B\u00f6cek, baba Servet B\u00f6cek ve iki \u00e7ocu\u011funun hayat\u0131n\u0131 kaybetti\u011fi olaya ili\u015fkin y\u00fcr\u00fct\u00fclen soru\u015fturmada g\u00f6zalt\u0131na al\u0131nan 11 ki\u015fiden [&hellip;]<\/p>\n","protected":false},"author":1,"featured_media":3180,"comment_status":"closed","ping_status":"closed","sticky":false,"template":"","format":"standard","meta":{"footnotes":""},"categories":[7,39],"tags":[67,575,576,573,574],"class_list":["post-3179","post","type-post","status-publish","format-standard","has-post-thumbnail","hentry","category-gundem","category-haber","tag-sorusturma","tag-bocek-ailesi","tag-cinayet-buro","tag-istanbul-fatih","tag-sir-olum"],"_links":{"self":[{"href":"https:\/\/avukatimtv.com\/index.php\/wp-json\/wp\/v2\/posts\/3179","targetHints":{"allow":["GET"]}}],"collection":[{"href":"https:\/\/avukatimtv.com\/index.php\/wp-json\/wp\/v2\/posts"}],"about":[{"href":"https:\/\/avukatimtv.com\/index.php\/wp-json\/wp\/v2\/types\/post"}],"author":[{"embeddable":true,"href":"https:\/\/avukatimtv.com\/index.php\/wp-json\/wp\/v2\/users\/1"}],"replies":[{"embeddable":true,"href":"https:\/\/avukatimtv.com\/index.php\/wp-json\/wp\/v2\/comments?post=3179"}],"version-history":[{"count":1,"href":"https:\/\/avukatimtv.com\/index.php\/wp-json\/wp\/v2\/posts\/3179\/revisions"}],"predecessor-version":[{"id":3181,"href":"https:\/\/avukatimtv.com\/index.php\/wp-json\/wp\/v2\/posts\/3179\/revisions\/3181"}],"wp:featuredmedia":[{"embeddable":true,"href":"https:\/\/avukatimtv.com\/index.php\/wp-json\/wp\/v2\/media\/3180"}],"wp:attachment":[{"href":"https:\/\/avukatimtv.com\/index.php\/wp-json\/wp\/v2\/media?parent=3179"}],"wp:term":[{"taxonomy":"category","embeddable":true,"href":"https:\/\/avukatimtv.com\/index.php\/wp-json\/wp\/v2\/categories?post=3179"},{"taxonomy":"post_tag","embeddable":true,"href":"https:\/\/avukatimtv.com\/index.php\/wp-json\/wp\/v2\/tags?post=3179"}],"curies":[{"name":"wp","href":"https:\/\/api.w.org\/{rel}","templated":true}]}}