{"id":3186,"date":"2025-12-27T19:47:34","date_gmt":"2025-12-27T16:47:34","guid":{"rendered":"https:\/\/avukatimtv.com\/?p=3186"},"modified":"2025-12-27T19:47:34","modified_gmt":"2025-12-27T16:47:34","slug":"kardes-cinayeti-cihan-dogruyol-adliyeye-sevk-edildi","status":"publish","type":"post","link":"https:\/\/avukatimtv.com\/index.php\/2025\/12\/27\/kardes-cinayeti-cihan-dogruyol-adliyeye-sevk-edildi\/","title":{"rendered":"Karde\u015f Cinayeti: Cihan Do\u011fruyol Adliyeye Sevk Edildi"},"content":{"rendered":"<h2 id=\"spot\" class=\"mt10 haber_ozet\">Sivas&#8217;ta Cihan Do\u011fruyol, tart\u0131\u015ft\u0131\u011f\u0131 a\u011fabeyi G\u00f6khan&#8217;\u0131 b\u0131\u00e7aklayarak \u00f6ld\u00fcrd\u00fc, adliyeye sevk edildi.<\/h2>\n<div class=\"news-detail-container\">\n<div class=\"left-block\">\n<div class=\"wrapper detay-v3_3 haber_metni\">\n<p>&nbsp;<\/p>\n<p>&nbsp;<\/p>\n<p>S\u0130VAS&#8217;ta a\u011fabeyi G\u00f6khan Do\u011fruyol&#8217;u (32) b\u0131\u00e7aklayarak \u00f6ld\u00fcren Cihan Do\u011fruyol (31), adliyeye sevk edildi.<\/p>\n<p>Olay, d\u00fcn 23.00 s\u0131ralar\u0131nda G\u00fclyurt Mahallesi \u0130stiklal Caddesi&#8217;ndeki Ba\u015fp\u0131nar Apartman\u0131&#8217;n\u0131n ikinci kat\u0131nda meydana geldi. Ayn\u0131 evde oturan Cihan Do\u011fruyol ile a\u011fabeyi G\u00f6khan Do\u011fruyol aras\u0131nda tart\u0131\u015fma \u00e7\u0131kt\u0131. Ya\u015fanan arbede s\u0131ras\u0131nda Cihan Do\u011fruyol, a\u011fabeyini g\u00f6\u011fs\u00fcnden b\u0131\u00e7aklad\u0131. \u0130hbarla gelen ambulansla Numune Hastanesi&#8217;ne kald\u0131r\u0131lan G\u00f6khan Do\u011fruyol, kurtar\u0131lamad\u0131.<\/p>\n<p>\u0130LK \u0130FADES\u0130 ORTAYA \u00c7IKTI<\/p>\n<p>Olay sonras\u0131 ka\u00e7an Cihan Do\u011fruyol, k\u0131sa s\u00fcre sonra polis ekipleri taraf\u0131ndan tren gar\u0131 civar\u0131nda yakalanarak sorguya al\u0131nd\u0131. Emniyet M\u00fcd\u00fcrl\u00fc\u011f\u00fc&#8217;nde sorgu i\u015flemleri tamamlanan Cihan Do\u011fruyol&#8217;un, ilk ifadesinde; a\u011fabeyi ile s\u00fcrekli ge\u00e7imsizlik ya\u015fad\u0131klar\u0131n\u0131, bu nedenle sinirlenip \u00f6ld\u00fcrd\u00fc\u011f\u00fcn\u00fc s\u00f6yledi\u011fi belirtildi. \u015e\u00fcpheli daha sonra adliyeye sevk edildi. \u015e\u00fcpheli, adliye giri\u015finde cinayetle ilgili sorular\u0131 yan\u0131ts\u0131z b\u0131rakt\u0131.<\/p>\n<p>TOPRA\u011eA VER\u0130LD\u0130<\/p>\n<p>Di\u011fer yandan\u00a0Sivas\u00a0Cumhuriyet \u00dcniversitesi T\u0131p Fak\u00fcltesi Hastanesi morguna kald\u0131r\u0131lan G\u00f6khan Do\u011fruyol&#8217;un cans\u0131z bedeni otopsi i\u015flemlerinin ard\u0131ndan ailesine teslim edildi. G\u00f6khan Do\u011fruyol, cuma namaz\u0131n\u0131n ard\u0131ndan Yukar\u0131 Tekke Mezarl\u0131\u011f\u0131&#8217;nda topra\u011fa verildi.<\/p>\n<\/div>\n<\/div>\n<\/div>\n","protected":false},"excerpt":{"rendered":"<p>Sivas&#8217;ta Cihan Do\u011fruyol, tart\u0131\u015ft\u0131\u011f\u0131 a\u011fabeyi G\u00f6khan&#8217;\u0131 b\u0131\u00e7aklayarak \u00f6ld\u00fcrd\u00fc, adliyeye sevk edildi. &nbsp; &nbsp; S\u0130VAS&#8217;ta a\u011fabeyi G\u00f6khan Do\u011fruyol&#8217;u (32) b\u0131\u00e7aklayarak \u00f6ld\u00fcren Cihan Do\u011fruyol (31), adliyeye sevk edildi. Olay, d\u00fcn 23.00 s\u0131ralar\u0131nda G\u00fclyurt Mahallesi \u0130stiklal Caddesi&#8217;ndeki Ba\u015fp\u0131nar Apartman\u0131&#8217;n\u0131n ikinci kat\u0131nda meydana geldi. Ayn\u0131 evde oturan Cihan Do\u011fruyol ile a\u011fabeyi G\u00f6khan Do\u011fruyol aras\u0131nda tart\u0131\u015fma \u00e7\u0131kt\u0131. Ya\u015fanan arbede s\u0131ras\u0131nda [&hellip;]<\/p>\n","protected":false},"author":1,"featured_media":3187,"comment_status":"closed","ping_status":"closed","sticky":false,"template":"","format":"standard","meta":{"footnotes":""},"categories":[7,39],"tags":[60,71,334,578,331],"class_list":["post-3186","post","type-post","status-publish","format-standard","has-post-thumbnail","hentry","category-gundem","category-haber","tag-cinayet","tag-suc","tag-guncel","tag-sivas","tag-yerel-haberler"],"_links":{"self":[{"href":"https:\/\/avukatimtv.com\/index.php\/wp-json\/wp\/v2\/posts\/3186","targetHints":{"allow":["GET"]}}],"collection":[{"href":"https:\/\/avukatimtv.com\/index.php\/wp-json\/wp\/v2\/posts"}],"about":[{"href":"https:\/\/avukatimtv.com\/index.php\/wp-json\/wp\/v2\/types\/post"}],"author":[{"embeddable":true,"href":"https:\/\/avukatimtv.com\/index.php\/wp-json\/wp\/v2\/users\/1"}],"replies":[{"embeddable":true,"href":"https:\/\/avukatimtv.com\/index.php\/wp-json\/wp\/v2\/comments?post=3186"}],"version-history":[{"count":1,"href":"https:\/\/avukatimtv.com\/index.php\/wp-json\/wp\/v2\/posts\/3186\/revisions"}],"predecessor-version":[{"id":3188,"href":"https:\/\/avukatimtv.com\/index.php\/wp-json\/wp\/v2\/posts\/3186\/revisions\/3188"}],"wp:featuredmedia":[{"embeddable":true,"href":"https:\/\/avukatimtv.com\/index.php\/wp-json\/wp\/v2\/media\/3187"}],"wp:attachment":[{"href":"https:\/\/avukatimtv.com\/index.php\/wp-json\/wp\/v2\/media?parent=3186"}],"wp:term":[{"taxonomy":"category","embeddable":true,"href":"https:\/\/avukatimtv.com\/index.php\/wp-json\/wp\/v2\/categories?post=3186"},{"taxonomy":"post_tag","embeddable":true,"href":"https:\/\/avukatimtv.com\/index.php\/wp-json\/wp\/v2\/tags?post=3186"}],"curies":[{"name":"wp","href":"https:\/\/api.w.org\/{rel}","templated":true}]}}