{"id":3190,"date":"2025-12-27T20:06:11","date_gmt":"2025-12-27T17:06:11","guid":{"rendered":"https:\/\/avukatimtv.com\/?p=3190"},"modified":"2025-12-27T20:06:11","modified_gmt":"2025-12-27T17:06:11","slug":"dizi-setinde-kavga-1-olu","status":"publish","type":"post","link":"https:\/\/avukatimtv.com\/index.php\/2025\/12\/27\/dizi-setinde-kavga-1-olu\/","title":{"rendered":"Dizi Setinde Kavga: 1 \u00d6l\u00fc"},"content":{"rendered":"<h2 id=\"spot\" class=\"mt10 haber_ozet\">Rize&#8217;de dizi setinde \u00e7\u0131kan kavgada Ahmet Emin Yavuk hayat\u0131n\u0131 kaybetti, 4 ki\u015fi g\u00f6zalt\u0131na al\u0131nd\u0131.<\/h2>\n<div class=\"news-detail-container\">\n<div class=\"left-block\">\n<div class=\"wrapper detay-v3_3 haber_metni\">\n<p>Rize&#8217;de \u00e7ekilen dizinin set \u00e7al\u0131\u015fanlar\u0131n\u0131n kar\u0131\u015ft\u0131\u011f\u0131 kavgada 1 ki\u015fi hayat\u0131n\u0131 kaybetti.<\/p>\n<p>Olay, 16 Aral\u0131k 2025 tarihinde Rize merkeze ba\u011fl\u0131 G\u00fcndo\u011fdu Mahallesi&#8217;ndeki bir otelde meydana geldi. \u0130ddiaya g\u00f6re, final yapan bir dizinin set \u00e7al\u0131\u015fanlar\u0131n\u0131n otel odas\u0131nda bulunduklar\u0131 esnada ger\u00e7ekle\u015fen olayda,\u00a0Ahmet Emin\u00a0Yavuk (30) ve odada bulunan 4 ki\u015finin s\u00f6zl\u00fc tart\u0131\u015fmas\u0131 kavgaya d\u00f6n\u00fc\u015ft\u00fc. Yavuk kafas\u0131na ald\u0131\u011f\u0131 darbelerle a\u011f\u0131r yaralanarak hastaneye kald\u0131r\u0131l\u0131rken, odada bulunan 4 ki\u015fi g\u00f6zalt\u0131na al\u0131nd\u0131. Hastaneye kald\u0131r\u0131lan Yavuk kafa travmas\u0131 ge\u00e7irdi\u011fi i\u00e7in ent\u00fcbe edilirken, \u015f\u00fcpheliler ise adliyedeki i\u015flemlerin ard\u0131ndan serbest b\u0131rak\u0131lm\u0131\u015flard\u0131.<\/p>\n<p>Ge\u00e7ti\u011fimiz Per\u015fembe g\u00fcn\u00fc ak\u015fam saatlerinde Ahmet Emin Yavuk&#8217;un hastanede hayat\u0131n\u0131 kaybetmesi \u00fczerine 4 \u015f\u00fcpheli hakk\u0131nda g\u00f6zalt\u0131 karar\u0131 verildi. \u015e\u00fcphelilerden M.G., T.\u015e. ve M.Y. yeniden g\u00f6zalt\u0131na al\u0131nd\u0131. \u015e\u00fcphelilerden T.\u015e. ve M.Y. adli kontrol \u015fart\u0131yla serbest b\u0131rak\u0131l\u0131rken, M.G. tutuklanarak ceza evine g\u00f6nderildi. \u015e\u00fcphelilerden firari olan 4. \u015fah\u0131s hakk\u0131nda ise arama \u00e7al\u0131\u015fmas\u0131 ba\u015flat\u0131ld\u0131.<\/p>\n<p>Olayla ilgili soru\u015fturma devam ediyor. &#8211; R\u0130ZE<\/p>\n<\/div>\n<\/div>\n<\/div>\n","protected":false},"excerpt":{"rendered":"<p>Rize&#8217;de dizi setinde \u00e7\u0131kan kavgada Ahmet Emin Yavuk hayat\u0131n\u0131 kaybetti, 4 ki\u015fi g\u00f6zalt\u0131na al\u0131nd\u0131. Rize&#8217;de \u00e7ekilen dizinin set \u00e7al\u0131\u015fanlar\u0131n\u0131n kar\u0131\u015ft\u0131\u011f\u0131 kavgada 1 ki\u015fi hayat\u0131n\u0131 kaybetti. Olay, 16 Aral\u0131k 2025 tarihinde Rize merkeze ba\u011fl\u0131 G\u00fcndo\u011fdu Mahallesi&#8217;ndeki bir otelde meydana geldi. \u0130ddiaya g\u00f6re, final yapan bir dizinin set \u00e7al\u0131\u015fanlar\u0131n\u0131n otel odas\u0131nda bulunduklar\u0131 esnada ger\u00e7ekle\u015fen olayda,\u00a0Ahmet Emin\u00a0Yavuk (30) [&hellip;]<\/p>\n","protected":false},"author":1,"featured_media":3191,"comment_status":"closed","ping_status":"closed","sticky":false,"template":"","format":"standard","meta":{"footnotes":""},"categories":[7,39],"tags":[60,83,71,579,580,581],"class_list":["post-3190","post","type-post","status-publish","format-standard","has-post-thumbnail","hentry","category-gundem","category-haber","tag-cinayet","tag-kavga","tag-suc","tag-ahmet-emin","tag-dizi","tag-rize"],"_links":{"self":[{"href":"https:\/\/avukatimtv.com\/index.php\/wp-json\/wp\/v2\/posts\/3190","targetHints":{"allow":["GET"]}}],"collection":[{"href":"https:\/\/avukatimtv.com\/index.php\/wp-json\/wp\/v2\/posts"}],"about":[{"href":"https:\/\/avukatimtv.com\/index.php\/wp-json\/wp\/v2\/types\/post"}],"author":[{"embeddable":true,"href":"https:\/\/avukatimtv.com\/index.php\/wp-json\/wp\/v2\/users\/1"}],"replies":[{"embeddable":true,"href":"https:\/\/avukatimtv.com\/index.php\/wp-json\/wp\/v2\/comments?post=3190"}],"version-history":[{"count":1,"href":"https:\/\/avukatimtv.com\/index.php\/wp-json\/wp\/v2\/posts\/3190\/revisions"}],"predecessor-version":[{"id":3192,"href":"https:\/\/avukatimtv.com\/index.php\/wp-json\/wp\/v2\/posts\/3190\/revisions\/3192"}],"wp:featuredmedia":[{"embeddable":true,"href":"https:\/\/avukatimtv.com\/index.php\/wp-json\/wp\/v2\/media\/3191"}],"wp:attachment":[{"href":"https:\/\/avukatimtv.com\/index.php\/wp-json\/wp\/v2\/media?parent=3190"}],"wp:term":[{"taxonomy":"category","embeddable":true,"href":"https:\/\/avukatimtv.com\/index.php\/wp-json\/wp\/v2\/categories?post=3190"},{"taxonomy":"post_tag","embeddable":true,"href":"https:\/\/avukatimtv.com\/index.php\/wp-json\/wp\/v2\/tags?post=3190"}],"curies":[{"name":"wp","href":"https:\/\/api.w.org\/{rel}","templated":true}]}}