{"id":3195,"date":"2026-03-28T17:52:47","date_gmt":"2026-03-28T14:52:47","guid":{"rendered":"https:\/\/avukatimtv.com\/?p=3195"},"modified":"2026-03-28T17:52:47","modified_gmt":"2026-03-28T14:52:47","slug":"istanbul-kagithanede-aracinda-37-kursunla-infaz-edilmisti","status":"publish","type":"post","link":"https:\/\/avukatimtv.com\/index.php\/2026\/03\/28\/istanbul-kagithanede-aracinda-37-kursunla-infaz-edilmisti\/","title":{"rendered":"\u0130stanbul Ka\u011f\u0131thane\u2019de arac\u0131nda 37 kur\u015funla infaz edilmi\u015fti"},"content":{"rendered":"<div class=\"col-sm-12 view20 pagedItems\" data-index=\"1\">\n<div class=\"newsDetailText\">\n<div class=\"newsBox\">\n<p>Edinilen bilgiye g\u00f6re,\u00a0\u0130stanbul\u00a0Emniyet M\u00fcd\u00fcrl\u00fc\u011f\u00fc Organize Su\u00e7larla M\u00fccadele \u015eube M\u00fcd\u00fcrl\u00fc\u011f\u00fc ekipleri,\u00a0\u0130stanbul Cumhuriyet Ba\u015fsavc\u0131l\u0131\u011f\u0131\u00a0taraf\u0131ndan y\u00fcr\u00fct\u00fclen bir soru\u015fturma do\u011frultusunda yeni nesil motosikletli su\u00e7 \u00e7etelerine y\u00f6nelik geni\u015f \u00e7apl\u0131 bir \u00e7al\u0131\u015fma ger\u00e7ekle\u015ftirdi.<\/p>\n<\/div>\n<\/div>\n<\/div>\n<div class=\"col-sm-12 view20 pagedItems\" data-index=\"2\">\n<div class=\"newsDetailText\">\n<div class=\"newsBox\"><img decoding=\"async\" src=\"https:\/\/isbh.tmgrup.com.tr\/sbh\/2026\/03\/27\/son-dakika-istanbul-kagithanede-aracinda-37-kursunla-infaz-edilmisti-burak-tuncel-cinayetinde-carpici-gelisme-1774594009054.jpeg\" \/><\/div>\n<div>\n<div class=\"col-sm-12 view20 pagedItems\" data-index=\"2\">\n<div class=\"newsDetailText\">\n<div class=\"newsBox\">\n<p>\u0130stanbul ba\u015fta olmak \u00fczere \u00fclke genelinde ve uluslararas\u0131 alanda su\u00e7 faaliyetlerinde bulunan, liderli\u011fini hakk\u0131nda k\u0131rm\u0131z\u0131 b\u00fclten karar\u0131 olan ve yurt d\u0131\u015f\u0131nda oldu\u011fu bilinen firari bir \u00e7ete eleba\u015f\u0131 taraf\u0131ndan y\u00f6nlendirilen su\u00e7 a\u011f\u0131n\u0131n,\u00a0Ka\u011f\u0131thane&#8217;de 15 Ocak 2026 tarihinde i\u015flenen &#8220;kasten \u00f6ld\u00fcrme&#8221; su\u00e7una do\u011frudan ya da dolayl\u0131 yoldan kar\u0131\u015ft\u0131klar\u0131 belirtildi.<\/p>\n<\/div>\n<\/div>\n<\/div>\n<div class=\"col-sm-12 view20 pagedItems\" data-index=\"3\">\n<div class=\"newsDetailText\">\n<div class=\"newsBox\"><img decoding=\"async\" src=\"https:\/\/isbh.tmgrup.com.tr\/sbh\/2026\/03\/27\/son-dakika-istanbul-kagithanede-aracinda-37-kursunla-infaz-edilmisti-burak-tuncel-cinayetinde-carpici-gelisme-1774594010082.jpeg\" \/><\/div>\n<div>\n<p>Organize polisi, zanl\u0131lar\u0131n, o tarihte Ka\u011f\u0131thane&#8217;de arac\u0131na binerken bir grup silahl\u0131 sald\u0131rgan\u0131n hedefi olan 25 ya\u015f\u0131ndaki\u00a0Burak Tun\u00e7el\u00a0cinayetinin faillerinin de aralar\u0131nda oldu\u011fu yeni nesil sokak \u00e7etelerinin izini s\u00fcrd\u00fc. Yap\u0131lan teknik ve fiziki takibin sonunda bu sabah \u0130stanbul ve Bursa&#8217;da e\u015f zamanl\u0131 operasyon d\u00fczenlendi.<\/p>\n<p><img decoding=\"async\" src=\"https:\/\/isbh.tmgrup.com.tr\/sbh\/2026\/03\/27\/son-dakika-istanbul-kagithanede-aracinda-37-kursunla-infaz-edilmisti-burak-tuncel-cinayetinde-carpici-gelisme-1774594017900.jpeg\" \/><\/p>\n<div class=\"col-sm-12 view20 pagedItems\" data-index=\"4\">\n<div class=\"newsDetailText\">\n<div class=\"newsBox\">\n<p>Bask\u0131nlarda s\u00f6z konusu \u00e7etenin mensuplar\u0131 olduklar\u0131 iddia edilen 9 \u015f\u00fcpheli yakaland\u0131. Eylemleri, hakk\u0131nda k\u0131rm\u0131z\u0131 b\u00fclten karar\u0131 bulunan ve yurt d\u0131\u015f\u0131nda firari oldu\u011fu bilinen bir \u00e7ete eleba\u015f\u0131ndan talimat ald\u0131klar\u0131 anla\u015f\u0131ld\u0131.<\/p>\n<div data-mbzone=\"Sportrecs\" data-wbzone=\"Sportrecs\" data-norecord=\"\"><\/div>\n<\/div>\n<\/div>\n<\/div>\n<div class=\"col-sm-12 view20 pagedItems\" data-index=\"5\">\n<div class=\"newsDetailText\">\n<div class=\"newsBox\"><\/div>\n<\/div>\n<\/div>\n<div class=\"row\"><\/div>\n<\/div>\n<\/div>\n<\/div>\n<\/div>\n<\/div>\n<\/div>\n","protected":false},"excerpt":{"rendered":"<p>Edinilen bilgiye g\u00f6re,\u00a0\u0130stanbul\u00a0Emniyet M\u00fcd\u00fcrl\u00fc\u011f\u00fc Organize Su\u00e7larla M\u00fccadele \u015eube M\u00fcd\u00fcrl\u00fc\u011f\u00fc ekipleri,\u00a0\u0130stanbul Cumhuriyet Ba\u015fsavc\u0131l\u0131\u011f\u0131\u00a0taraf\u0131ndan y\u00fcr\u00fct\u00fclen bir soru\u015fturma do\u011frultusunda yeni nesil motosikletli su\u00e7 \u00e7etelerine y\u00f6nelik geni\u015f \u00e7apl\u0131 bir \u00e7al\u0131\u015fma ger\u00e7ekle\u015ftirdi. \u0130stanbul ba\u015fta olmak \u00fczere \u00fclke genelinde ve uluslararas\u0131 alanda su\u00e7 faaliyetlerinde bulunan, liderli\u011fini hakk\u0131nda k\u0131rm\u0131z\u0131 b\u00fclten karar\u0131 olan ve yurt d\u0131\u015f\u0131nda oldu\u011fu bilinen firari bir \u00e7ete eleba\u015f\u0131 taraf\u0131ndan [&hellip;]<\/p>\n","protected":false},"author":1,"featured_media":3196,"comment_status":"closed","ping_status":"closed","sticky":false,"template":"","format":"standard","meta":{"footnotes":""},"categories":[7,39],"tags":[],"class_list":["post-3195","post","type-post","status-publish","format-standard","has-post-thumbnail","hentry","category-gundem","category-haber"],"_links":{"self":[{"href":"https:\/\/avukatimtv.com\/index.php\/wp-json\/wp\/v2\/posts\/3195","targetHints":{"allow":["GET"]}}],"collection":[{"href":"https:\/\/avukatimtv.com\/index.php\/wp-json\/wp\/v2\/posts"}],"about":[{"href":"https:\/\/avukatimtv.com\/index.php\/wp-json\/wp\/v2\/types\/post"}],"author":[{"embeddable":true,"href":"https:\/\/avukatimtv.com\/index.php\/wp-json\/wp\/v2\/users\/1"}],"replies":[{"embeddable":true,"href":"https:\/\/avukatimtv.com\/index.php\/wp-json\/wp\/v2\/comments?post=3195"}],"version-history":[{"count":1,"href":"https:\/\/avukatimtv.com\/index.php\/wp-json\/wp\/v2\/posts\/3195\/revisions"}],"predecessor-version":[{"id":3197,"href":"https:\/\/avukatimtv.com\/index.php\/wp-json\/wp\/v2\/posts\/3195\/revisions\/3197"}],"wp:featuredmedia":[{"embeddable":true,"href":"https:\/\/avukatimtv.com\/index.php\/wp-json\/wp\/v2\/media\/3196"}],"wp:attachment":[{"href":"https:\/\/avukatimtv.com\/index.php\/wp-json\/wp\/v2\/media?parent=3195"}],"wp:term":[{"taxonomy":"category","embeddable":true,"href":"https:\/\/avukatimtv.com\/index.php\/wp-json\/wp\/v2\/categories?post=3195"},{"taxonomy":"post_tag","embeddable":true,"href":"https:\/\/avukatimtv.com\/index.php\/wp-json\/wp\/v2\/tags?post=3195"}],"curies":[{"name":"wp","href":"https:\/\/api.w.org\/{rel}","templated":true}]}}