{"id":3198,"date":"2026-03-28T18:35:38","date_gmt":"2026-03-28T15:35:38","guid":{"rendered":"https:\/\/avukatimtv.com\/?p=3198"},"modified":"2026-03-28T18:35:38","modified_gmt":"2026-03-28T15:35:38","slug":"aleyna-kalaycioglunun-cezaevi-sartlarina-iliskin-bassavciliktan-aciklama-geldi","status":"publish","type":"post","link":"https:\/\/avukatimtv.com\/index.php\/2026\/03\/28\/aleyna-kalaycioglunun-cezaevi-sartlarina-iliskin-bassavciliktan-aciklama-geldi\/","title":{"rendered":"Aleyna Kalayc\u0131o\u011flu&#8217;nun cezaevi \u015fartlar\u0131na ili\u015fkin ba\u015fsavc\u0131l\u0131ktan a\u00e7\u0131klama geldi"},"content":{"rendered":"<h2 id=\"spot\" class=\"mt10 haber_ozet\">Futbolcu Kubilay Kaan Kundak\u00e7\u0131 cinayetine ili\u015fkin tutuklanan Aleyna Kalayc\u0131o\u011flu&#8217;nun cezaevindeki g\u00fcnlerinin zor ge\u00e7ti\u011fi, ko\u011fu\u015fta \u00e7ok fazla say\u0131da mahkum oldu\u011fu, s\u00fcrekli kavgalar ya\u015fand\u0131\u011f\u0131 ve d\u00f6n\u00fc\u015f\u00fcml\u00fc yatak kullan\u0131ld\u0131\u011f\u0131na ili\u015fkin \u00e7\u0131kan haberler \u00fczerine Bak\u0131rk\u00f6y Ba\u015fsavc\u0131l\u0131\u011f\u0131 taraf\u0131ndan a\u00e7\u0131klama geldi. Ba\u015fsavc\u0131l\u0131k, s\u00f6z konusu iddialar\u0131 yalanlad\u0131.<\/h2>\n<div class=\"news-detail-container\">\n<div class=\"left-block\">\n<p id=\"tb-inpage-general-desktop\" class=\"d-md-none d-block\">\n<div class=\"wrapper detay-v3_3 haber_metni\">\n<p>\u00dcmraniye&#8217;de silahl\u0131 sald\u0131r\u0131da \u00f6ld\u00fcr\u00fclen futbolcu Kubilay Kaan Kundak\u00e7\u0131 cinayeti soru\u015fturmas\u0131nda tutuklanan Aleyna Kalayc\u0131o\u011flu&#8217;nun cezaevindeki durumu hakk\u0131nda sanal medyadaki iddialarla ilgili Bak\u0131rk\u00f6y Cumhuriyet Ba\u015fsavc\u0131l\u0131\u011f\u0131&#8217;ndan a\u00e7\u0131klama yap\u0131ld\u0131.<\/p>\n<\/div>\n<p><img decoding=\"async\" src=\"https:\/\/foto.sondakika.com\/haber\/2026\/03\/28\/aleyna-kalaycioglunun-cezaevi-19695591-5057_1_m.jpg\" alt=\"Aleyna Kalayc\u0131o\u011flu'nun cezaevi \u015fartlar\u0131na ili\u015fkin ba\u015fsavc\u0131l\u0131ktan a\u00e7\u0131klama geldi\" \/><\/p>\n<h3>\u0130\u015eTE ALEYNA KALAYCIO\u011eLU&#8217;NUN CEZAEV\u0130 \u015eARTLARI<\/h3>\n<p>Bak\u0131rk\u00f6y Cumhuriyet Ba\u015fsavc\u0131l\u0131\u011f\u0131&#8217;ndan yap\u0131lan a\u00e7\u0131klama \u015fu \u015fekilde; &#8220;Baz\u0131 sosyal medya hesaplar\u0131nda, Kubilay Kaan Kundak\u00e7\u0131&#8217;n\u0131n \u00f6ld\u00fcr\u00fclmesi olay\u0131ndan \u00f6t\u00fcr\u00fc tutuklanan ve halen Marmara Kad\u0131n Kapal\u0131 Ceza \u0130nfaz Kurumu&#8217;nda bulunan Aleyna Tutu\u015f Kalayc\u0131o\u011flu&#8217;nun kald\u0131\u011f\u0131 ko\u011fu\u015fta \u00e7ok fazla say\u0131da ki\u015fi oldu\u011fu, s\u00fcrekli kavgalar ya\u015fand\u0131\u011f\u0131, havaland\u0131rma alan\u0131n\u0131n yetersiz oldu\u011fu, yeterli say\u0131da yatak olmad\u0131\u011f\u0131, tutuklunun yemek yiyemedi\u011fi vs. iddialar\u0131n\u0131 i\u00e7erir payla\u015f\u0131mlar yap\u0131ld\u0131\u011f\u0131 g\u00f6r\u00fclm\u00fc\u015ft\u00fcr.<\/p>\n<p>Marmara Kad\u0131n Kapal\u0131 Ceza \u0130nfaz Kurumu&#8217;nda, ad\u0131 ge\u00e7en tutuklunun kald\u0131\u011f\u0131 \u00fcnitede, toplam 32 ki\u015fi kapasiteli 16 oda bulunmakta olup \u00fcniteden toplam 63 ki\u015fi kalmaktad\u0131r. Ad\u0131 ge\u00e7en tutuklunun kald\u0131\u011f\u0131 odada ise 4 ki\u015fi bulunmaktad\u0131r. \u00dcnitenin havaland\u0131rma alan\u0131 162,1 m\u00b2&#8217;dir. T\u00fcm tutuklu ve h\u00fck\u00fcml\u00fclere, kurum giri\u015fi s\u0131ras\u0131nda yatak, nevresim tak\u0131m\u0131, battaniye, hijyen seti, tek kullan\u0131ml\u0131k havlu vb. ihtiya\u00e7lar\u0131 teslim edilmekte olup; kurumda yata\u011f\u0131 olmayan tutuklu ve h\u00fck\u00fcml\u00fc bulunmamaktad\u0131r. Ad\u0131 ge\u00e7en tutuklunun kald\u0131\u011f\u0131 \u00fcnitede kavga ya\u015fand\u0131\u011f\u0131na dair herhangi bir tutanak, s\u00f6zl\u00fc veya yaz\u0131l\u0131 bir \u015fikayet bulunmamaktad\u0131r.<\/p>\n<p>Ad\u0131 ge\u00e7en tutuklunun kuruma kabul\u00fcn\u00fcn yap\u0131ld\u0131\u011f\u0131 24.03.2026 tarihinde psikolog g\u00f6r\u00fc\u015fme yap\u0131lm\u0131\u015f olup; g\u00f6r\u00fc\u015fmeler s\u0131ras\u0131nda olumlu tutum ve davran\u0131\u015f g\u00f6sterdi\u011fi ve herhangi bir \u015fikayet dile getirmedi\u011fi rapor edilmi\u015ftir. Sosyal medya yans\u0131yan iddialar ile ilgili tutuklunun herhangi bir m\u00fcracaat\u0131 bulunmamaktad\u0131r. \u0130zah olunan nedenlerle yap\u0131lan sosyal medya payla\u015f\u0131mlar\u0131 ger\u00e7e\u011fi yans\u0131tmamaktad\u0131r.\u00a0Kamuoyunun bilgisine sayg\u0131yla duyurulur.&#8221;<\/p>\n<p>S\u00f6z konusu haberlerde Kalayc\u0131o\u011flu&#8217;nun 16 ki\u015fi kapasiteli bir ko\u011fu\u015fta 80 ki\u015fi kald\u0131\u011f\u0131, mahkumlar\u0131n d\u00f6n\u00fc\u015f\u00fcml\u00fc olarak yataklarda yatt\u0131\u011f\u0131, ko\u011fu\u015fta s\u0131kl\u0131kla kavgalar \u00e7\u0131kt\u0131\u011f\u0131, avlunun yaln\u0131zca 10 ad\u0131ml\u0131k oldu\u011fu, Kalayc\u0131o\u011flu&#8217;nun yemek yiyemedi\u011fi, s\u00fcrekli uyumak istedi\u011fi ve bu s\u00fcrede 2 kez bay\u0131l\u0131p revire kald\u0131r\u0131ld\u0131\u011f\u0131 iddia edilmi\u015fti.<\/p>\n<p><img decoding=\"async\" src=\"https:\/\/foto.sondakika.com\/haber\/2026\/03\/28\/aleyna-kalaycioglunun-cezaevi-19695591-7327_2_m.jpg\" alt=\"Aleyna Kalayc\u0131o\u011flu'nun cezaevi \u015fartlar\u0131na ili\u015fkin ba\u015fsavc\u0131l\u0131ktan a\u00e7\u0131klama geldi\" \/><\/p>\n<h3 class=\"neolduh3\">NE OLMU\u015eTU?<\/h3>\n<p>Tatl\u0131su Mahallesi S\u0131dd\u0131k Sokak&#8217;ta, 19 Mart&#8217;ta park halindeki ara\u00e7ta arkada\u015f\u0131yla oturan Kundak\u00e7\u0131, olay yerine iki ara\u00e7la gelen \u015f\u00fcphelilerden birinin silahla ate\u015f etmesi sonucu a\u011f\u0131r yaralanm\u0131\u015f, kald\u0131r\u0131ld\u0131\u011f\u0131 hastanede hayat\u0131n\u0131 kaybetmi\u015fti.<\/p>\n<p>\u0130stanbul Emniyet M\u00fcd\u00fcrl\u00fc\u011f\u00fc Asayi\u015f \u015eube M\u00fcd\u00fcrl\u00fc\u011f\u00fc ekiplerince y\u00fcr\u00fct\u00fclen \u00e7al\u0131\u015fmada, olayla ba\u011flant\u0131s\u0131 oldu\u011fu de\u011ferlendirilen \u015fark\u0131c\u0131 Aleyna Kalayc\u0131o\u011flu, silahla ate\u015f etti\u011fi belirlenen Alaattin Kaday\u0131f\u00e7\u0131o\u011flu&#8217;nun da aralar\u0131nda bulundu\u011fu 8 zanl\u0131 yakalanm\u0131\u015ft\u0131.<\/p>\n<p>Cinayet\u00a0B\u00fcro Amirli\u011fi ekiplerince y\u00fcr\u00fct\u00fclen \u00e7al\u0131\u015fmada, sald\u0131r\u0131y\u0131 yapan \u015f\u00fcpheli Alaattin Kaday\u0131f\u00e7\u0131o\u011flu&#8217;nun babas\u0131 B.K. ile \u015fark\u0131c\u0131 \u0130zzet Y\u0131ld\u0131zhan da g\u00f6zalt\u0131na al\u0131nm\u0131\u015ft\u0131.<\/p>\n<p>\u015e\u00fcpheliler \u0130stanbul Asayi\u015f \u015eube M\u00fcd\u00fcrl\u00fc\u011f\u00fc&#8217;ndeki i\u015flemlerinin tamamlanmas\u0131n\u0131n ard\u0131ndan adliyeye sevk edilmi\u015fti.<\/p>\n<p>Adliyede savc\u0131l\u0131\u011fa \u00e7\u0131kar\u0131lan \u015f\u00fcphelilerden B.K. ifade i\u015flemlerinin ard\u0131ndan serbest b\u0131rak\u0131lm\u0131\u015f, Aleyna Kalayc\u0131o\u011flu, \u0130zzet Y\u0131ld\u0131zhan ile Alaattin Kaday\u0131f\u00e7\u0131o\u011flu, M.R, H.C.A, M.K. ve E.T. ise tutuklamalar\u0131 talebiyle sulh ceza hakimli\u011fine sevk edilmi\u015fti<\/p>\n<p>Di\u011fer \u015f\u00fcpheliler A.\u00d6. ve Z.K. ise ifadelerinin ard\u0131ndan sevk edildikleri sulh ceza hakimli\u011fince adli kontrol h\u00fck\u00fcmleri uygulanarak serbest b\u0131rak\u0131lm\u0131\u015ft\u0131.<\/p>\n<p>Hakimlik, \u015f\u00fcpheliler Alaattin Kaday\u0131f\u00e7\u0131o\u011flu, Aleyna Kalayc\u0131o\u011flu, \u0130zzet Y\u0131ld\u0131zhan, M.R, H.C.A, M.K. ve E.T&#8217;nin tutuklanmas\u0131na karar vermi\u015fti.<\/p>\n<\/div>\n<\/div>\n","protected":false},"excerpt":{"rendered":"<p>Futbolcu Kubilay Kaan Kundak\u00e7\u0131 cinayetine ili\u015fkin tutuklanan Aleyna Kalayc\u0131o\u011flu&#8217;nun cezaevindeki g\u00fcnlerinin zor ge\u00e7ti\u011fi, ko\u011fu\u015fta \u00e7ok fazla say\u0131da mahkum oldu\u011fu, s\u00fcrekli kavgalar ya\u015fand\u0131\u011f\u0131 ve d\u00f6n\u00fc\u015f\u00fcml\u00fc yatak kullan\u0131ld\u0131\u011f\u0131na ili\u015fkin \u00e7\u0131kan haberler \u00fczerine Bak\u0131rk\u00f6y Ba\u015fsavc\u0131l\u0131\u011f\u0131 taraf\u0131ndan a\u00e7\u0131klama geldi. Ba\u015fsavc\u0131l\u0131k, s\u00f6z konusu iddialar\u0131 yalanlad\u0131. \u00dcmraniye&#8217;de silahl\u0131 sald\u0131r\u0131da \u00f6ld\u00fcr\u00fclen futbolcu Kubilay Kaan Kundak\u00e7\u0131 cinayeti soru\u015fturmas\u0131nda tutuklanan Aleyna Kalayc\u0131o\u011flu&#8217;nun cezaevindeki durumu [&hellip;]<\/p>\n","protected":false},"author":1,"featured_media":3199,"comment_status":"closed","ping_status":"closed","sticky":false,"template":"","format":"standard","meta":{"footnotes":""},"categories":[7,39],"tags":[],"class_list":["post-3198","post","type-post","status-publish","format-standard","has-post-thumbnail","hentry","category-gundem","category-haber"],"_links":{"self":[{"href":"https:\/\/avukatimtv.com\/index.php\/wp-json\/wp\/v2\/posts\/3198","targetHints":{"allow":["GET"]}}],"collection":[{"href":"https:\/\/avukatimtv.com\/index.php\/wp-json\/wp\/v2\/posts"}],"about":[{"href":"https:\/\/avukatimtv.com\/index.php\/wp-json\/wp\/v2\/types\/post"}],"author":[{"embeddable":true,"href":"https:\/\/avukatimtv.com\/index.php\/wp-json\/wp\/v2\/users\/1"}],"replies":[{"embeddable":true,"href":"https:\/\/avukatimtv.com\/index.php\/wp-json\/wp\/v2\/comments?post=3198"}],"version-history":[{"count":1,"href":"https:\/\/avukatimtv.com\/index.php\/wp-json\/wp\/v2\/posts\/3198\/revisions"}],"predecessor-version":[{"id":3200,"href":"https:\/\/avukatimtv.com\/index.php\/wp-json\/wp\/v2\/posts\/3198\/revisions\/3200"}],"wp:featuredmedia":[{"embeddable":true,"href":"https:\/\/avukatimtv.com\/index.php\/wp-json\/wp\/v2\/media\/3199"}],"wp:attachment":[{"href":"https:\/\/avukatimtv.com\/index.php\/wp-json\/wp\/v2\/media?parent=3198"}],"wp:term":[{"taxonomy":"category","embeddable":true,"href":"https:\/\/avukatimtv.com\/index.php\/wp-json\/wp\/v2\/categories?post=3198"},{"taxonomy":"post_tag","embeddable":true,"href":"https:\/\/avukatimtv.com\/index.php\/wp-json\/wp\/v2\/tags?post=3198"}],"curies":[{"name":"wp","href":"https:\/\/api.w.org\/{rel}","templated":true}]}}